{"id":1753,"date":"2025-04-19T10:19:10","date_gmt":"2025-04-19T10:19:10","guid":{"rendered":"https:\/\/balidecor.net\/?p=1753"},"modified":"2026-01-23T10:19:04","modified_gmt":"2026-01-23T07:19:04","slug":"turkiyede-rattanin-yukselisidogalligin-yeni-trendi","status":"publish","type":"post","link":"https:\/\/balidecor.net\/en\/rattan-dekorasyon\/turkiyede-rattanin-yukselisidogalligin-yeni-trendi\/","title":{"rendered":"T\u00fcrkiye`de Rattan\u0131n Y\u00fckseli\u015fi:Do\u011fall\u0131\u011f\u0131n Yeni Trendi"},"content":{"rendered":"<p>Son y\u0131llarda T\u00fcrkiye\u2019de do\u011fal malzemelere olan ilgi artm\u0131\u015f durumda. Rattan, bu do\u011fal trendin en g\u00f6zde malzemelerinden biri haline geldi. Hem estetik hem de \u00e7evre dostu olmas\u0131, rattan\u0131 evlerimizin salonlar\u0131ndan bah\u00e7elerine kadar pek \u00e7ok alanda vazge\u00e7ilmez k\u0131l\u0131yor. T\u00fcrkiye, bu t\u00fcr do\u011fal \u00fcr\u00fcnlerin ithalat\u0131nda \u00f6nemli bir yere sahipken, ayn\u0131 zamanda farkl\u0131 malzemelerle yap\u0131lan mobilyalarda ihracatta da iddial\u0131 bir \u00fclke konumunda.<\/p>\r\n\r\n\r\n\r\n<p>Bu ba\u011flamda, Bali Adas\u0131\u2019ndan ithal edilen rattan \u00fcr\u00fcnler de dekorasyonda kendine sa\u011flam bir yer ediniyor. Bu trendin y\u00fckseli\u015finde Vakko Home, Yarg\u0131c\u0131 Home, Chakra ve Mudo Concept ve <a href=\"http:\/\/www.balidecor.net\">Bali Decor <\/a>gibi \u00f6nde gelen markalar\u0131n da katk\u0131s\u0131 b\u00fcy\u00fck. Bu firmalar, rattan ve bambu gibi do\u011fal malzemeleri ithal ederek, T\u00fcrkiye\u2019deki dekorasyon trendlerine y\u00f6n veriyor.<\/p>\r\n\r\n\r\n\r\n<p>Bali\u2019den Gelen Do\u011fal Rattan Vazo<\/p>\r\n\r\n\r\n\r\n<p>Bu trendin en g\u00fczel \u00f6rneklerinden biri, Bali Adas\u0131\u2019ndan ithal edilen do\u011fal rattan vazolar <a href=\"https:\/\/ty.gl\/wtyp79i520qii\">Bali Decor<\/a>,bu Rattan vazolar do\u011fall\u0131\u011f\u0131 ile dikkat \u00e7ekici,hem yapay bitkilerin kullan\u0131m\u0131nda hemde i\u00e7erisine yerle\u015ftirilen ya\u015fayan bitki saks\u0131lar\u0131na ev sahipli\u011fi yapmas\u0131 ile \u00e7ok y\u00f6nl\u00fc kullan\u0131labiliyor.Bu rattan uzun 60 cm y\u00fcksekli\u011fi ve 14 cm a\u011f\u0131z geni\u015fli\u011fine sahip vazomuz Bali Decor ma\u011fazam\u0131zda dikkat \u00e7ekici bir fiyata sahip <a href=\"https:\/\/ty.gl\/wtyp79i520qii\">Bali Decor<\/a> ,Tamamen do\u011fal malzemeden \u00fcretilmi\u015f olup, hem i\u00e7 hem de d\u0131\u015f mek\u00e2nlarda rahatl\u0131kla kullan\u0131labiliyor. Do\u011fal tasar\u0131m\u0131yla her ortama uyum sa\u011flayan bu vazo, i\u00e7 mek\u00e2nlarda yapay veya do\u011fal bitkilerle kullan\u0131labilece\u011fi gibi, bah\u00e7e ve balkonlarda da \u015f\u0131kl\u0131k kat\u0131yor.<\/p>\r\n\r\n\r\n\r\n<p>Rattan malzemeler hem i\u00e7 hem d\u0131\u015f mekanlarda uzun y\u0131llar rahatl\u0131kla kullanabilece\u011fimiz do\u011fal ve sa\u011flam malzemelerdir.D\u0131\u015f mekanlarda k\u0131\u015f ay\u0131 boyunca \u00fczeri bir plastik koruyucu ile kaplan\u0131p saklanabilir.Do\u011fal rattan mobilyalar\u0131n\u0131z do\u011fal temizliyiciler bir f\u0131r\u00e7a arac\u0131l\u0131\u011f\u0131 ile f\u0131r\u00e7alay\u0131p nemli bir bezle silmemiz yeterli olacakt\u0131r.<a href=\"http:\/\/balii decor insagram\">Bali Decor<\/a><\/p>\r\n\r\n\r\n\r\n<p>&nbsp;<\/p>","protected":false},"excerpt":{"rendered":"<p>Son y\u0131llarda T\u00fcrkiye\u2019de do\u011fal malzemelere olan ilgi artm\u0131\u015f durumda. Rattan, bu do\u011fal trendin en g\u00f6zde malzemelerinden biri haline geldi. Hem estetik hem de \u00e7evre dostu olmas\u0131, rattan\u0131 evlerimizin salonlar\u0131ndan bah\u00e7elerine kadar pek \u00e7ok alanda vazge\u00e7ilmez k\u0131l\u0131yor. T\u00fcrkiye, bu t\u00fcr do\u011fal \u00fcr\u00fcnlerin ithalat\u0131nda \u00f6nemli bir yere sahipken, ayn\u0131 zamanda farkl\u0131 malzemelerle yap\u0131lan mobilyalarda ihracatta da iddial\u0131 [&hellip;]<\/p>","protected":false},"author":6,"featured_media":2474,"comment_status":"open","ping_status":"open","sticky":false,"template":"","format":"standard","meta":{"_monsterinsights_skip_tracking":false,"_monsterinsights_sitenote_active":false,"_monsterinsights_sitenote_note":"","_monsterinsights_sitenote_category":0,"footnotes":""},"categories":[369],"tags":[],"class_list":["post-1753","post","type-post","status-publish","format-standard","has-post-thumbnail","hentry","category-rattan-dekorasyon"],"yoast_head":"<!-- This site is optimized with the Yoast SEO plugin v26.7 - https:\/\/yoast.com\/wordpress\/plugins\/seo\/ -->\n<title>T\u00fcrkiye`de Rattan\u0131n Y\u00fckseli\u015fi:Do\u011fall\u0131\u011f\u0131n Yeni Trendi - Bali Decor<\/title>\n<meta name=\"description\" content=\"Rattan, bu do\u011fal trendin en g\u00f6zde malzemelerinden biri haline geldi.\" \/>\n<meta name=\"robots\" content=\"index, follow, max-snippet:-1, max-image-preview:large, max-video-preview:-1\" \/>\n<link rel=\"canonical\" href=\"https:\/\/balidecor.net\/en\/rattan-dekorasyon\/turkiyede-rattanin-yukselisidogalligin-yeni-trendi\/\" \/>\n<meta property=\"og:locale\" content=\"en_US\" \/>\n<meta property=\"og:type\" content=\"article\" \/>\n<meta property=\"og:title\" content=\"T\u00fcrkiye`de Rattan\u0131n Y\u00fckseli\u015fi:Do\u011fall\u0131\u011f\u0131n Yeni Trendi - Bali Decor\" \/>\n<meta property=\"og:description\" content=\"Rattan, bu do\u011fal trendin en g\u00f6zde malzemelerinden biri haline geldi.\" \/>\n<meta property=\"og:url\" content=\"https:\/\/balidecor.net\/en\/rattan-dekorasyon\/turkiyede-rattanin-yukselisidogalligin-yeni-trendi\/\" \/>\n<meta property=\"og:site_name\" content=\"Bali Decor\" \/>\n<meta property=\"article:published_time\" content=\"2025-04-19T10:19:10+00:00\" \/>\n<meta property=\"article:modified_time\" content=\"2026-01-23T07:19:04+00:00\" \/>\n<meta property=\"og:image\" content=\"https:\/\/balidecor.net\/wp-content\/uploads\/2025\/12\/IMG_3923.jpg\" \/>\n\t<meta property=\"og:image:width\" content=\"1792\" \/>\n\t<meta property=\"og:image:height\" content=\"2400\" \/>\n\t<meta property=\"og:image:type\" content=\"image\/jpeg\" \/>\n<meta name=\"author\" content=\"Verda\" \/>\n<meta name=\"twitter:card\" content=\"summary_large_image\" \/>\n<meta name=\"twitter:label1\" content=\"Written by\" \/>\n\t<meta name=\"twitter:data1\" content=\"Verda\" \/>\n\t<meta name=\"twitter:label2\" content=\"Est. reading time\" \/>\n\t<meta name=\"twitter:data2\" content=\"2 minutes\" \/>\n<script type=\"application\/ld+json\" class=\"yoast-schema-graph\">{\"@context\":\"https:\/\/schema.org\",\"@graph\":[{\"@type\":\"Article\",\"@id\":\"https:\/\/balidecor.net\/rattan-dekorasyon\/turkiyede-rattanin-yukselisidogalligin-yeni-trendi\/#article\",\"isPartOf\":{\"@id\":\"https:\/\/balidecor.net\/rattan-dekorasyon\/turkiyede-rattanin-yukselisidogalligin-yeni-trendi\/\"},\"author\":{\"name\":\"Verda\",\"@id\":\"https:\/\/balidecor.net\/#\/schema\/person\/5894ed19f8915a9018748da97b30cbd0\"},\"headline\":\"T\u00fcrkiye`de Rattan\u0131n Y\u00fckseli\u015fi:Do\u011fall\u0131\u011f\u0131n Yeni Trendi\",\"datePublished\":\"2025-04-19T10:19:10+00:00\",\"dateModified\":\"2026-01-23T07:19:04+00:00\",\"mainEntityOfPage\":{\"@id\":\"https:\/\/balidecor.net\/rattan-dekorasyon\/turkiyede-rattanin-yukselisidogalligin-yeni-trendi\/\"},\"wordCount\":355,\"commentCount\":0,\"publisher\":{\"@id\":\"https:\/\/balidecor.net\/#organization\"},\"image\":{\"@id\":\"https:\/\/balidecor.net\/rattan-dekorasyon\/turkiyede-rattanin-yukselisidogalligin-yeni-trendi\/#primaryimage\"},\"thumbnailUrl\":\"https:\/\/balidecor.net\/wp-content\/uploads\/2025\/12\/IMG_3923.jpg\",\"articleSection\":[\"Rattan\"],\"inLanguage\":\"en-US\",\"potentialAction\":[{\"@type\":\"CommentAction\",\"name\":\"Comment\",\"target\":[\"https:\/\/balidecor.net\/rattan-dekorasyon\/turkiyede-rattanin-yukselisidogalligin-yeni-trendi\/#respond\"]}]},{\"@type\":\"WebPage\",\"@id\":\"https:\/\/balidecor.net\/rattan-dekorasyon\/turkiyede-rattanin-yukselisidogalligin-yeni-trendi\/\",\"url\":\"https:\/\/balidecor.net\/rattan-dekorasyon\/turkiyede-rattanin-yukselisidogalligin-yeni-trendi\/\",\"name\":\"T\u00fcrkiye`de Rattan\u0131n Y\u00fckseli\u015fi:Do\u011fall\u0131\u011f\u0131n Yeni Trendi - Bali Decor\",\"isPartOf\":{\"@id\":\"https:\/\/balidecor.net\/#website\"},\"primaryImageOfPage\":{\"@id\":\"https:\/\/balidecor.net\/rattan-dekorasyon\/turkiyede-rattanin-yukselisidogalligin-yeni-trendi\/#primaryimage\"},\"image\":{\"@id\":\"https:\/\/balidecor.net\/rattan-dekorasyon\/turkiyede-rattanin-yukselisidogalligin-yeni-trendi\/#primaryimage\"},\"thumbnailUrl\":\"https:\/\/balidecor.net\/wp-content\/uploads\/2025\/12\/IMG_3923.jpg\",\"datePublished\":\"2025-04-19T10:19:10+00:00\",\"dateModified\":\"2026-01-23T07:19:04+00:00\",\"description\":\"Rattan, bu do\u011fal trendin en g\u00f6zde malzemelerinden biri haline geldi.\",\"breadcrumb\":{\"@id\":\"https:\/\/balidecor.net\/rattan-dekorasyon\/turkiyede-rattanin-yukselisidogalligin-yeni-trendi\/#breadcrumb\"},\"inLanguage\":\"en-US\",\"potentialAction\":[{\"@type\":\"ReadAction\",\"target\":[\"https:\/\/balidecor.net\/rattan-dekorasyon\/turkiyede-rattanin-yukselisidogalligin-yeni-trendi\/\"]}]},{\"@type\":\"ImageObject\",\"inLanguage\":\"en-US\",\"@id\":\"https:\/\/balidecor.net\/rattan-dekorasyon\/turkiyede-rattanin-yukselisidogalligin-yeni-trendi\/#primaryimage\",\"url\":\"https:\/\/balidecor.net\/wp-content\/uploads\/2025\/12\/IMG_3923.jpg\",\"contentUrl\":\"https:\/\/balidecor.net\/wp-content\/uploads\/2025\/12\/IMG_3923.jpg\",\"width\":1792,\"height\":2400,\"caption\":\"S\u0131rt ve oturma minderiyle birlikte, el i\u015f\u00e7ili\u011fi rattan tekli koltuk\"},{\"@type\":\"BreadcrumbList\",\"@id\":\"https:\/\/balidecor.net\/rattan-dekorasyon\/turkiyede-rattanin-yukselisidogalligin-yeni-trendi\/#breadcrumb\",\"itemListElement\":[{\"@type\":\"ListItem\",\"position\":1,\"name\":\"Ev\",\"item\":\"https:\/\/balidecor.net\/\"},{\"@type\":\"ListItem\",\"position\":2,\"name\":\"Rattan\",\"item\":\"https:\/\/balidecor.net\/blog\/rattan-dekorasyon\/\"},{\"@type\":\"ListItem\",\"position\":3,\"name\":\"T\u00fcrkiye`de Rattan\u0131n Y\u00fckseli\u015fi:Do\u011fall\u0131\u011f\u0131n Yeni Trendi\"}]},{\"@type\":\"WebSite\",\"@id\":\"https:\/\/balidecor.net\/#website\",\"url\":\"https:\/\/balidecor.net\/\",\"name\":\"Bali Decor\",\"description\":\"\",\"publisher\":{\"@id\":\"https:\/\/balidecor.net\/#organization\"},\"potentialAction\":[{\"@type\":\"SearchAction\",\"target\":{\"@type\":\"EntryPoint\",\"urlTemplate\":\"https:\/\/balidecor.net\/?s={search_term_string}\"},\"query-input\":{\"@type\":\"PropertyValueSpecification\",\"valueRequired\":true,\"valueName\":\"search_term_string\"}}],\"inLanguage\":\"en-US\"},{\"@type\":\"Organization\",\"@id\":\"https:\/\/balidecor.net\/#organization\",\"name\":\"Bali Decor\",\"url\":\"https:\/\/balidecor.net\/\",\"logo\":{\"@type\":\"ImageObject\",\"inLanguage\":\"en-US\",\"@id\":\"https:\/\/balidecor.net\/#\/schema\/logo\/image\/\",\"url\":\"https:\/\/balidecor.net\/wp-content\/uploads\/2024\/02\/cropped-cropped-cropped-Rectangle-3-1-1-2.png\",\"contentUrl\":\"https:\/\/balidecor.net\/wp-content\/uploads\/2024\/02\/cropped-cropped-cropped-Rectangle-3-1-1-2.png\",\"width\":149,\"height\":109,\"caption\":\"Bali Decor\"},\"image\":{\"@id\":\"https:\/\/balidecor.net\/#\/schema\/logo\/image\/\"},\"sameAs\":[\"https:\/\/www.instagram.com\/baliidecor\"]},{\"@type\":\"Person\",\"@id\":\"https:\/\/balidecor.net\/#\/schema\/person\/5894ed19f8915a9018748da97b30cbd0\",\"name\":\"Verda\",\"image\":{\"@type\":\"ImageObject\",\"inLanguage\":\"en-US\",\"@id\":\"https:\/\/balidecor.net\/#\/schema\/person\/image\/\",\"url\":\"https:\/\/secure.gravatar.com\/avatar\/c0551e5cc12c483aae0da052cda1e3829236976522aba16a17de9b2ebf4324eb?s=96&d=mm&r=g\",\"contentUrl\":\"https:\/\/secure.gravatar.com\/avatar\/c0551e5cc12c483aae0da052cda1e3829236976522aba16a17de9b2ebf4324eb?s=96&d=mm&r=g\",\"caption\":\"Verda\"},\"url\":\"https:\/\/balidecor.net\/en\/author\/verda\/\"}]}<\/script>\n<!-- \/ Yoast SEO plugin. -->","yoast_head_json":{"title":"T\u00fcrkiye`de Rattan\u0131n Y\u00fckseli\u015fi:Do\u011fall\u0131\u011f\u0131n Yeni Trendi - Bali Decor","description":"Rattan, bu do\u011fal trendin en g\u00f6zde malzemelerinden biri haline geldi.","robots":{"index":"index","follow":"follow","max-snippet":"max-snippet:-1","max-image-preview":"max-image-preview:large","max-video-preview":"max-video-preview:-1"},"canonical":"https:\/\/balidecor.net\/en\/rattan-dekorasyon\/turkiyede-rattanin-yukselisidogalligin-yeni-trendi\/","og_locale":"en_US","og_type":"article","og_title":"T\u00fcrkiye`de Rattan\u0131n Y\u00fckseli\u015fi:Do\u011fall\u0131\u011f\u0131n Yeni Trendi - Bali Decor","og_description":"Rattan, bu do\u011fal trendin en g\u00f6zde malzemelerinden biri haline geldi.","og_url":"https:\/\/balidecor.net\/en\/rattan-dekorasyon\/turkiyede-rattanin-yukselisidogalligin-yeni-trendi\/","og_site_name":"Bali Decor","article_published_time":"2025-04-19T10:19:10+00:00","article_modified_time":"2026-01-23T07:19:04+00:00","og_image":[{"width":1792,"height":2400,"url":"https:\/\/balidecor.net\/wp-content\/uploads\/2025\/12\/IMG_3923.jpg","type":"image\/jpeg"}],"author":"Verda","twitter_card":"summary_large_image","twitter_misc":{"Written by":"Verda","Est. reading time":"2 minutes"},"schema":{"@context":"https:\/\/schema.org","@graph":[{"@type":"Article","@id":"https:\/\/balidecor.net\/rattan-dekorasyon\/turkiyede-rattanin-yukselisidogalligin-yeni-trendi\/#article","isPartOf":{"@id":"https:\/\/balidecor.net\/rattan-dekorasyon\/turkiyede-rattanin-yukselisidogalligin-yeni-trendi\/"},"author":{"name":"Verda","@id":"https:\/\/balidecor.net\/#\/schema\/person\/5894ed19f8915a9018748da97b30cbd0"},"headline":"T\u00fcrkiye`de Rattan\u0131n Y\u00fckseli\u015fi:Do\u011fall\u0131\u011f\u0131n Yeni Trendi","datePublished":"2025-04-19T10:19:10+00:00","dateModified":"2026-01-23T07:19:04+00:00","mainEntityOfPage":{"@id":"https:\/\/balidecor.net\/rattan-dekorasyon\/turkiyede-rattanin-yukselisidogalligin-yeni-trendi\/"},"wordCount":355,"commentCount":0,"publisher":{"@id":"https:\/\/balidecor.net\/#organization"},"image":{"@id":"https:\/\/balidecor.net\/rattan-dekorasyon\/turkiyede-rattanin-yukselisidogalligin-yeni-trendi\/#primaryimage"},"thumbnailUrl":"https:\/\/balidecor.net\/wp-content\/uploads\/2025\/12\/IMG_3923.jpg","articleSection":["Rattan"],"inLanguage":"en-US","potentialAction":[{"@type":"CommentAction","name":"Comment","target":["https:\/\/balidecor.net\/rattan-dekorasyon\/turkiyede-rattanin-yukselisidogalligin-yeni-trendi\/#respond"]}]},{"@type":"WebPage","@id":"https:\/\/balidecor.net\/rattan-dekorasyon\/turkiyede-rattanin-yukselisidogalligin-yeni-trendi\/","url":"https:\/\/balidecor.net\/rattan-dekorasyon\/turkiyede-rattanin-yukselisidogalligin-yeni-trendi\/","name":"T\u00fcrkiye`de Rattan\u0131n Y\u00fckseli\u015fi:Do\u011fall\u0131\u011f\u0131n Yeni Trendi - Bali Decor","isPartOf":{"@id":"https:\/\/balidecor.net\/#website"},"primaryImageOfPage":{"@id":"https:\/\/balidecor.net\/rattan-dekorasyon\/turkiyede-rattanin-yukselisidogalligin-yeni-trendi\/#primaryimage"},"image":{"@id":"https:\/\/balidecor.net\/rattan-dekorasyon\/turkiyede-rattanin-yukselisidogalligin-yeni-trendi\/#primaryimage"},"thumbnailUrl":"https:\/\/balidecor.net\/wp-content\/uploads\/2025\/12\/IMG_3923.jpg","datePublished":"2025-04-19T10:19:10+00:00","dateModified":"2026-01-23T07:19:04+00:00","description":"Rattan, bu do\u011fal trendin en g\u00f6zde malzemelerinden biri haline geldi.","breadcrumb":{"@id":"https:\/\/balidecor.net\/rattan-dekorasyon\/turkiyede-rattanin-yukselisidogalligin-yeni-trendi\/#breadcrumb"},"inLanguage":"en-US","potentialAction":[{"@type":"ReadAction","target":["https:\/\/balidecor.net\/rattan-dekorasyon\/turkiyede-rattanin-yukselisidogalligin-yeni-trendi\/"]}]},{"@type":"ImageObject","inLanguage":"en-US","@id":"https:\/\/balidecor.net\/rattan-dekorasyon\/turkiyede-rattanin-yukselisidogalligin-yeni-trendi\/#primaryimage","url":"https:\/\/balidecor.net\/wp-content\/uploads\/2025\/12\/IMG_3923.jpg","contentUrl":"https:\/\/balidecor.net\/wp-content\/uploads\/2025\/12\/IMG_3923.jpg","width":1792,"height":2400,"caption":"S\u0131rt ve oturma minderiyle birlikte, el i\u015f\u00e7ili\u011fi rattan tekli koltuk"},{"@type":"BreadcrumbList","@id":"https:\/\/balidecor.net\/rattan-dekorasyon\/turkiyede-rattanin-yukselisidogalligin-yeni-trendi\/#breadcrumb","itemListElement":[{"@type":"ListItem","position":1,"name":"Ev","item":"https:\/\/balidecor.net\/"},{"@type":"ListItem","position":2,"name":"Rattan","item":"https:\/\/balidecor.net\/blog\/rattan-dekorasyon\/"},{"@type":"ListItem","position":3,"name":"T\u00fcrkiye`de Rattan\u0131n Y\u00fckseli\u015fi:Do\u011fall\u0131\u011f\u0131n Yeni Trendi"}]},{"@type":"WebSite","@id":"https:\/\/balidecor.net\/#website","url":"https:\/\/balidecor.net\/","name":"Bali Decor","description":"","publisher":{"@id":"https:\/\/balidecor.net\/#organization"},"potentialAction":[{"@type":"SearchAction","target":{"@type":"EntryPoint","urlTemplate":"https:\/\/balidecor.net\/?s={search_term_string}"},"query-input":{"@type":"PropertyValueSpecification","valueRequired":true,"valueName":"search_term_string"}}],"inLanguage":"en-US"},{"@type":"Organization","@id":"https:\/\/balidecor.net\/#organization","name":"Bali Decor","url":"https:\/\/balidecor.net\/","logo":{"@type":"ImageObject","inLanguage":"en-US","@id":"https:\/\/balidecor.net\/#\/schema\/logo\/image\/","url":"https:\/\/balidecor.net\/wp-content\/uploads\/2024\/02\/cropped-cropped-cropped-Rectangle-3-1-1-2.png","contentUrl":"https:\/\/balidecor.net\/wp-content\/uploads\/2024\/02\/cropped-cropped-cropped-Rectangle-3-1-1-2.png","width":149,"height":109,"caption":"Bali Decor"},"image":{"@id":"https:\/\/balidecor.net\/#\/schema\/logo\/image\/"},"sameAs":["https:\/\/www.instagram.com\/baliidecor"]},{"@type":"Person","@id":"https:\/\/balidecor.net\/#\/schema\/person\/5894ed19f8915a9018748da97b30cbd0","name":"Verda","image":{"@type":"ImageObject","inLanguage":"en-US","@id":"https:\/\/balidecor.net\/#\/schema\/person\/image\/","url":"https:\/\/secure.gravatar.com\/avatar\/c0551e5cc12c483aae0da052cda1e3829236976522aba16a17de9b2ebf4324eb?s=96&d=mm&r=g","contentUrl":"https:\/\/secure.gravatar.com\/avatar\/c0551e5cc12c483aae0da052cda1e3829236976522aba16a17de9b2ebf4324eb?s=96&d=mm&r=g","caption":"Verda"},"url":"https:\/\/balidecor.net\/en\/author\/verda\/"}]}},"_links":{"self":[{"href":"https:\/\/balidecor.net\/en\/wp-json\/wp\/v2\/posts\/1753","targetHints":{"allow":["GET"]}}],"collection":[{"href":"https:\/\/balidecor.net\/en\/wp-json\/wp\/v2\/posts"}],"about":[{"href":"https:\/\/balidecor.net\/en\/wp-json\/wp\/v2\/types\/post"}],"author":[{"embeddable":true,"href":"https:\/\/balidecor.net\/en\/wp-json\/wp\/v2\/users\/6"}],"replies":[{"embeddable":true,"href":"https:\/\/balidecor.net\/en\/wp-json\/wp\/v2\/comments?post=1753"}],"version-history":[{"count":2,"href":"https:\/\/balidecor.net\/en\/wp-json\/wp\/v2\/posts\/1753\/revisions"}],"predecessor-version":[{"id":3188,"href":"https:\/\/balidecor.net\/en\/wp-json\/wp\/v2\/posts\/1753\/revisions\/3188"}],"wp:featuredmedia":[{"embeddable":true,"href":"https:\/\/balidecor.net\/en\/wp-json\/wp\/v2\/media\/2474"}],"wp:attachment":[{"href":"https:\/\/balidecor.net\/en\/wp-json\/wp\/v2\/media?parent=1753"}],"wp:term":[{"taxonomy":"category","embeddable":true,"href":"https:\/\/balidecor.net\/en\/wp-json\/wp\/v2\/categories?post=1753"},{"taxonomy":"post_tag","embeddable":true,"href":"https:\/\/balidecor.net\/en\/wp-json\/wp\/v2\/tags?post=1753"}],"curies":[{"name":"wp","href":"https:\/\/api.w.org\/{rel}","templated":true}]}}