{"id":1756,"date":"2025-04-19T19:13:05","date_gmt":"2025-04-19T19:13:05","guid":{"rendered":"https:\/\/balidecor.net\/?p=1756"},"modified":"2026-01-23T10:15:24","modified_gmt":"2026-01-23T07:15:24","slug":"bambu-vazo-alisverisi-dogallik-ve-sikligin-bulusmasi","status":"publish","type":"post","link":"https:\/\/balidecor.net\/en\/mobilya\/bambu-vazo-alisverisi-dogallik-ve-sikligin-bulusmasi\/","title":{"rendered":"Bambu Vazo Al\u0131\u015fveri\u015fi: Do\u011fall\u0131k ve \u015e\u0131kl\u0131\u011f\u0131n Bulu\u015fmas\u0131"},"content":{"rendered":"<p>Ev dekorasyonu, ki\u015fisel tarz\u0131n\u0131z\u0131 ve ya\u015fam alan\u0131n\u0131z\u0131n atmosferini yans\u0131tman\u0131n en g\u00fczel yollar\u0131ndan biridir. Bu dekorasyonun vazge\u00e7ilmez par\u00e7alar\u0131ndan biri olan vazolar, hem estetik hem de i\u015flevsellik a\u00e7\u0131s\u0131ndan \u00f6nem ta\u015f\u0131yor. Son y\u0131llarda pop\u00fclerli\u011fi artan bambu vazolar ise do\u011fall\u0131\u011f\u0131 ve zarafeti bir araya getirerek ev dekorasyonunda \u00f6zel bir yere sahip oldu. Bu yaz\u0131da, bambu vazo al\u0131\u015fveri\u015fi yaparken dikkat edilmesi gereken noktalar\u0131, bu dekoratif \u00fcr\u00fcnlerin sundu\u011fu avantajlar\u0131 ve evinizde nas\u0131l bir g\u00fczellik yaratabilece\u011fini ke\u015ffedeceksiniz.<\/p>\r\n\r\n\r\n\r\n<figure class=\"wp-block-image size-full\"><a href=\"https:\/\/balidecor.net\/wp-content\/uploads\/2025\/04\/resim.png\"><img fetchpriority=\"high\" decoding=\"async\" width=\"472\" height=\"1024\" class=\"wp-image-1766\" src=\"https:\/\/balidecor.net\/wp-content\/uploads\/2025\/04\/resim.png\" alt=\"\" srcset=\"https:\/\/balidecor.net\/wp-content\/uploads\/2025\/04\/resim.png 472w, https:\/\/balidecor.net\/wp-content\/uploads\/2025\/04\/resim-138x300.png 138w\" sizes=\"(max-width: 472px) 100vw, 472px\" \/><\/a><\/figure>\r\n\r\n\r\n\r\n<p>Bambu rattan ve has\u0131r Vazolar\u0131n Cazibesi<\/p>\r\n\r\n\r\n\r\n<p>Bambu vazolar, e\u015fsiz malzeme yap\u0131s\u0131yla di\u011fer vazolardan ayr\u0131l\u0131r. Do\u011fal ve s\u00fcrd\u00fcr\u00fclebilir bir materyal olan bambu, \u00e7evre dostu bir se\u00e7enek sunar. Ayn\u0131 zamanda her t\u00fcrl\u00fc dekorasyon tarz\u0131na uyum sa\u011flayabilen \u00e7ok y\u00f6nl\u00fc bir esteti\u011fe sahiptir. \u0130\u015fte bambu vazolar\u0131 cazip k\u0131lan \u00f6zellikler:<\/p>\r\n\r\n\r\n\r\n<p>1. Do\u011fal G\u00f6r\u00fcn\u00fcm: Bambu rattan ve has\u0131r vazolar, do\u011fall\u0131k sevenler i\u00e7in m\u00fckemmel bir se\u00e7enektir. Ah\u015fab\u0131n s\u0131cak ve davetkar yap\u0131s\u0131yla dekorasyonunuza do\u011fan\u0131n bir par\u00e7as\u0131n\u0131 ekler.<\/p>\r\n\r\n\r\n\r\n<p>2. Hafif ve Dayan\u0131kl\u0131: Bambu, hafif bir malzeme olmas\u0131na ra\u011fmen dayan\u0131kl\u0131d\u0131r. Bu da vazolar\u0131n uzun s\u00fcre kullan\u0131labilmesini sa\u011flar.<\/p>\r\n\r\n\r\n\r\n<p>3. S\u00fcrd\u00fcr\u00fclebilirlik: \u00c7evre bilincine sahip bireyler i\u00e7in bambu vazolar ideal bir se\u00e7imdir. Bambu h\u0131zla b\u00fcy\u00fcyen bir bitki oldu\u011fu i\u00e7in s\u00fcrd\u00fcr\u00fclebilir bir dekorasyon malzemesidir.<\/p>\r\n\r\n\r\n\r\n<p>4. Estetik \u00c7e\u015fitlilik: Farkl\u0131 \u015fekil, boyut ve tasar\u0131mlara sahip olan bambu vazolar, her t\u00fcrl\u00fc dekorasyon stiline uyum sa\u011flar.<\/p>\r\n\r\n\r\n\r\n<p>Bambu Rattan Ve Has\u0131r vazo Al\u0131\u015fveri\u015finde Dikkat Edilmesi Gerekenler<\/p>\r\n\r\n\r\n\r\n<p>Bambu vazo sat\u0131n al\u0131rken do\u011fru se\u00e7imi yapabilmek i\u00e7in baz\u0131 \u00f6nemli noktalara dikkat etmek gerekir:<\/p>\r\n\r\n\r\n\r\n<p>1. Boyut ve \u015eekil Evinizde kullanaca\u011f\u0131n\u0131z alan\u0131n b\u00fcy\u00fckl\u00fc\u011f\u00fcne g\u00f6re uygun boyutta bir vazo se\u00e7melisiniz. K\u00fc\u00e7\u00fck alanlar i\u00e7in zarif ve ince tasar\u0131mlar tercih edilebilirken, geni\u015f alanlar i\u00e7in b\u00fcy\u00fck ve g\u00f6steri\u015fli vazolar idealdir.<\/p>\r\n\r\n\r\n\r\n<p>2. Kalite Kontrol\u00fc Bambu vazoyu sat\u0131n almadan \u00f6nce malzeme kalitesini kontrol edin. \u0130yi i\u015flenmi\u015f bambu, uzun \u00f6m\u00fcrl\u00fc ve estetik bir g\u00f6r\u00fcn\u00fcm sunar.<\/p>\r\n\r\n\r\n\r\n<p>3. Tasar\u0131m Uyumu Evinizin genel dekorasyon tarz\u0131n\u0131 g\u00f6z \u00f6n\u00fcnde bulundurun. Modern bir dekorasyonda sade ve \u015f\u0131k bir bambu vazo uygunken, rustik bir dekorasyonda daha do\u011fal g\u00f6r\u00fcn\u00fcml\u00fc vazolar tercih edilebilir.<\/p>\r\n\r\n\r\n\r\n<p>4. Fiyat ve B\u00fct\u00e7e Bambu vazolar farkl\u0131 fiyat aral\u0131klar\u0131nda bulunabilir. B\u00fct\u00e7enize uygun kaliteli bir \u00fcr\u00fcn se\u00e7meye \u00f6zen g\u00f6sterin.<\/p>\r\n\r\n\r\n\r\n<p>5. \u00c7evrimi\u00e7i Al\u0131\u015fveri\u015f Bambu vazo al\u0131\u015fveri\u015fi yaparken g\u00fcvenilir e-ticaret platformlar\u0131n\u0131 tercih edin. \u00dcr\u00fcn yorumlar\u0131n\u0131 ve sat\u0131c\u0131 puanlar\u0131n\u0131 incelemek, do\u011fru se\u00e7im yapman\u0131za yard\u0131mc\u0131 olacakt\u0131r.<\/p>\r\n\r\n\r\n\r\n<p>Bambu Vazo ile Ev Dekorasyonunda \u015e\u0131kl\u0131k<\/p>\r\n\r\n\r\n\r\n<p>Bambu vazolar, evinizde pek \u00e7ok farkl\u0131 \u015fekilde kullan\u0131labilir. Bu dekoratif \u00fcr\u00fcnler, ya\u015fam alanlar\u0131n\u0131z\u0131n atmosferini de\u011fi\u015ftiren g\u00fc\u00e7l\u00fc bir tasar\u0131m \u00f6\u011fesidir. \u0130\u015fte bambu vazo ile evinizi g\u00fczelle\u015ftirmenin yollar\u0131:<\/p>\r\n\r\n\r\n\r\n<p>1. Salonlarda Zarafet Bambu vazolar\u0131 oturma odan\u0131zda bir sehpa veya konsol \u00fczerinde sergileyerek \u015f\u0131k bir dokunu\u015f ekleyebilirsiniz. \u00c7i\u00e7ekler veya kuru dallarla doldurdu\u011funuzda, salonunuzda s\u0131cak bir atmosfer yarat\u0131r.<\/p>\r\n\r\n\r\n\r\n<p>2. Balkon ve Teraslarda Do\u011fall\u0131k A\u00e7\u0131k alanlarda bambu vazolar kullanmak, do\u011fal bir dekorasyon olu\u015fturman\u0131n harika bir yoludur. Balkonunuzda veya teras\u0131n\u0131zda bitkilerle dolu bir bambu vazo, huzur dolu bir k\u00f6\u015fe olu\u015fturabilir.<\/p>\r\n\r\n\r\n\r\n<p>3. Yemek Masas\u0131nda \u015e\u0131kl\u0131k Bambu vazolar, yemek masan\u0131zda merkez par\u00e7as\u0131 olarak kullan\u0131labilir. Minimalist bir d\u00fczenleme yaparak masan\u0131za estetik bir hava katabilirsiniz.<\/p>\r\n\r\n\r\n\r\n<p>4. Yatak Odas\u0131nda Huzur Yatak odan\u0131zda bambu vazolar\u0131 dekoratif bir \u00f6\u011fe olarak kullanabilirsiniz. \u015eifonyer veya komodin \u00fczerinde bir bambu vazo, odan\u0131z\u0131n havas\u0131n\u0131 yumu\u015fat\u0131r.<\/p>\r\n\r\n\r\n\r\n<p>5. Ofis Alanlar\u0131nda Zarif Dokunu\u015flar Bambu vazolar, \u00e7al\u0131\u015fma alanlar\u0131n\u0131za do\u011fall\u0131k ve zarafet ekler. Masan\u0131zda veya kitapl\u0131\u011f\u0131n\u0131zda k\u00fc\u00e7\u00fck bir bambu vazo bulundurabilirsiniz.<\/p>\r\n\r\n\r\n\r\n<p>Bambu Vazolar ile Sanatsal D\u00fczenlemeler<\/p>\r\n\r\n\r\n\r\n<p>Bambu vazolar, sadece i\u015flevsel birer \u00fcr\u00fcn de\u011fil; ayn\u0131 zamanda sanatsal d\u00fczenlemeler i\u00e7in birer tuvaldir. Kuru \u00e7i\u00e7ekler, dallar, pampas otlar\u0131 veya renkli ta\u015flarla s\u00fcsleyerek farkl\u0131 dekorasyon fikirleri olu\u015fturabilirsiniz. Ayn\u0131 zamanda bambu vazo i\u00e7ine LED \u0131\u015f\u0131klar ekleyerek, odan\u0131za romantik bir hava katabilirsiniz.<\/p>\r\n\r\n\r\n\r\n<p>Bambu Vazolar\u0131n Avantajlar\u0131<\/p>\r\n\r\n\r\n\r\n<p>Bambu vazolar\u0131n ev dekorasyonunda sundu\u011fu avantajlar olduk\u00e7a fazlad\u0131r. Hem estetik hem de i\u015flevsel bir \u00fcr\u00fcn olan bambu vazolar:<\/p>\r\n\r\n\r\n\r\n<p>\u00b7 Huzurlu bir atmosfer yarat\u0131r.<\/p>\r\n\r\n\r\n\r\n<p>\u00b7 \u00c7ok y\u00f6nl\u00fc kullan\u0131m alanlar\u0131 sunar.<\/p>\r\n\r\n\r\n\r\n<p>\u00b7 \u00c7evre dostu bir se\u00e7imdir.<\/p>\r\n\r\n\r\n\r\n<p>\u00b7 Minimalist ve modern dekorasyonlar i\u00e7in idealdir.<\/p>\r\n\r\n\r\n\r\n<p>Sonu\u00e7<\/p>\r\n\r\n\r\n\r\n<p>Bambu vazolar, ev dekorasyonunuzda do\u011fall\u0131k ve zarafeti bir araya getiren e\u015fsiz bir par\u00e7ad\u0131r. Do\u011fru bambu vazoyu se\u00e7erek, ya\u015fam alanlar\u0131n\u0131z\u0131 g\u00fczelle\u015ftirebilir ve ki\u015fisel tarz\u0131n\u0131z\u0131 yans\u0131tabilirsiniz. Al\u0131\u015fveri\u015f yaparken malzeme kalitesine, tasar\u0131m uyumuna ve fiyat aral\u0131\u011f\u0131na dikkat ederek, en iyi se\u00e7imi yapabilirsiniz. Unutmay\u0131n, evinizde kulland\u0131\u011f\u0131n\u0131z her dekorasyon<\/p>\r\n\r\n\r\n\r\n<p>\u00f6\u011fesi, ya\u015fam alan\u0131n\u0131z\u0131n ruhunu ve atmosferini \u015fekillendirir. Bambu vazolarla bu alanlar\u0131 daha s\u0131cak ve davetkar hale getirmenin keyfini \u00e7\u0131kar\u0131n.<\/p>\r\n\r\n\r\n\r\n<p><a href=\"https:\/\/ty.gl\/wtyp79i520qii\">Balidecor<\/a>, bambu vazo i\u00e7in lider toptanc\u0131, perakende ma\u011faza ve online al\u0131\u015fveri\u015f tek dura\u011f\u0131d\u0131r. G\u00fczel rattan vazo se\u00e7imlerimizi <a href=\"http:\/\/www.balidecor.net\">Bali Decor<\/a> web sitemizde ve T\u00fcrkiye&#8217;nin \u00f6nde gelen <a href=\"https:\/\/ty.gl\/wtyp79i520qii\">Bali Decor <\/a>online al\u0131\u015fveri\u015f sitesinde g\u00f6rebilirsiniz.<\/p>\r\n\r\n\r\n\r\n<p>&nbsp;<\/p>","protected":false},"excerpt":{"rendered":"<p>Ev dekorasyonu, ki\u015fisel tarz\u0131n\u0131z\u0131 ve ya\u015fam alan\u0131n\u0131z\u0131n atmosferini yans\u0131tman\u0131n en g\u00fczel yollar\u0131ndan biridir. Bu dekorasyonun vazge\u00e7ilmez par\u00e7alar\u0131ndan biri olan vazolar, hem estetik hem de i\u015flevsellik a\u00e7\u0131s\u0131ndan \u00f6nem ta\u015f\u0131yor. Son y\u0131llarda pop\u00fclerli\u011fi artan bambu vazolar ise do\u011fall\u0131\u011f\u0131 ve zarafeti bir araya getirerek ev dekorasyonunda \u00f6zel bir yere sahip oldu. Bu yaz\u0131da, bambu vazo al\u0131\u015fveri\u015fi yaparken dikkat [&hellip;]<\/p>","protected":false},"author":6,"featured_media":1766,"comment_status":"open","ping_status":"open","sticky":false,"template":"","format":"standard","meta":{"_monsterinsights_skip_tracking":false,"_monsterinsights_sitenote_active":false,"_monsterinsights_sitenote_note":"","_monsterinsights_sitenote_category":0,"footnotes":""},"categories":[279,54],"tags":[265,281,261,282,259,280,262],"class_list":["post-1756","post","type-post","status-publish","format-standard","has-post-thumbnail","hentry","category-bambu-dekorasyon","category-mobilya","tag-bahce-ve-balkon-mobilyalari","tag-bambu-vazo","tag-bohem-ev-dekorasyonu","tag-dekoratif-bambu-vazo-60-cm","tag-rattan-sandalye","tag-rattan-vazo","tag-tasarim-evler"],"yoast_head":"<!-- This site is optimized with the Yoast SEO plugin v26.7 - https:\/\/yoast.com\/wordpress\/plugins\/seo\/ -->\n<title>Bambu Vazo Al\u0131\u015fveri\u015fi: Do\u011fall\u0131k ve \u015e\u0131kl\u0131\u011f\u0131n Bulu\u015fmas\u0131 - Bali Decor<\/title>\n<meta name=\"description\" content=\"Ev dekorasyonu, ki\u015fisel tarz\u0131n\u0131z\u0131 ve ya\u015fam alan\u0131n\u0131z\u0131n atmosferini yans\u0131tman\u0131n en g\u00fczel yollar\u0131ndan biridir.\" \/>\n<meta name=\"robots\" content=\"index, follow, max-snippet:-1, max-image-preview:large, max-video-preview:-1\" \/>\n<link rel=\"canonical\" href=\"https:\/\/balidecor.net\/en\/mobilya\/bambu-vazo-alisverisi-dogallik-ve-sikligin-bulusmasi\/\" \/>\n<meta property=\"og:locale\" content=\"en_US\" \/>\n<meta property=\"og:type\" content=\"article\" \/>\n<meta property=\"og:title\" content=\"Bambu Vazo Al\u0131\u015fveri\u015fi: Do\u011fall\u0131k ve \u015e\u0131kl\u0131\u011f\u0131n Bulu\u015fmas\u0131 - Bali Decor\" \/>\n<meta property=\"og:description\" content=\"Ev dekorasyonu, ki\u015fisel tarz\u0131n\u0131z\u0131 ve ya\u015fam alan\u0131n\u0131z\u0131n atmosferini yans\u0131tman\u0131n en g\u00fczel yollar\u0131ndan biridir.\" \/>\n<meta property=\"og:url\" content=\"https:\/\/balidecor.net\/en\/mobilya\/bambu-vazo-alisverisi-dogallik-ve-sikligin-bulusmasi\/\" \/>\n<meta property=\"og:site_name\" content=\"Bali Decor\" \/>\n<meta property=\"article:published_time\" content=\"2025-04-19T19:13:05+00:00\" \/>\n<meta property=\"article:modified_time\" content=\"2026-01-23T07:15:24+00:00\" \/>\n<meta property=\"og:image\" content=\"https:\/\/balidecor.net\/wp-content\/uploads\/2025\/04\/resim.png\" \/>\n\t<meta property=\"og:image:width\" content=\"472\" \/>\n\t<meta property=\"og:image:height\" content=\"1024\" \/>\n\t<meta property=\"og:image:type\" content=\"image\/png\" \/>\n<meta name=\"author\" content=\"Verda\" \/>\n<meta name=\"twitter:card\" content=\"summary_large_image\" \/>\n<meta name=\"twitter:label1\" content=\"Written by\" \/>\n\t<meta name=\"twitter:data1\" content=\"Verda\" \/>\n\t<meta name=\"twitter:label2\" content=\"Est. reading time\" \/>\n\t<meta name=\"twitter:data2\" content=\"4 minutes\" \/>\n<script type=\"application\/ld+json\" class=\"yoast-schema-graph\">{\"@context\":\"https:\/\/schema.org\",\"@graph\":[{\"@type\":\"Article\",\"@id\":\"https:\/\/balidecor.net\/mobilya\/bambu-vazo-alisverisi-dogallik-ve-sikligin-bulusmasi\/#article\",\"isPartOf\":{\"@id\":\"https:\/\/balidecor.net\/mobilya\/bambu-vazo-alisverisi-dogallik-ve-sikligin-bulusmasi\/\"},\"author\":{\"name\":\"Verda\",\"@id\":\"https:\/\/balidecor.net\/#\/schema\/person\/5894ed19f8915a9018748da97b30cbd0\"},\"headline\":\"Bambu Vazo Al\u0131\u015fveri\u015fi: Do\u011fall\u0131k ve \u015e\u0131kl\u0131\u011f\u0131n Bulu\u015fmas\u0131\",\"datePublished\":\"2025-04-19T19:13:05+00:00\",\"dateModified\":\"2026-01-23T07:15:24+00:00\",\"mainEntityOfPage\":{\"@id\":\"https:\/\/balidecor.net\/mobilya\/bambu-vazo-alisverisi-dogallik-ve-sikligin-bulusmasi\/\"},\"wordCount\":952,\"commentCount\":0,\"publisher\":{\"@id\":\"https:\/\/balidecor.net\/#organization\"},\"image\":{\"@id\":\"https:\/\/balidecor.net\/mobilya\/bambu-vazo-alisverisi-dogallik-ve-sikligin-bulusmasi\/#primaryimage\"},\"thumbnailUrl\":\"https:\/\/balidecor.net\/wp-content\/uploads\/2025\/04\/resim.png\",\"keywords\":[\"bah\u00e7e ve balkon mobilyalar\u0131\",\"bambu vazo\",\"bohem ev dekorasyonu\",\"dekoratif bambu vazo 60 cm\",\"rattan sandalye\",\"rattan vazo\",\"tasar\u0131m evler\"],\"articleSection\":[\"Bambu\",\"Mobilya\"],\"inLanguage\":\"en-US\",\"potentialAction\":[{\"@type\":\"CommentAction\",\"name\":\"Comment\",\"target\":[\"https:\/\/balidecor.net\/mobilya\/bambu-vazo-alisverisi-dogallik-ve-sikligin-bulusmasi\/#respond\"]}]},{\"@type\":\"WebPage\",\"@id\":\"https:\/\/balidecor.net\/mobilya\/bambu-vazo-alisverisi-dogallik-ve-sikligin-bulusmasi\/\",\"url\":\"https:\/\/balidecor.net\/mobilya\/bambu-vazo-alisverisi-dogallik-ve-sikligin-bulusmasi\/\",\"name\":\"Bambu Vazo Al\u0131\u015fveri\u015fi: Do\u011fall\u0131k ve \u015e\u0131kl\u0131\u011f\u0131n Bulu\u015fmas\u0131 - Bali Decor\",\"isPartOf\":{\"@id\":\"https:\/\/balidecor.net\/#website\"},\"primaryImageOfPage\":{\"@id\":\"https:\/\/balidecor.net\/mobilya\/bambu-vazo-alisverisi-dogallik-ve-sikligin-bulusmasi\/#primaryimage\"},\"image\":{\"@id\":\"https:\/\/balidecor.net\/mobilya\/bambu-vazo-alisverisi-dogallik-ve-sikligin-bulusmasi\/#primaryimage\"},\"thumbnailUrl\":\"https:\/\/balidecor.net\/wp-content\/uploads\/2025\/04\/resim.png\",\"datePublished\":\"2025-04-19T19:13:05+00:00\",\"dateModified\":\"2026-01-23T07:15:24+00:00\",\"description\":\"Ev dekorasyonu, ki\u015fisel tarz\u0131n\u0131z\u0131 ve ya\u015fam alan\u0131n\u0131z\u0131n atmosferini yans\u0131tman\u0131n en g\u00fczel yollar\u0131ndan biridir.\",\"breadcrumb\":{\"@id\":\"https:\/\/balidecor.net\/mobilya\/bambu-vazo-alisverisi-dogallik-ve-sikligin-bulusmasi\/#breadcrumb\"},\"inLanguage\":\"en-US\",\"potentialAction\":[{\"@type\":\"ReadAction\",\"target\":[\"https:\/\/balidecor.net\/mobilya\/bambu-vazo-alisverisi-dogallik-ve-sikligin-bulusmasi\/\"]}]},{\"@type\":\"ImageObject\",\"inLanguage\":\"en-US\",\"@id\":\"https:\/\/balidecor.net\/mobilya\/bambu-vazo-alisverisi-dogallik-ve-sikligin-bulusmasi\/#primaryimage\",\"url\":\"https:\/\/balidecor.net\/wp-content\/uploads\/2025\/04\/resim.png\",\"contentUrl\":\"https:\/\/balidecor.net\/wp-content\/uploads\/2025\/04\/resim.png\",\"width\":472,\"height\":1024},{\"@type\":\"BreadcrumbList\",\"@id\":\"https:\/\/balidecor.net\/mobilya\/bambu-vazo-alisverisi-dogallik-ve-sikligin-bulusmasi\/#breadcrumb\",\"itemListElement\":[{\"@type\":\"ListItem\",\"position\":1,\"name\":\"Ev\",\"item\":\"https:\/\/balidecor.net\/\"},{\"@type\":\"ListItem\",\"position\":2,\"name\":\"Mobilya\",\"item\":\"https:\/\/balidecor.net\/blog\/mobilya\/\"},{\"@type\":\"ListItem\",\"position\":3,\"name\":\"Bambu Vazo Al\u0131\u015fveri\u015fi: Do\u011fall\u0131k ve \u015e\u0131kl\u0131\u011f\u0131n Bulu\u015fmas\u0131\"}]},{\"@type\":\"WebSite\",\"@id\":\"https:\/\/balidecor.net\/#website\",\"url\":\"https:\/\/balidecor.net\/\",\"name\":\"Bali Decor\",\"description\":\"\",\"publisher\":{\"@id\":\"https:\/\/balidecor.net\/#organization\"},\"potentialAction\":[{\"@type\":\"SearchAction\",\"target\":{\"@type\":\"EntryPoint\",\"urlTemplate\":\"https:\/\/balidecor.net\/?s={search_term_string}\"},\"query-input\":{\"@type\":\"PropertyValueSpecification\",\"valueRequired\":true,\"valueName\":\"search_term_string\"}}],\"inLanguage\":\"en-US\"},{\"@type\":\"Organization\",\"@id\":\"https:\/\/balidecor.net\/#organization\",\"name\":\"Bali Decor\",\"url\":\"https:\/\/balidecor.net\/\",\"logo\":{\"@type\":\"ImageObject\",\"inLanguage\":\"en-US\",\"@id\":\"https:\/\/balidecor.net\/#\/schema\/logo\/image\/\",\"url\":\"https:\/\/balidecor.net\/wp-content\/uploads\/2024\/02\/cropped-cropped-cropped-Rectangle-3-1-1-2.png\",\"contentUrl\":\"https:\/\/balidecor.net\/wp-content\/uploads\/2024\/02\/cropped-cropped-cropped-Rectangle-3-1-1-2.png\",\"width\":149,\"height\":109,\"caption\":\"Bali Decor\"},\"image\":{\"@id\":\"https:\/\/balidecor.net\/#\/schema\/logo\/image\/\"},\"sameAs\":[\"https:\/\/www.instagram.com\/baliidecor\"]},{\"@type\":\"Person\",\"@id\":\"https:\/\/balidecor.net\/#\/schema\/person\/5894ed19f8915a9018748da97b30cbd0\",\"name\":\"Verda\",\"image\":{\"@type\":\"ImageObject\",\"inLanguage\":\"en-US\",\"@id\":\"https:\/\/balidecor.net\/#\/schema\/person\/image\/\",\"url\":\"https:\/\/secure.gravatar.com\/avatar\/c0551e5cc12c483aae0da052cda1e3829236976522aba16a17de9b2ebf4324eb?s=96&d=mm&r=g\",\"contentUrl\":\"https:\/\/secure.gravatar.com\/avatar\/c0551e5cc12c483aae0da052cda1e3829236976522aba16a17de9b2ebf4324eb?s=96&d=mm&r=g\",\"caption\":\"Verda\"},\"url\":\"https:\/\/balidecor.net\/en\/author\/verda\/\"}]}<\/script>\n<!-- \/ Yoast SEO plugin. -->","yoast_head_json":{"title":"Bambu Vazo Al\u0131\u015fveri\u015fi: Do\u011fall\u0131k ve \u015e\u0131kl\u0131\u011f\u0131n Bulu\u015fmas\u0131 - Bali Decor","description":"Ev dekorasyonu, ki\u015fisel tarz\u0131n\u0131z\u0131 ve ya\u015fam alan\u0131n\u0131z\u0131n atmosferini yans\u0131tman\u0131n en g\u00fczel yollar\u0131ndan biridir.","robots":{"index":"index","follow":"follow","max-snippet":"max-snippet:-1","max-image-preview":"max-image-preview:large","max-video-preview":"max-video-preview:-1"},"canonical":"https:\/\/balidecor.net\/en\/mobilya\/bambu-vazo-alisverisi-dogallik-ve-sikligin-bulusmasi\/","og_locale":"en_US","og_type":"article","og_title":"Bambu Vazo Al\u0131\u015fveri\u015fi: Do\u011fall\u0131k ve \u015e\u0131kl\u0131\u011f\u0131n Bulu\u015fmas\u0131 - Bali Decor","og_description":"Ev dekorasyonu, ki\u015fisel tarz\u0131n\u0131z\u0131 ve ya\u015fam alan\u0131n\u0131z\u0131n atmosferini yans\u0131tman\u0131n en g\u00fczel yollar\u0131ndan biridir.","og_url":"https:\/\/balidecor.net\/en\/mobilya\/bambu-vazo-alisverisi-dogallik-ve-sikligin-bulusmasi\/","og_site_name":"Bali Decor","article_published_time":"2025-04-19T19:13:05+00:00","article_modified_time":"2026-01-23T07:15:24+00:00","og_image":[{"width":472,"height":1024,"url":"https:\/\/balidecor.net\/wp-content\/uploads\/2025\/04\/resim.png","type":"image\/png"}],"author":"Verda","twitter_card":"summary_large_image","twitter_misc":{"Written by":"Verda","Est. reading time":"4 minutes"},"schema":{"@context":"https:\/\/schema.org","@graph":[{"@type":"Article","@id":"https:\/\/balidecor.net\/mobilya\/bambu-vazo-alisverisi-dogallik-ve-sikligin-bulusmasi\/#article","isPartOf":{"@id":"https:\/\/balidecor.net\/mobilya\/bambu-vazo-alisverisi-dogallik-ve-sikligin-bulusmasi\/"},"author":{"name":"Verda","@id":"https:\/\/balidecor.net\/#\/schema\/person\/5894ed19f8915a9018748da97b30cbd0"},"headline":"Bambu Vazo Al\u0131\u015fveri\u015fi: Do\u011fall\u0131k ve \u015e\u0131kl\u0131\u011f\u0131n Bulu\u015fmas\u0131","datePublished":"2025-04-19T19:13:05+00:00","dateModified":"2026-01-23T07:15:24+00:00","mainEntityOfPage":{"@id":"https:\/\/balidecor.net\/mobilya\/bambu-vazo-alisverisi-dogallik-ve-sikligin-bulusmasi\/"},"wordCount":952,"commentCount":0,"publisher":{"@id":"https:\/\/balidecor.net\/#organization"},"image":{"@id":"https:\/\/balidecor.net\/mobilya\/bambu-vazo-alisverisi-dogallik-ve-sikligin-bulusmasi\/#primaryimage"},"thumbnailUrl":"https:\/\/balidecor.net\/wp-content\/uploads\/2025\/04\/resim.png","keywords":["bah\u00e7e ve balkon mobilyalar\u0131","bambu vazo","bohem ev dekorasyonu","dekoratif bambu vazo 60 cm","rattan sandalye","rattan vazo","tasar\u0131m evler"],"articleSection":["Bambu","Mobilya"],"inLanguage":"en-US","potentialAction":[{"@type":"CommentAction","name":"Comment","target":["https:\/\/balidecor.net\/mobilya\/bambu-vazo-alisverisi-dogallik-ve-sikligin-bulusmasi\/#respond"]}]},{"@type":"WebPage","@id":"https:\/\/balidecor.net\/mobilya\/bambu-vazo-alisverisi-dogallik-ve-sikligin-bulusmasi\/","url":"https:\/\/balidecor.net\/mobilya\/bambu-vazo-alisverisi-dogallik-ve-sikligin-bulusmasi\/","name":"Bambu Vazo Al\u0131\u015fveri\u015fi: Do\u011fall\u0131k ve \u015e\u0131kl\u0131\u011f\u0131n Bulu\u015fmas\u0131 - Bali Decor","isPartOf":{"@id":"https:\/\/balidecor.net\/#website"},"primaryImageOfPage":{"@id":"https:\/\/balidecor.net\/mobilya\/bambu-vazo-alisverisi-dogallik-ve-sikligin-bulusmasi\/#primaryimage"},"image":{"@id":"https:\/\/balidecor.net\/mobilya\/bambu-vazo-alisverisi-dogallik-ve-sikligin-bulusmasi\/#primaryimage"},"thumbnailUrl":"https:\/\/balidecor.net\/wp-content\/uploads\/2025\/04\/resim.png","datePublished":"2025-04-19T19:13:05+00:00","dateModified":"2026-01-23T07:15:24+00:00","description":"Ev dekorasyonu, ki\u015fisel tarz\u0131n\u0131z\u0131 ve ya\u015fam alan\u0131n\u0131z\u0131n atmosferini yans\u0131tman\u0131n en g\u00fczel yollar\u0131ndan biridir.","breadcrumb":{"@id":"https:\/\/balidecor.net\/mobilya\/bambu-vazo-alisverisi-dogallik-ve-sikligin-bulusmasi\/#breadcrumb"},"inLanguage":"en-US","potentialAction":[{"@type":"ReadAction","target":["https:\/\/balidecor.net\/mobilya\/bambu-vazo-alisverisi-dogallik-ve-sikligin-bulusmasi\/"]}]},{"@type":"ImageObject","inLanguage":"en-US","@id":"https:\/\/balidecor.net\/mobilya\/bambu-vazo-alisverisi-dogallik-ve-sikligin-bulusmasi\/#primaryimage","url":"https:\/\/balidecor.net\/wp-content\/uploads\/2025\/04\/resim.png","contentUrl":"https:\/\/balidecor.net\/wp-content\/uploads\/2025\/04\/resim.png","width":472,"height":1024},{"@type":"BreadcrumbList","@id":"https:\/\/balidecor.net\/mobilya\/bambu-vazo-alisverisi-dogallik-ve-sikligin-bulusmasi\/#breadcrumb","itemListElement":[{"@type":"ListItem","position":1,"name":"Ev","item":"https:\/\/balidecor.net\/"},{"@type":"ListItem","position":2,"name":"Mobilya","item":"https:\/\/balidecor.net\/blog\/mobilya\/"},{"@type":"ListItem","position":3,"name":"Bambu Vazo Al\u0131\u015fveri\u015fi: Do\u011fall\u0131k ve \u015e\u0131kl\u0131\u011f\u0131n Bulu\u015fmas\u0131"}]},{"@type":"WebSite","@id":"https:\/\/balidecor.net\/#website","url":"https:\/\/balidecor.net\/","name":"Bali Decor","description":"","publisher":{"@id":"https:\/\/balidecor.net\/#organization"},"potentialAction":[{"@type":"SearchAction","target":{"@type":"EntryPoint","urlTemplate":"https:\/\/balidecor.net\/?s={search_term_string}"},"query-input":{"@type":"PropertyValueSpecification","valueRequired":true,"valueName":"search_term_string"}}],"inLanguage":"en-US"},{"@type":"Organization","@id":"https:\/\/balidecor.net\/#organization","name":"Bali Decor","url":"https:\/\/balidecor.net\/","logo":{"@type":"ImageObject","inLanguage":"en-US","@id":"https:\/\/balidecor.net\/#\/schema\/logo\/image\/","url":"https:\/\/balidecor.net\/wp-content\/uploads\/2024\/02\/cropped-cropped-cropped-Rectangle-3-1-1-2.png","contentUrl":"https:\/\/balidecor.net\/wp-content\/uploads\/2024\/02\/cropped-cropped-cropped-Rectangle-3-1-1-2.png","width":149,"height":109,"caption":"Bali Decor"},"image":{"@id":"https:\/\/balidecor.net\/#\/schema\/logo\/image\/"},"sameAs":["https:\/\/www.instagram.com\/baliidecor"]},{"@type":"Person","@id":"https:\/\/balidecor.net\/#\/schema\/person\/5894ed19f8915a9018748da97b30cbd0","name":"Verda","image":{"@type":"ImageObject","inLanguage":"en-US","@id":"https:\/\/balidecor.net\/#\/schema\/person\/image\/","url":"https:\/\/secure.gravatar.com\/avatar\/c0551e5cc12c483aae0da052cda1e3829236976522aba16a17de9b2ebf4324eb?s=96&d=mm&r=g","contentUrl":"https:\/\/secure.gravatar.com\/avatar\/c0551e5cc12c483aae0da052cda1e3829236976522aba16a17de9b2ebf4324eb?s=96&d=mm&r=g","caption":"Verda"},"url":"https:\/\/balidecor.net\/en\/author\/verda\/"}]}},"_links":{"self":[{"href":"https:\/\/balidecor.net\/en\/wp-json\/wp\/v2\/posts\/1756","targetHints":{"allow":["GET"]}}],"collection":[{"href":"https:\/\/balidecor.net\/en\/wp-json\/wp\/v2\/posts"}],"about":[{"href":"https:\/\/balidecor.net\/en\/wp-json\/wp\/v2\/types\/post"}],"author":[{"embeddable":true,"href":"https:\/\/balidecor.net\/en\/wp-json\/wp\/v2\/users\/6"}],"replies":[{"embeddable":true,"href":"https:\/\/balidecor.net\/en\/wp-json\/wp\/v2\/comments?post=1756"}],"version-history":[{"count":6,"href":"https:\/\/balidecor.net\/en\/wp-json\/wp\/v2\/posts\/1756\/revisions"}],"predecessor-version":[{"id":3187,"href":"https:\/\/balidecor.net\/en\/wp-json\/wp\/v2\/posts\/1756\/revisions\/3187"}],"wp:featuredmedia":[{"embeddable":true,"href":"https:\/\/balidecor.net\/en\/wp-json\/wp\/v2\/media\/1766"}],"wp:attachment":[{"href":"https:\/\/balidecor.net\/en\/wp-json\/wp\/v2\/media?parent=1756"}],"wp:term":[{"taxonomy":"category","embeddable":true,"href":"https:\/\/balidecor.net\/en\/wp-json\/wp\/v2\/categories?post=1756"},{"taxonomy":"post_tag","embeddable":true,"href":"https:\/\/balidecor.net\/en\/wp-json\/wp\/v2\/tags?post=1756"}],"curies":[{"name":"wp","href":"https:\/\/api.w.org\/{rel}","templated":true}]}}