{"id":1768,"date":"2025-04-23T09:19:37","date_gmt":"2025-04-23T09:19:37","guid":{"rendered":"https:\/\/balidecor.net\/?p=1768"},"modified":"2026-01-23T10:14:29","modified_gmt":"2026-01-23T07:14:29","slug":"turk-kadininin-mobilyalara-olan-aski","status":"publish","type":"post","link":"https:\/\/balidecor.net\/en\/mobilya\/turk-kadininin-mobilyalara-olan-aski\/","title":{"rendered":"T\u00fcrk Kad\u0131n\u0131n\u0131n Mobilyalara Olan A\u015fk\u0131"},"content":{"rendered":"<p>&nbsp;<\/p>\r\n\r\n\r\n\r\n<p>T\u00fcrk k\u00fclt\u00fcr\u00fcn\u00fc d\u00fc\u015f\u00fcnd\u00fc\u011f\u00fcm\u00fczde akl\u0131m\u0131za zengin tarihi, muhte\u015fem manzaralar\u0131 ve leziz mutfa\u011f\u0131 gelir. Ancak burada daha fazla dikkat \u00e7eken bir husus ise T\u00fcrk kad\u0131n\u0131n\u0131n mobilyaya olan k\u00f6kl\u00fc sevgisidir. Bu sevgi sadece estetik veya maddi m\u00fclkiyetle ilgili de\u011fildir; k\u00fclt\u00fcrel de\u011ferlerin, ki\u015fisel kimli\u011fin ve aile ve gelene\u011fe ba\u011fl\u0131l\u0131\u011f\u0131n bir yans\u0131mas\u0131d\u0131r. Bu blog yaz\u0131m\u0131zda T\u00fcrk kad\u0131nlar\u0131n\u0131n mobilyayla olan e\u015fsiz ili\u015fkisini, gelenek ve modernitenin etkisini, bu tutkunun evlerini ve hayatlar\u0131n\u0131 nas\u0131l \u015fekillendirdi\u011fini inceleyece\u011fiz.<\/p>\r\n\r\n\r\n\r\n<p>Zengin Bir K\u00fclt\u00fcrel Miras<\/p>\r\n\r\n\r\n\r\n<p>T\u00fcrkiye, bir\u00e7ok medeniyete ev sahipli\u011fi yapm\u0131\u015f bir \u00fclkedir ve mobilyalar\u0131 da farkl\u0131 d\u00f6nemlerin stillerinin ve etkilerinin bir kar\u0131\u015f\u0131m\u0131n\u0131 yans\u0131t\u0131r. Osmanl\u0131 tasar\u0131mlar\u0131n\u0131n incelikli ah\u015fap i\u015f\u00e7ili\u011finden modern mobilyalar\u0131n minimalist \u00e7izgilerine kadar, T\u00fcrk kad\u0131nlar\u0131 her bir mobilya par\u00e7as\u0131n\u0131n temsil etti\u011fi sanat\u0131 ve i\u015f\u00e7ili\u011fi takdir ediyor. Bir\u00e7ok ki\u015fi i\u00e7in bir mobilya par\u00e7as\u0131 yaln\u0131zca i\u015flevsel de\u011fil, ayn\u0131 zamanda k\u00fclt\u00fcrel miras\u0131n da bir kan\u0131t\u0131d\u0131r.<\/p>\r\n\r\n\r\n\r\n<p>T\u00fcrk mobilyalar\u0131nda genellikle s\u00fcsl\u00fc oymalar, canl\u0131 kuma\u015flar ve ayr\u0131nt\u0131l\u0131 desenler yer al\u0131r. Bu ayr\u0131nt\u0131lar, evlerini kimliklerinin ve k\u00fclt\u00fcrel k\u00f6klerinin bir uzant\u0131s\u0131 olarak g\u00f6ren T\u00fcrk kad\u0131nlar\u0131yla \u00f6rt\u00fc\u015f\u00fcyor. Bu ba\u011f, onlar\u0131 \u00e7o\u011fu zaman ge\u00e7mi\u015fle bug\u00fcn\u00fc uyumlu bir \u015fekilde harmanlayan, bir hikaye anlatan par\u00e7alar se\u00e7meye te\u015fvik ediyor.<\/p>\r\n\r\n\r\n\r\n<p>Aile ve Gelenek<\/p>\r\n\r\n\r\n\r\n<p>T\u00fcrk k\u00fclt\u00fcr\u00fcnde ev, aile toplant\u0131lar\u0131n\u0131n, kutlamalar\u0131n ve g\u00fcnl\u00fck ya\u015fam\u0131n merkezidir. Bu nedenle T\u00fcrk kad\u0131nlar\u0131 aile ve arkada\u015flar\u0131n ho\u015f\u00e7a vakit ge\u00e7irebilece\u011fi mekanlar yaratmaktan b\u00fcy\u00fck gurur duyuyor. Geleneksel sehpalardan l\u00fcks koltuk tak\u0131mlar\u0131na kadar se\u00e7ilen mobilyalar misafirperverlik ve birlik de\u011ferlerini yans\u0131t\u0131yor.<\/p>\r\n\r\n\r\n\r\n<p>Bir\u00e7ok T\u00fcrk kad\u0131n\u0131, \u00f6nceki nesillerden miras kalan mobilyalar\u0131 kullan\u0131yor ve bu da bir devaml\u0131l\u0131k ve nostalji duygusu yarat\u0131yor. Bu nesilden nesile aktar\u0131lan mobilyalar \u00e7o\u011fu zaman hikayeler ve an\u0131larla birlikte gelir ve bu da onlar\u0131 daha da \u00f6zel k\u0131lar. T\u00fcrk kad\u0131nlar\u0131, bu yadigarlar\u0131 evlerine ta\u015f\u0131yarak, hem ailelerinin miras\u0131n\u0131 onurland\u0131r\u0131yor hem de gelenekleri ya\u015fat\u0131yor.<\/p>\r\n\r\n\r\n\r\n<p>Modern Dokunu\u015f<\/p>\r\n\r\n\r\n\r\n<p>Mobilya se\u00e7imlerinde gelenek \u00f6nemli bir rol oynasa da, pek \u00e7ok T\u00fcrk kad\u0131n\u0131 \u00e7a\u011fda\u015f tasar\u0131mlar\u0131 da benimseyerek eski ile yeni aras\u0131nda bir denge yaratmaya \u00e7al\u0131\u015f\u0131yor. Modern ve geleneksel \u00f6\u011felerin birle\u015fimi, mekanlar\u0131n\u0131 ki\u015fiselle\u015ftirmelerine ve zevklerini do\u011fru \u015fekilde yans\u0131tmalar\u0131na olanak tan\u0131yor.<\/p>\r\n\r\n\r\n\r\n<p>Modern T\u00fcrk mobilya tasar\u0131m\u0131, T\u00fcrk evinin olmazsa olmaz\u0131 s\u0131cakl\u0131k ve konfordan \u00f6d\u00fcn vermeden \u015f\u0131k \u00e7izgileri, n\u00f6tr renk paletlerini ve yenilik\u00e7i malzemeleri bir araya getiriyor. Kad\u0131nlar profesyonel ve ki\u015fisel alanlardaki rollerini ilerlettik\u00e7e, yaln\u0131zca tarzlar\u0131n\u0131 tamamlayan de\u011fil ayn\u0131 zamanda i\u015flevselli\u011fi de art\u0131ran mobilyalar ar\u0131yorlar. \u00c7ok ama\u00e7l\u0131 mobilyalar, (\u0130skandinav ve bohem tarzlar gibi <a href=\"http:\/\/www.balidecor.net\">Bali Decor<\/a>) modern ya\u015fam\u0131n ihtiya\u00e7lar\u0131na uyum sa\u011flamas\u0131n\u0131n yan\u0131 s\u0131ra aile toplant\u0131lar\u0131na da olanak sa\u011flamas\u0131 nedeniyle son zamanlarda olduk\u00e7a pop\u00fcler hale geldi.<\/p>\r\n\r\n\r\n\r\n<p>Sosyal Medyan\u0131n Etkisi<\/p>\r\n\r\n\r\n\r\n<p>G\u00fcn\u00fcm\u00fcz dijital \u00e7a\u011f\u0131nda sosyal medya, tasar\u0131m tercihlerini ve trendlerini \u015fekillendirmede \u00f6nemli bir rol oynuyor. Instagram <a href=\"https:\/\/www.instagram.com\/baliidecor?igsh=MWpvdmEyMnZtcTVoNQ%3D%3D&amp;utm_source=qr\">Bali Decor<\/a> ve Pinterest gibi platformlar, ilham verici ev dekorasyonu fikirleriyle dolup ta\u015f\u0131yor ve bu da T\u00fcrk kad\u0131nlar\u0131n\u0131n farkl\u0131 stilleri ke\u015ffetmesini ve yeni mobilya par\u00e7alar\u0131 bulmas\u0131n\u0131 kolayla\u015ft\u0131r\u0131yor.<a href=\"https:\/\/www.trendyol.com\/magaza\/m-m-822501\">Bali Decor<\/a><\/p>\r\n\r\n\r\n\r\n<p>T\u00fcrk kad\u0131nlar\u0131 s\u0131kl\u0131kla ipu\u00e7lar\u0131, kendin yap projeleri ve ev yenileme hikayelerinin payla\u015f\u0131ld\u0131\u011f\u0131 \u00e7evrimi\u00e7i topluluklara kat\u0131l\u0131yor. Bu etkile\u015fimler sayesinde geleneksel unsurlar\u0131 \u00e7a\u011fda\u015f tasar\u0131mla nas\u0131l harmanlayacaklar\u0131na dair fikirler ediniyorlar, yarat\u0131c\u0131l\u0131\u011f\u0131 ve kendini ifade etmeyi te\u015fvik ediyorlar. Sosyal medyada yer alan g\u00f6rseller, evlerinde renk, doku ve d\u00fczenleme konusunda denemeler yaparak, onlar\u0131 al\u0131\u015f\u0131lm\u0131\u015f\u0131n d\u0131\u015f\u0131na \u00e7\u0131kmaya itiyor.<\/p>\r\n\r\n\r\n\r\n<p>Zanaatkarl\u0131k ve S\u00fcrd\u00fcr\u00fclebilirlik<\/p>\r\n\r\n\r\n\r\n<p>T\u00fcrk kad\u0131nlar\u0131n\u0131n dikkat etti\u011fi bir di\u011fer konu ise se\u00e7tikleri mobilyalar\u0131n i\u015f\u00e7ili\u011fi ve s\u00fcrd\u00fcr\u00fclebilirli\u011fi. \u00c7evresel sorunlara ili\u015fkin fark\u0131ndal\u0131\u011f\u0131n artmas\u0131yla birlikte, y\u00fcksek kaliteli, s\u00fcrd\u00fcr\u00fclebilir malzemelerin se\u00e7ilmesine do\u011fru bir y\u00f6nelim ya\u015fan\u0131yor. Bunlar genellikle rattan mobilyalar,bambu mobilyalar ve masif ah\u015fap \u00fcr\u00fcnler<a href=\"http:\/\/www.balidecor.net\"> Bali Decor<\/a>.Bu tercih, \u00e7evre dostu \u00fcr\u00fcnlere de\u011fer veren ve bunu destekleyen daha geni\u015f bir k\u00fcresel e\u011filimle \u00f6rt\u00fc\u015f\u00fcyor ve T\u00fcrk kad\u0131nlar\u0131, el yap\u0131m\u0131 mobilya \u00fcreten yerel zanaatkarlar\u0131 giderek daha fazla destekliyor.<\/p>\r\n\r\n\r\n\r\n<p>Yerel zanaatkarl\u0131k, T\u00fcrk k\u00fclt\u00fcr\u00fcnde derin yank\u0131 bulan kaliteye ve sanata olan ba\u011fl\u0131l\u0131\u011f\u0131 yans\u0131t\u0131yor. T\u00fcrk kad\u0131nlar\u0131, yerel kaynakl\u0131 ve el yap\u0131m\u0131 mobilyalar\u0131 tercih ederek hem ekonomiye katk\u0131da bulunuyor hem de geleneksel el sanatlar\u0131n\u0131 koruyarak bu becerilerin nesilden nesile aktar\u0131lmas\u0131n\u0131 sa\u011fl\u0131yor.<\/p>\r\n\r\n\r\n\r\n<p>Ki\u015fiselle\u015ftirme ve Kimlik<\/p>\r\n\r\n\r\n\r\n<p>Mobilya, ki\u015finin kendini ifade etmesini sa\u011flayan bir tuval g\u00f6revi g\u00f6r\u00fcr. T\u00fcrk kad\u0131n\u0131 i\u00e7in her par\u00e7a, ki\u015fili\u011fini ve ya\u015fam tarz\u0131n\u0131 ortaya koyma f\u0131rsat\u0131d\u0131r. \u0130ster cesur ve renkli bir kanepe se\u00e7sinler, ister minimalist bir yemek masas\u0131 se\u00e7sinler, yapt\u0131klar\u0131 se\u00e7imler kim olduklar\u0131n\u0131 ve neye de\u011fer verdiklerini yans\u0131t\u0131r.<\/p>\r\n\r\n\r\n\r\n<p>Pek \u00e7ok T\u00fcrk kad\u0131n\u0131, zevklerini ve deneyimlerini yans\u0131tan aksesuarlar, yast\u0131klar ve sanat eserleriyle mekanlar\u0131n\u0131 ki\u015fiselle\u015ftirmekten ho\u015flan\u0131yor. Bu ki\u015fiselle\u015ftirme, salt bir dekorasyonun \u00f6tesine ge\u00e7iyor; konfor ve rahatl\u0131k sa\u011flayan bir s\u0131\u011f\u0131nak yaratmakla ilgilidir<\/p>\r\n\r\n\r\n\r\n<p>Gelenek ve Modern Ya\u015fam\u0131 Dengelemek<\/p>\r\n\r\n\r\n\r\n<p>T\u00fcrk kad\u0131nlar\u0131, h\u0131zla de\u011fi\u015fen bir d\u00fcnyaya uyum sa\u011flarken ayn\u0131 zamanda k\u00fclt\u00fcrel geleneklerini koruman\u0131n yollar\u0131n\u0131 bulmakt\u0131r. Geleneksel ve modern mobilyalar\u0131n entegrasyonu, bu bo\u015flu\u011fu doldurmalar\u0131n\u0131 sa\u011flar. \u00d6rne\u011fin, klasik bir T\u00fcrk hal\u0131s\u0131, \u015f\u0131k, modern mobilyalarla e\u015fle\u015ftirilerek hem miras\u0131 hem de \u00e7a\u011fda\u015f esteti\u011fi onurland\u0131ran davetkar bir alan yaratabilir.<\/p>\r\n\r\n\r\n\r\n<p>Bu dengeleme eylemi genellikle evlerinde ger\u00e7ekle\u015fir ve ki\u015fisel yolculuklar\u0131n\u0131 ve T\u00fcrk toplumunun geli\u015fen anlat\u0131lar\u0131n\u0131 yans\u0131t\u0131r. T\u00fcrk kad\u0131nlar\u0131 bu de\u011fi\u015fimlerin \u00fcstesinden gelirken, evlerinin kim olduklar\u0131n\u0131n ve neye de\u011fer verdiklerinin bir yans\u0131mas\u0131 olarak kalmas\u0131n\u0131 sa\u011flayarak dayan\u0131kl\u0131l\u0131klar\u0131n\u0131 ve uyum yeteneklerini sergiliyorlar.<\/p>\r\n\r\n\r\n\r\n<p>Son<\/p>\r\n\r\n\r\n\r\n<p>T\u00fcrk kad\u0131n\u0131n\u0131n mobilyaya olan sevgisi sadece dekorun \u00f6tesine uzan\u0131yor; k\u00fclt\u00fcrel miraslar\u0131n\u0131n, aile de\u011ferlerinin ve modern \u00f6zlemlerinin bir yans\u0131mas\u0131d\u0131r. Gelenek ve \u00e7a\u011fda\u015f tasar\u0131m\u0131n dikkatli bir kar\u0131\u015f\u0131m\u0131yla, gelece\u011fe bakarken ge\u00e7mi\u015fi onurland\u0131ran evler yarat\u0131yorlar.<\/p>\r\n\r\n\r\n\r\n<p>D\u00fcnya geli\u015ftik\u00e7e, T\u00fcrk kad\u0131nlar\u0131n\u0131n mobilyaya olan tutkusu \u015f\u00fcphesiz geli\u015fmeye devam edecek, yarat\u0131c\u0131l\u0131klar\u0131n\u0131 ve zengin bir k\u00fclt\u00fcrel miras\u0131 s\u00fcrd\u00fcrmeye olan ba\u011fl\u0131l\u0131klar\u0131n\u0131 sergileyecektir. \u0130ster g\u00fczel haz\u0131rlanm\u0131\u015f bir yemek masas\u0131, ister ya\u015fam tarzlar\u0131n\u0131 tamamlayan modern bir par\u00e7a olsun, mobilyalar T\u00fcrk kad\u0131nlar\u0131n\u0131n kalbinde her zaman \u00f6zel bir yere sahip olacak, evi, aileyi ve kimli\u011fi simgeleyecektir.<\/p>\r\n\r\n\r\n\r\n<p>\u00d6z\u00fcnde, mobilya sevgisi estetikten daha fazlas\u0131d\u0131r; T\u00fcrk kad\u0131nlar\u0131n\u0131n hayatlar\u0131n\u0131 ve evlerini \u015fekillendiren k\u00f6kl\u00fc bir ba\u011fd\u0131r. Bu a\u015fk\u0131 ke\u015ffetmeye devam ederken, benzersiz hikayelerini anlatan alanlar yaratman\u0131n ne anlama geldi\u011fini yeniden tan\u0131ml\u0131yorlar.<\/p>\r\n\r\n\r\n\r\n<figure class=\"wp-block-embed is-type-rich is-provider-g-mme-tutucu wp-block-embed-g-mme-tutucu\">\r\n<div class=\"wp-block-embed__wrapper\">https:\/\/balidecor.net\/wp-content\/uploads\/2025\/04\/WhatsApp-Video-2025-04-23-at-12.04.21.mp4<\/div>\r\n<\/figure>\r\n\r\n\r\n\r\n<p>&nbsp;<\/p>","protected":false},"excerpt":{"rendered":"<p>&nbsp; T\u00fcrk k\u00fclt\u00fcr\u00fcn\u00fc d\u00fc\u015f\u00fcnd\u00fc\u011f\u00fcm\u00fczde akl\u0131m\u0131za zengin tarihi, muhte\u015fem manzaralar\u0131 ve leziz mutfa\u011f\u0131 gelir. Ancak burada daha fazla dikkat \u00e7eken bir husus ise T\u00fcrk kad\u0131n\u0131n\u0131n mobilyaya olan k\u00f6kl\u00fc sevgisidir. Bu sevgi sadece estetik veya maddi m\u00fclkiyetle ilgili de\u011fildir; k\u00fclt\u00fcrel de\u011ferlerin, ki\u015fisel kimli\u011fin ve aile ve gelene\u011fe ba\u011fl\u0131l\u0131\u011f\u0131n bir yans\u0131mas\u0131d\u0131r. Bu blog yaz\u0131m\u0131zda T\u00fcrk kad\u0131nlar\u0131n\u0131n mobilyayla olan [&hellip;]<\/p>","protected":false},"author":6,"featured_media":2730,"comment_status":"open","ping_status":"open","sticky":false,"template":"","format":"standard","meta":{"_monsterinsights_skip_tracking":false,"_monsterinsights_sitenote_active":false,"_monsterinsights_sitenote_note":"","_monsterinsights_sitenote_category":0,"footnotes":""},"categories":[54],"tags":[287,290,289,291,286,284,285,288,274],"class_list":["post-1768","post","type-post","status-publish","format-standard","has-post-thumbnail","hentry","category-mobilya","tag-bohem-mobilya-modelleri","tag-deniz-sazi-banklar","tag-hasir-bank-modelleri","tag-hasir-tabure-modelleri","tag-masif-ahsap-mobilya-modelleri","tag-modern-ev-dekorasyonu","tag-rattan-mobilya-modelleri","tag-su-sumbulu-bank","tag-su-sumbulu-bench"],"yoast_head":"<!-- This site is optimized with the Yoast SEO plugin v26.7 - https:\/\/yoast.com\/wordpress\/plugins\/seo\/ -->\n<title>T\u00fcrk Kad\u0131n\u0131n\u0131n Mobilyalara Olan A\u015fk\u0131 - Bali Decor<\/title>\n<meta name=\"description\" content=\"Ancak burada daha fazla dikkat \u00e7eken bir husus ise T\u00fcrk kad\u0131n\u0131n\u0131n mobilyaya olan k\u00f6kl\u00fc sevgisidir.\" \/>\n<meta name=\"robots\" content=\"index, follow, max-snippet:-1, max-image-preview:large, max-video-preview:-1\" \/>\n<link rel=\"canonical\" href=\"https:\/\/balidecor.net\/en\/mobilya\/turk-kadininin-mobilyalara-olan-aski\/\" \/>\n<meta property=\"og:locale\" content=\"en_US\" \/>\n<meta property=\"og:type\" content=\"article\" \/>\n<meta property=\"og:title\" content=\"T\u00fcrk Kad\u0131n\u0131n\u0131n Mobilyalara Olan A\u015fk\u0131 - Bali Decor\" \/>\n<meta property=\"og:description\" content=\"Ancak burada daha fazla dikkat \u00e7eken bir husus ise T\u00fcrk kad\u0131n\u0131n\u0131n mobilyaya olan k\u00f6kl\u00fc sevgisidir.\" \/>\n<meta property=\"og:url\" content=\"https:\/\/balidecor.net\/en\/mobilya\/turk-kadininin-mobilyalara-olan-aski\/\" \/>\n<meta property=\"og:site_name\" content=\"Bali Decor\" \/>\n<meta property=\"article:published_time\" content=\"2025-04-23T09:19:37+00:00\" \/>\n<meta property=\"article:modified_time\" content=\"2026-01-23T07:14:29+00:00\" \/>\n<meta property=\"og:image\" content=\"https:\/\/balidecor.net\/wp-content\/uploads\/2026\/01\/Doganin-Konforu-Rattan-ve-Tik-Mobilya-Satin-Alma-Rehberi-En-Iyi-Turler.jpg\" \/>\n\t<meta property=\"og:image:width\" content=\"1280\" \/>\n\t<meta property=\"og:image:height\" content=\"853\" \/>\n\t<meta property=\"og:image:type\" content=\"image\/jpeg\" \/>\n<meta name=\"author\" content=\"Verda\" \/>\n<meta name=\"twitter:card\" content=\"summary_large_image\" \/>\n<meta name=\"twitter:label1\" content=\"Written by\" \/>\n\t<meta name=\"twitter:data1\" content=\"Verda\" \/>\n\t<meta name=\"twitter:label2\" content=\"Est. reading time\" \/>\n\t<meta name=\"twitter:data2\" content=\"4 minutes\" \/>\n<script type=\"application\/ld+json\" class=\"yoast-schema-graph\">{\"@context\":\"https:\/\/schema.org\",\"@graph\":[{\"@type\":\"Article\",\"@id\":\"https:\/\/balidecor.net\/mobilya\/turk-kadininin-mobilyalara-olan-aski\/#article\",\"isPartOf\":{\"@id\":\"https:\/\/balidecor.net\/mobilya\/turk-kadininin-mobilyalara-olan-aski\/\"},\"author\":{\"name\":\"Verda\",\"@id\":\"https:\/\/balidecor.net\/#\/schema\/person\/5894ed19f8915a9018748da97b30cbd0\"},\"headline\":\"T\u00fcrk Kad\u0131n\u0131n\u0131n Mobilyalara Olan A\u015fk\u0131\",\"datePublished\":\"2025-04-23T09:19:37+00:00\",\"dateModified\":\"2026-01-23T07:14:29+00:00\",\"mainEntityOfPage\":{\"@id\":\"https:\/\/balidecor.net\/mobilya\/turk-kadininin-mobilyalara-olan-aski\/\"},\"wordCount\":1345,\"commentCount\":0,\"publisher\":{\"@id\":\"https:\/\/balidecor.net\/#organization\"},\"image\":{\"@id\":\"https:\/\/balidecor.net\/mobilya\/turk-kadininin-mobilyalara-olan-aski\/#primaryimage\"},\"thumbnailUrl\":\"https:\/\/balidecor.net\/wp-content\/uploads\/2026\/01\/Doganin-Konforu-Rattan-ve-Tik-Mobilya-Satin-Alma-Rehberi-En-Iyi-Turler.jpg\",\"keywords\":[\"bohem mobilya modelleri\",\"deniz saz\u0131 banklar\",\"has\u0131r bank modelleri\",\"has\u0131r tabure modelleri\",\"masif ah\u015fap mobilya modelleri\",\"modern ev dekorasyonu\",\"rattan mobilya modelleri\",\"su s\u00fcmb\u00fcl\u00fc bank\",\"su s\u00fcmb\u00fcl\u00fc bench\"],\"articleSection\":[\"Mobilya\"],\"inLanguage\":\"en-US\",\"potentialAction\":[{\"@type\":\"CommentAction\",\"name\":\"Comment\",\"target\":[\"https:\/\/balidecor.net\/mobilya\/turk-kadininin-mobilyalara-olan-aski\/#respond\"]}]},{\"@type\":\"WebPage\",\"@id\":\"https:\/\/balidecor.net\/mobilya\/turk-kadininin-mobilyalara-olan-aski\/\",\"url\":\"https:\/\/balidecor.net\/mobilya\/turk-kadininin-mobilyalara-olan-aski\/\",\"name\":\"T\u00fcrk Kad\u0131n\u0131n\u0131n Mobilyalara Olan A\u015fk\u0131 - Bali Decor\",\"isPartOf\":{\"@id\":\"https:\/\/balidecor.net\/#website\"},\"primaryImageOfPage\":{\"@id\":\"https:\/\/balidecor.net\/mobilya\/turk-kadininin-mobilyalara-olan-aski\/#primaryimage\"},\"image\":{\"@id\":\"https:\/\/balidecor.net\/mobilya\/turk-kadininin-mobilyalara-olan-aski\/#primaryimage\"},\"thumbnailUrl\":\"https:\/\/balidecor.net\/wp-content\/uploads\/2026\/01\/Doganin-Konforu-Rattan-ve-Tik-Mobilya-Satin-Alma-Rehberi-En-Iyi-Turler.jpg\",\"datePublished\":\"2025-04-23T09:19:37+00:00\",\"dateModified\":\"2026-01-23T07:14:29+00:00\",\"description\":\"Ancak burada daha fazla dikkat \u00e7eken bir husus ise T\u00fcrk kad\u0131n\u0131n\u0131n mobilyaya olan k\u00f6kl\u00fc sevgisidir.\",\"breadcrumb\":{\"@id\":\"https:\/\/balidecor.net\/mobilya\/turk-kadininin-mobilyalara-olan-aski\/#breadcrumb\"},\"inLanguage\":\"en-US\",\"potentialAction\":[{\"@type\":\"ReadAction\",\"target\":[\"https:\/\/balidecor.net\/mobilya\/turk-kadininin-mobilyalara-olan-aski\/\"]}]},{\"@type\":\"ImageObject\",\"inLanguage\":\"en-US\",\"@id\":\"https:\/\/balidecor.net\/mobilya\/turk-kadininin-mobilyalara-olan-aski\/#primaryimage\",\"url\":\"https:\/\/balidecor.net\/wp-content\/uploads\/2026\/01\/Doganin-Konforu-Rattan-ve-Tik-Mobilya-Satin-Alma-Rehberi-En-Iyi-Turler.jpg\",\"contentUrl\":\"https:\/\/balidecor.net\/wp-content\/uploads\/2026\/01\/Doganin-Konforu-Rattan-ve-Tik-Mobilya-Satin-Alma-Rehberi-En-Iyi-Turler.jpg\",\"width\":1280,\"height\":853,\"caption\":\"Mobilya\"},{\"@type\":\"BreadcrumbList\",\"@id\":\"https:\/\/balidecor.net\/mobilya\/turk-kadininin-mobilyalara-olan-aski\/#breadcrumb\",\"itemListElement\":[{\"@type\":\"ListItem\",\"position\":1,\"name\":\"Ev\",\"item\":\"https:\/\/balidecor.net\/\"},{\"@type\":\"ListItem\",\"position\":2,\"name\":\"Mobilya\",\"item\":\"https:\/\/balidecor.net\/blog\/mobilya\/\"},{\"@type\":\"ListItem\",\"position\":3,\"name\":\"T\u00fcrk Kad\u0131n\u0131n\u0131n Mobilyalara Olan A\u015fk\u0131\"}]},{\"@type\":\"WebSite\",\"@id\":\"https:\/\/balidecor.net\/#website\",\"url\":\"https:\/\/balidecor.net\/\",\"name\":\"Bali Decor\",\"description\":\"\",\"publisher\":{\"@id\":\"https:\/\/balidecor.net\/#organization\"},\"potentialAction\":[{\"@type\":\"SearchAction\",\"target\":{\"@type\":\"EntryPoint\",\"urlTemplate\":\"https:\/\/balidecor.net\/?s={search_term_string}\"},\"query-input\":{\"@type\":\"PropertyValueSpecification\",\"valueRequired\":true,\"valueName\":\"search_term_string\"}}],\"inLanguage\":\"en-US\"},{\"@type\":\"Organization\",\"@id\":\"https:\/\/balidecor.net\/#organization\",\"name\":\"Bali Decor\",\"url\":\"https:\/\/balidecor.net\/\",\"logo\":{\"@type\":\"ImageObject\",\"inLanguage\":\"en-US\",\"@id\":\"https:\/\/balidecor.net\/#\/schema\/logo\/image\/\",\"url\":\"https:\/\/balidecor.net\/wp-content\/uploads\/2024\/02\/cropped-cropped-cropped-Rectangle-3-1-1-2.png\",\"contentUrl\":\"https:\/\/balidecor.net\/wp-content\/uploads\/2024\/02\/cropped-cropped-cropped-Rectangle-3-1-1-2.png\",\"width\":149,\"height\":109,\"caption\":\"Bali Decor\"},\"image\":{\"@id\":\"https:\/\/balidecor.net\/#\/schema\/logo\/image\/\"},\"sameAs\":[\"https:\/\/www.instagram.com\/baliidecor\"]},{\"@type\":\"Person\",\"@id\":\"https:\/\/balidecor.net\/#\/schema\/person\/5894ed19f8915a9018748da97b30cbd0\",\"name\":\"Verda\",\"image\":{\"@type\":\"ImageObject\",\"inLanguage\":\"en-US\",\"@id\":\"https:\/\/balidecor.net\/#\/schema\/person\/image\/\",\"url\":\"https:\/\/secure.gravatar.com\/avatar\/c0551e5cc12c483aae0da052cda1e3829236976522aba16a17de9b2ebf4324eb?s=96&d=mm&r=g\",\"contentUrl\":\"https:\/\/secure.gravatar.com\/avatar\/c0551e5cc12c483aae0da052cda1e3829236976522aba16a17de9b2ebf4324eb?s=96&d=mm&r=g\",\"caption\":\"Verda\"},\"url\":\"https:\/\/balidecor.net\/en\/author\/verda\/\"}]}<\/script>\n<!-- \/ Yoast SEO plugin. -->","yoast_head_json":{"title":"T\u00fcrk Kad\u0131n\u0131n\u0131n Mobilyalara Olan A\u015fk\u0131 - Bali Decor","description":"Ancak burada daha fazla dikkat \u00e7eken bir husus ise T\u00fcrk kad\u0131n\u0131n\u0131n mobilyaya olan k\u00f6kl\u00fc sevgisidir.","robots":{"index":"index","follow":"follow","max-snippet":"max-snippet:-1","max-image-preview":"max-image-preview:large","max-video-preview":"max-video-preview:-1"},"canonical":"https:\/\/balidecor.net\/en\/mobilya\/turk-kadininin-mobilyalara-olan-aski\/","og_locale":"en_US","og_type":"article","og_title":"T\u00fcrk Kad\u0131n\u0131n\u0131n Mobilyalara Olan A\u015fk\u0131 - Bali Decor","og_description":"Ancak burada daha fazla dikkat \u00e7eken bir husus ise T\u00fcrk kad\u0131n\u0131n\u0131n mobilyaya olan k\u00f6kl\u00fc sevgisidir.","og_url":"https:\/\/balidecor.net\/en\/mobilya\/turk-kadininin-mobilyalara-olan-aski\/","og_site_name":"Bali Decor","article_published_time":"2025-04-23T09:19:37+00:00","article_modified_time":"2026-01-23T07:14:29+00:00","og_image":[{"width":1280,"height":853,"url":"https:\/\/balidecor.net\/wp-content\/uploads\/2026\/01\/Doganin-Konforu-Rattan-ve-Tik-Mobilya-Satin-Alma-Rehberi-En-Iyi-Turler.jpg","type":"image\/jpeg"}],"author":"Verda","twitter_card":"summary_large_image","twitter_misc":{"Written by":"Verda","Est. reading time":"4 minutes"},"schema":{"@context":"https:\/\/schema.org","@graph":[{"@type":"Article","@id":"https:\/\/balidecor.net\/mobilya\/turk-kadininin-mobilyalara-olan-aski\/#article","isPartOf":{"@id":"https:\/\/balidecor.net\/mobilya\/turk-kadininin-mobilyalara-olan-aski\/"},"author":{"name":"Verda","@id":"https:\/\/balidecor.net\/#\/schema\/person\/5894ed19f8915a9018748da97b30cbd0"},"headline":"T\u00fcrk Kad\u0131n\u0131n\u0131n Mobilyalara Olan A\u015fk\u0131","datePublished":"2025-04-23T09:19:37+00:00","dateModified":"2026-01-23T07:14:29+00:00","mainEntityOfPage":{"@id":"https:\/\/balidecor.net\/mobilya\/turk-kadininin-mobilyalara-olan-aski\/"},"wordCount":1345,"commentCount":0,"publisher":{"@id":"https:\/\/balidecor.net\/#organization"},"image":{"@id":"https:\/\/balidecor.net\/mobilya\/turk-kadininin-mobilyalara-olan-aski\/#primaryimage"},"thumbnailUrl":"https:\/\/balidecor.net\/wp-content\/uploads\/2026\/01\/Doganin-Konforu-Rattan-ve-Tik-Mobilya-Satin-Alma-Rehberi-En-Iyi-Turler.jpg","keywords":["bohem mobilya modelleri","deniz saz\u0131 banklar","has\u0131r bank modelleri","has\u0131r tabure modelleri","masif ah\u015fap mobilya modelleri","modern ev dekorasyonu","rattan mobilya modelleri","su s\u00fcmb\u00fcl\u00fc bank","su s\u00fcmb\u00fcl\u00fc bench"],"articleSection":["Mobilya"],"inLanguage":"en-US","potentialAction":[{"@type":"CommentAction","name":"Comment","target":["https:\/\/balidecor.net\/mobilya\/turk-kadininin-mobilyalara-olan-aski\/#respond"]}]},{"@type":"WebPage","@id":"https:\/\/balidecor.net\/mobilya\/turk-kadininin-mobilyalara-olan-aski\/","url":"https:\/\/balidecor.net\/mobilya\/turk-kadininin-mobilyalara-olan-aski\/","name":"T\u00fcrk Kad\u0131n\u0131n\u0131n Mobilyalara Olan A\u015fk\u0131 - Bali Decor","isPartOf":{"@id":"https:\/\/balidecor.net\/#website"},"primaryImageOfPage":{"@id":"https:\/\/balidecor.net\/mobilya\/turk-kadininin-mobilyalara-olan-aski\/#primaryimage"},"image":{"@id":"https:\/\/balidecor.net\/mobilya\/turk-kadininin-mobilyalara-olan-aski\/#primaryimage"},"thumbnailUrl":"https:\/\/balidecor.net\/wp-content\/uploads\/2026\/01\/Doganin-Konforu-Rattan-ve-Tik-Mobilya-Satin-Alma-Rehberi-En-Iyi-Turler.jpg","datePublished":"2025-04-23T09:19:37+00:00","dateModified":"2026-01-23T07:14:29+00:00","description":"Ancak burada daha fazla dikkat \u00e7eken bir husus ise T\u00fcrk kad\u0131n\u0131n\u0131n mobilyaya olan k\u00f6kl\u00fc sevgisidir.","breadcrumb":{"@id":"https:\/\/balidecor.net\/mobilya\/turk-kadininin-mobilyalara-olan-aski\/#breadcrumb"},"inLanguage":"en-US","potentialAction":[{"@type":"ReadAction","target":["https:\/\/balidecor.net\/mobilya\/turk-kadininin-mobilyalara-olan-aski\/"]}]},{"@type":"ImageObject","inLanguage":"en-US","@id":"https:\/\/balidecor.net\/mobilya\/turk-kadininin-mobilyalara-olan-aski\/#primaryimage","url":"https:\/\/balidecor.net\/wp-content\/uploads\/2026\/01\/Doganin-Konforu-Rattan-ve-Tik-Mobilya-Satin-Alma-Rehberi-En-Iyi-Turler.jpg","contentUrl":"https:\/\/balidecor.net\/wp-content\/uploads\/2026\/01\/Doganin-Konforu-Rattan-ve-Tik-Mobilya-Satin-Alma-Rehberi-En-Iyi-Turler.jpg","width":1280,"height":853,"caption":"Mobilya"},{"@type":"BreadcrumbList","@id":"https:\/\/balidecor.net\/mobilya\/turk-kadininin-mobilyalara-olan-aski\/#breadcrumb","itemListElement":[{"@type":"ListItem","position":1,"name":"Ev","item":"https:\/\/balidecor.net\/"},{"@type":"ListItem","position":2,"name":"Mobilya","item":"https:\/\/balidecor.net\/blog\/mobilya\/"},{"@type":"ListItem","position":3,"name":"T\u00fcrk Kad\u0131n\u0131n\u0131n Mobilyalara Olan A\u015fk\u0131"}]},{"@type":"WebSite","@id":"https:\/\/balidecor.net\/#website","url":"https:\/\/balidecor.net\/","name":"Bali Decor","description":"","publisher":{"@id":"https:\/\/balidecor.net\/#organization"},"potentialAction":[{"@type":"SearchAction","target":{"@type":"EntryPoint","urlTemplate":"https:\/\/balidecor.net\/?s={search_term_string}"},"query-input":{"@type":"PropertyValueSpecification","valueRequired":true,"valueName":"search_term_string"}}],"inLanguage":"en-US"},{"@type":"Organization","@id":"https:\/\/balidecor.net\/#organization","name":"Bali Decor","url":"https:\/\/balidecor.net\/","logo":{"@type":"ImageObject","inLanguage":"en-US","@id":"https:\/\/balidecor.net\/#\/schema\/logo\/image\/","url":"https:\/\/balidecor.net\/wp-content\/uploads\/2024\/02\/cropped-cropped-cropped-Rectangle-3-1-1-2.png","contentUrl":"https:\/\/balidecor.net\/wp-content\/uploads\/2024\/02\/cropped-cropped-cropped-Rectangle-3-1-1-2.png","width":149,"height":109,"caption":"Bali Decor"},"image":{"@id":"https:\/\/balidecor.net\/#\/schema\/logo\/image\/"},"sameAs":["https:\/\/www.instagram.com\/baliidecor"]},{"@type":"Person","@id":"https:\/\/balidecor.net\/#\/schema\/person\/5894ed19f8915a9018748da97b30cbd0","name":"Verda","image":{"@type":"ImageObject","inLanguage":"en-US","@id":"https:\/\/balidecor.net\/#\/schema\/person\/image\/","url":"https:\/\/secure.gravatar.com\/avatar\/c0551e5cc12c483aae0da052cda1e3829236976522aba16a17de9b2ebf4324eb?s=96&d=mm&r=g","contentUrl":"https:\/\/secure.gravatar.com\/avatar\/c0551e5cc12c483aae0da052cda1e3829236976522aba16a17de9b2ebf4324eb?s=96&d=mm&r=g","caption":"Verda"},"url":"https:\/\/balidecor.net\/en\/author\/verda\/"}]}},"_links":{"self":[{"href":"https:\/\/balidecor.net\/en\/wp-json\/wp\/v2\/posts\/1768","targetHints":{"allow":["GET"]}}],"collection":[{"href":"https:\/\/balidecor.net\/en\/wp-json\/wp\/v2\/posts"}],"about":[{"href":"https:\/\/balidecor.net\/en\/wp-json\/wp\/v2\/types\/post"}],"author":[{"embeddable":true,"href":"https:\/\/balidecor.net\/en\/wp-json\/wp\/v2\/users\/6"}],"replies":[{"embeddable":true,"href":"https:\/\/balidecor.net\/en\/wp-json\/wp\/v2\/comments?post=1768"}],"version-history":[{"count":4,"href":"https:\/\/balidecor.net\/en\/wp-json\/wp\/v2\/posts\/1768\/revisions"}],"predecessor-version":[{"id":3185,"href":"https:\/\/balidecor.net\/en\/wp-json\/wp\/v2\/posts\/1768\/revisions\/3185"}],"wp:featuredmedia":[{"embeddable":true,"href":"https:\/\/balidecor.net\/en\/wp-json\/wp\/v2\/media\/2730"}],"wp:attachment":[{"href":"https:\/\/balidecor.net\/en\/wp-json\/wp\/v2\/media?parent=1768"}],"wp:term":[{"taxonomy":"category","embeddable":true,"href":"https:\/\/balidecor.net\/en\/wp-json\/wp\/v2\/categories?post=1768"},{"taxonomy":"post_tag","embeddable":true,"href":"https:\/\/balidecor.net\/en\/wp-json\/wp\/v2\/tags?post=1768"}],"curies":[{"name":"wp","href":"https:\/\/api.w.org\/{rel}","templated":true}]}}