{"id":1776,"date":"2025-04-24T09:25:34","date_gmt":"2025-04-24T09:25:34","guid":{"rendered":"https:\/\/balidecor.net\/?p=1776"},"modified":"2026-01-23T10:13:10","modified_gmt":"2026-01-23T07:13:10","slug":"egzotik-mobilyalarda-guzellik-bir-turk-kadininin-rattan-ve-ahsap-dekor-ile-iliskisi","status":"publish","type":"post","link":"https:\/\/balidecor.net\/en\/mobilya\/egzotik-mobilyalarda-guzellik-bir-turk-kadininin-rattan-ve-ahsap-dekor-ile-iliskisi\/","title":{"rendered":"Egzotik Mobilyalarda G\u00fczellik: Bir T\u00fcrk Kad\u0131n\u0131n\u0131n Rattan ve Ah\u015fap Dekor ile \u0130li\u015fkisi"},"content":{"rendered":"<p>Ev, bir insan\u0131n hayat\u0131ndaki en \u00f6nemli mekanlardan biridir. \u00d6zellikle T\u00fcrk kad\u0131nlar\u0131 i\u00e7in ev, sadece bir ya\u015fam alan\u0131 de\u011fil, ayn\u0131 zamanda kimliklerini, k\u00fclt\u00fcrel de\u011ferlerini ve estetik anlay\u0131\u015flar\u0131n\u0131 yans\u0131tt\u0131klar\u0131 bir yerdir. Bu ba\u011flamda, evdeki mobilyalar b\u00fcy\u00fck bir \u00f6neme sahiptir. Rattan mobilyalar ve ah\u015fap dekor gibi egzotik par\u00e7alar, bir\u00e7ok T\u00fcrk kad\u0131n\u0131 i\u00e7in g\u00fczellik ve zarafetin sembol\u00fc haline gelmi\u015ftir. Bu yaz\u0131da, bir T\u00fcrk kad\u0131n\u0131n\u0131n evindeki egzotik mobilyalarda nas\u0131l g\u00fczellik buldu\u011funu ke\u015ffedece\u011fiz.<\/p>\r\n\r\n\r\n\r\n<p>Rattan Mobilyalar\u0131n Cazibesi<\/p>\r\n\r\n\r\n\r\n<p>Rattan mobilyalar, <a href=\"https:\/\/www.instagram.com\/baliidecor?igsh=MWpvdmEyMnZtcTVoNQ%3D%3D&amp;utm_source=qr\">Bali Decor<\/a>,T\u00fcrkiye&#8217;de son y\u0131llarda b\u00fcy\u00fck bir pop\u00fclarite kazanm\u0131\u015ft\u0131r. Do\u011fal bir malzeme olan rattan, hafifli\u011fi ve dayan\u0131kl\u0131l\u0131\u011f\u0131 ile bilinirken, ayn\u0131 zamanda s\u0131cak ve organik bir \u00e7ekicilik sunar. T\u00fcrk kad\u0131nlar\u0131, rattan mobilyalar\u0131n evlerine katt\u0131\u011f\u0131 estetik ve konforu takdir ederler.<\/p>\r\n\r\n\r\n\r\n<p>Do\u011fa ile Ba\u011flant\u0131<\/p>\r\n\r\n\r\n\r\n<p>Rattan mobilyalar\u0131n en b\u00fcy\u00fck g\u00fczelliklerinden biri, do\u011fay\u0131 i\u00e7 mekanlara ta\u015f\u0131ma yetene\u011fidir. Rattan\u0131n karma\u015f\u0131k dokuma desenleri ve do\u011fal tonlar\u0131, evde huzur ve dinginlik hissi yarat\u0131r.<a href=\"https:\/\/www.trendyol.com\/magaza\/m-m-822501\">Bali Decor<\/a>, Bir T\u00fcrk kad\u0131n\u0131, rattan bir sandalye veya sehpa se\u00e7erek, evinde s\u0131cak bir okuma k\u00f6\u015fesi olu\u015fturabilir. Bu k\u00f6\u015fe, bir fincan \u00e7ay e\u015fli\u011finde dinlenmek i\u00e7in m\u00fckemmel bir alan sunar.<\/p>\r\n\r\n\r\n\r\n<p>Tasar\u0131mda \u00c7ok Y\u00f6nl\u00fcl\u00fck<\/p>\r\n\r\n\r\n\r\n<p>Rattan mobilyalar, \u00e7e\u015fitli i\u00e7 mekan tasar\u0131m stillerine m\u00fckemmel bir \u015fekilde uyum sa\u011flar. Modern minimalist bir g\u00f6r\u00fcn\u00fcmden, geleneksel T\u00fcrk atmosferine kadar her tarza hitap edebilir. Bir T\u00fcrk kad\u0131n\u0131, rattan bir kanepeyi canl\u0131 yast\u0131klar ve \u00f6rt\u00fclerle birle\u015ftirerek, hem \u015f\u0131k hem de davetkar bir ortam<\/p>\r\n\r\n\r\n\r\n<p>yaratabilir. Rattan\u0131n \u00e7ok y\u00f6nl\u00fcl\u00fc\u011f\u00fc, ki\u015fisel dokunu\u015flar eklemeye olanak tan\u0131r ve her par\u00e7ay\u0131 onun benzersiz zevkini yans\u0131tan bir hale getirir.<\/p>\r\n\r\n\r\n\r\n<p>Ah\u015fap Dekorun Zamans\u0131z \u00c7ekicili\u011fi<\/p>\r\n\r\n\r\n\r\n<p>Ah\u015fap dekor, bir\u00e7ok T\u00fcrk kad\u0131n\u0131n\u0131n evinde vazge\u00e7ilmez bir unsurdur. Ah\u015fab\u0131n s\u0131cakl\u0131\u011f\u0131 ve zenginli\u011fi, evin davetkar bir atmosfer yaratmas\u0131na yard\u0131mc\u0131 olur.<\/p>\r\n\r\n\r\n\r\n<p>El Sanatlar\u0131 ve Gelenek<\/p>\r\n\r\n\r\n\r\n<p>T\u00fcrkiye, ah\u015fap i\u015f\u00e7ili\u011fi konusunda k\u00f6kl\u00fc bir gelene\u011fe sahiptir. Bir\u00e7ok T\u00fcrk kad\u0131n\u0131, evlerine el yap\u0131m\u0131 ah\u015fap par\u00e7alar ekleyerek, bu sanat\u0131n de\u011ferini takdir eder. G\u00fczel bir \u015fekilde oyulmu\u015f bir ah\u015fap masa veya zarif tasar\u0131ml\u0131 raflar, bir odan\u0131n odak noktas\u0131 haline gelebilir ve T\u00fcrkiye&#8217;nin zengin k\u00fclt\u00fcrel miras\u0131n\u0131 sergileyebilir.<\/p>\r\n\r\n\r\n\r\n<p>S\u00fcrd\u00fcr\u00fclebilirlik ve Miras Ba\u011flant\u0131s\u0131<\/p>\r\n\r\n\r\n\r\n<p>S\u00fcrd\u00fcr\u00fclebilirlik g\u00fcn\u00fcm\u00fczde giderek daha fazla \u00f6nem kazanmaktad\u0131r. Ah\u015fap dekor, \u00e7evre dostu bir se\u00e7enek sunarak bir\u00e7ok T\u00fcrk kad\u0131n\u0131n\u0131n ilgisini \u00e7eker. Sorumlu bir \u015fekilde temin edilen ah\u015fap kullanmak, s\u00fcrd\u00fcr\u00fclebilir uygulamalar\u0131 desteklemenin yan\u0131 s\u0131ra, do\u011fayla bir ba\u011f kurmay\u0131 da sa\u011flar. Bir T\u00fcrk kad\u0131n\u0131, geri d\u00f6n\u00fc\u015ft\u00fcr\u00fclm\u00fc\u015f ah\u015faptan yap\u0131lm\u0131\u015f bir yemek masas\u0131 se\u00e7erek, hem estetik hem de \u00e7evresel a\u00e7\u0131dan anlaml\u0131 bir tercih yapabilir.<\/p>\r\n\r\n\r\n\r\n<div style=\"width: 640px;\" class=\"wp-video\"><video class=\"wp-video-shortcode\" id=\"video-1776-1\" width=\"640\" height=\"360\" preload=\"metadata\" controls=\"controls\"><source type=\"video\/mp4\" src=\"https:\/\/balidecor.net\/wp-content\/uploads\/2025\/04\/WhatsApp-Video-2025-04-24-at-12.01.17.mp4?_=1\" \/><a href=\"https:\/\/balidecor.net\/wp-content\/uploads\/2025\/04\/WhatsApp-Video-2025-04-24-at-12.01.17.mp4\">https:\/\/balidecor.net\/wp-content\/uploads\/2025\/04\/WhatsApp-Video-2025-04-24-at-12.01.17.mp4<\/a><\/video><\/div>\r\n\r\n\r\n\r\n<p>Uyumlu Bir Alan Yaratmak<\/p>\r\n\r\n\r\n\r\n<p>Rattan mobilyalar ve ah\u015fap dekorun birle\u015fimi, T\u00fcrk kad\u0131nlar\u0131n\u0131n ki\u015filiklerini ve de\u011ferlerini yans\u0131tan uyumlu ya\u015fam alanlar\u0131 yaratmalar\u0131na olanak tan\u0131r. Doku, renk ve malzeme oyunlar\u0131, bir evi ev yapan unsurlard\u0131r.<\/p>\r\n\r\n\r\n\r\n<p>Doku Katmanlama<\/p>\r\n\r\n\r\n\r\n<p>\u0130\u00e7 mekan tasar\u0131m\u0131nda doku katmanlama, derinlik ve ilgi yaratman\u0131n anahtar\u0131d\u0131r. Bir T\u00fcrk kad\u0131n\u0131, rattan ve ah\u015fab\u0131 di\u011fer malzemelerle birle\u015ftirerek, zengin ve davetkar bir atmosfer olu\u015fturabilir. \u00d6rne\u011fin, rattan bir sandalyeyi ah\u015fap bir yan masa ile birle\u015ftirip, yumu\u015fak dokulu bir hal\u0131 ile tamamlayarak, s\u0131cak ve samimi bir ortam yaratabilir. Bu katmanlama, estetik \u00e7ekicili\u011fi art\u0131r\u0131rken, ayn\u0131 zamanda konfor ve s\u0131cakl\u0131k da sa\u011flar.<\/p>\r\n\r\n\r\n\r\n<p>Ki\u015fisel Dokunu\u015flar<\/p>\r\n\r\n\r\n\r\n<p>T\u00fcrk kad\u0131nlar\u0131, evlerini dekore ederken ki\u015fisel dokunu\u015flar eklemeyi \u00f6nemserler. Aile yadigar\u0131 e\u015fyalar, el yap\u0131m\u0131 \u00fcr\u00fcnler ve seyahat hat\u0131ralar\u0131, rattan ve ah\u015fap par\u00e7alarla birlikte sergilenerek, evde benzersiz bir anlat\u0131 olu\u015fturabilir. Bir T\u00fcrk kad\u0131n\u0131, seyahatlerinden getirdi\u011fi ah\u015fap kaseleri veya aile foto\u011fraflar\u0131n\u0131 rattan \u00e7er\u00e7evelerde sergileyerek, dekoruna anlam katabilir.<\/p>\r\n\r\n\r\n\r\n<p>Egzotik Mobilyalarda Renk Rol\u00fc<\/p>\r\n\r\n\r\n\r\n<p>Renk, mobilyalar\u0131n alg\u0131lanmas\u0131nda ve evin genel atmosferine katk\u0131da bulunmas\u0131nda \u00f6nemli bir rol oynar. T\u00fcrk kad\u0131nlar\u0131, k\u00fclt\u00fcrel miraslar\u0131n\u0131 yans\u0131tan canl\u0131 renkleri benimsemekte ve bu renkleri rattan ve ah\u015fap ile uyumlu hale getirmektedir.<\/p>\r\n\r\n\r\n\r\n<p>Do\u011fal Tonlar ve Canl\u0131 Vurgular<\/p>\r\n\r\n\r\n\r\n<p>Rattan mobilyalar <a href=\"http:\/\/www.balidecor.net\">Bali Decor<\/a>,genellikle do\u011fal tonlarda oldu\u011fu i\u00e7in, bu par\u00e7alar cesur renklerle m\u00fckemmel bir \u015fekilde kombinlenebilir. Bir T\u00fcrk kad\u0131n\u0131, rattan kanepesini derin mavi, z\u00fcmr\u00fct ye\u015fili veya canl\u0131 k\u0131rm\u0131z\u0131 gibi zengin tonlarla vurgulayarak, dikkat \u00e7ekici bir g\u00f6rsel kontrast yaratabilir. Bu kombinasyon, mekanda hem uyum hem de canl\u0131l\u0131k sa\u011flar.<\/p>\r\n\r\n\r\n\r\n<p>Mevsimsel Dekor De\u011fi\u015fiklikleri<\/p>\r\n\r\n\r\n\r\n<p>Bir\u00e7ok T\u00fcrk kad\u0131n\u0131, mevsimlere g\u00f6re ev dekorunu de\u011fi\u015ftirmeyi sever. Rattan ve ah\u015fap mobilyalar\u0131n \u00e7ok y\u00f6nl\u00fcl\u00fc\u011f\u00fc, bu de\u011fi\u015fiklikleri kolayla\u015ft\u0131r\u0131r. Bahar ve yaz aylar\u0131nda daha hafif kuma\u015flar ve parlak renkler tercih edilirken, sonbahar ve k\u0131\u015f aylar\u0131nda daha s\u0131cak tonlar ve a\u011f\u0131r dokular tercih edilebilir. Bu adaptasyon, evin mevsimlerin de\u011fi\u015fimiyle birlikte yenilenmesini sa\u011flar.<\/p>\r\n\r\n\r\n\r\n<p>Evdeki Duygusal Ba\u011flant\u0131<\/p>\r\n\r\n\r\n\r\n<p>Bir T\u00fcrk kad\u0131n\u0131 i\u00e7in egzotik mobilyalarda bulunan g\u00fczellik, sadece estetikle s\u0131n\u0131rl\u0131 de\u011fildir; ayn\u0131 zamanda duygusal ba\u011flarla da i\u00e7 i\u00e7edir. Her bir mobilya par\u00e7as\u0131, an\u0131lar, konfor ve aidiyet duygusu uyand\u0131rabilir.<\/p>\r\n\r\n\r\n\r\n<p>An\u0131 Yaratma<\/p>\r\n\r\n\r\n\r\n<p>Rattan bir yemek masas\u0131, aile yemeklerinin merkezi olabilir; burada kahkahalar ve hikayeler payla\u015f\u0131l\u0131r. Ah\u015fap bir sallanan sandalye, \u00e7ocuklara masal okunan \u00f6zel bir yer haline gelebilir. Bu anlar, mobilyalar\u0131 sadece i\u015flevsel e\u015fyalar olmaktan \u00e7\u0131kararak, aile ya\u015fam\u0131n\u0131n ayr\u0131lmaz bir par\u00e7as\u0131 haline getirir.<\/p>\r\n\r\n\r\n\r\n<p>Kimlik Hissi<\/p>\r\n\r\n\r\n\r\n<p>Mobilya se\u00e7imi, bir kad\u0131n\u0131n kimli\u011fini ve de\u011ferlerini yans\u0131tabilir. Rattan ve ah\u015fap par\u00e7alar\u0131 se\u00e7erek, bir T\u00fcrk kad\u0131n\u0131 do\u011faya, el sanatlar\u0131na ve s\u00fcrd\u00fcr\u00fclebilirli\u011fe olan takdirini ifade edebilir. Bu bilin\u00e7li se\u00e7im, evin onun inan\u00e7lar\u0131 ve ya\u015fam tarz\u0131yla uyumlu olmas\u0131n\u0131 sa\u011flar ve aidiyet hissini g\u00fc\u00e7lendirir.<\/p>\r\n\r\n\r\n\r\n<p>Sonu\u00e7: G\u00fcnl\u00fck Hayatta G\u00fczellik Bulmak<\/p>\r\n\r\n\r\n\r\n<p>Sonu\u00e7 olarak, bir T\u00fcrk kad\u0131n\u0131n\u0131n egzotik mobilyalarda buldu\u011fu g\u00fczellik, \u00e7ok boyutludur. Do\u011fayla ba\u011flant\u0131, el sanatlar\u0131na sayg\u0131 ve ki\u015fisel kimlik yans\u0131malar\u0131, bu g\u00fczelli\u011fin temel ta\u015flar\u0131n\u0131 olu\u015fturur. Rattan ve ah\u015fap gibi unsurlarla d\u00fc\u015f\u00fcnceli bir \u015fekilde dekore edilen bir ya\u015fam alan\u0131, sadece estetik bir ortam yaratmakla kalmaz, ayn\u0131 zamanda hayat\u0131 zenginle\u015ftirir.<\/p>\r\n\r\n\r\n\r\n<p>D\u00fcnya de\u011fi\u015fmeye devam ederken, rattan ve ah\u015fab\u0131n zamans\u0131z \u00e7ekicili\u011fi sabit kal\u0131r ve gelenek ile modernite aras\u0131nda bir k\u00f6pr\u00fc kurar. Bir\u00e7ok T\u00fcrk kad\u0131n\u0131 i\u00e7in bu malzemeler, sadece estetik de\u011fil; ayn\u0131 zamanda g\u00fczellik, konfor ve aidiyet duygusunu temsil eder. Her dokuma detay\u0131nda ve cilal\u0131 y\u00fczeyde, anlat\u0131lmay\u0131 bekleyen bir hikaye vard\u0131r.<\/p>\r\n\r\n\r\n\r\n<p>&nbsp;<\/p>","protected":false},"excerpt":{"rendered":"<p>Ev, bir insan\u0131n hayat\u0131ndaki en \u00f6nemli mekanlardan biridir. \u00d6zellikle T\u00fcrk kad\u0131nlar\u0131 i\u00e7in ev, sadece bir ya\u015fam alan\u0131 de\u011fil, ayn\u0131 zamanda kimliklerini, k\u00fclt\u00fcrel de\u011ferlerini ve estetik anlay\u0131\u015flar\u0131n\u0131 yans\u0131tt\u0131klar\u0131 bir yerdir. Bu ba\u011flamda, evdeki mobilyalar b\u00fcy\u00fck bir \u00f6neme sahiptir. Rattan mobilyalar ve ah\u015fap dekor gibi egzotik par\u00e7alar, bir\u00e7ok T\u00fcrk kad\u0131n\u0131 i\u00e7in g\u00fczellik ve zarafetin sembol\u00fc haline gelmi\u015ftir. [&hellip;]<\/p>","protected":false},"author":6,"featured_media":1508,"comment_status":"open","ping_status":"open","sticky":false,"template":"","format":"standard","meta":{"_monsterinsights_skip_tracking":false,"_monsterinsights_sitenote_active":false,"_monsterinsights_sitenote_note":"","_monsterinsights_sitenote_category":0,"footnotes":""},"categories":[54,369],"tags":[264,265,261,263,286,284,285,259,274,262],"class_list":["post-1776","post","type-post","status-publish","format-standard","has-post-thumbnail","hentry","category-mobilya","category-rattan-dekorasyon","tag-ahsap-yuvarlak-sehpa","tag-bahce-ve-balkon-mobilyalari","tag-bohem-ev-dekorasyonu","tag-masif-ahsap","tag-masif-ahsap-mobilya-modelleri","tag-modern-ev-dekorasyonu","tag-rattan-mobilya-modelleri","tag-rattan-sandalye","tag-su-sumbulu-bench","tag-tasarim-evler"],"yoast_head":"<!-- This site is optimized with the Yoast SEO plugin v26.7 - https:\/\/yoast.com\/wordpress\/plugins\/seo\/ -->\n<title>Egzotik Mobilyalarda G\u00fczellik: Bir T\u00fcrk Kad\u0131n\u0131n\u0131n Rattan ve Ah\u015fap Dekor ile \u0130li\u015fkisi - Bali Decor<\/title>\n<meta name=\"description\" content=\"Rattan mobilyalar ve ah\u015fap dekor gibi egzotik par\u00e7alar, bir\u00e7ok T\u00fcrk kad\u0131n\u0131 i\u00e7in g\u00fczellik ve zarafetin sembol\u00fc haline gelmi\u015ftir.\" \/>\n<meta name=\"robots\" content=\"index, follow, max-snippet:-1, max-image-preview:large, max-video-preview:-1\" \/>\n<link rel=\"canonical\" href=\"https:\/\/balidecor.net\/en\/mobilya\/egzotik-mobilyalarda-guzellik-bir-turk-kadininin-rattan-ve-ahsap-dekor-ile-iliskisi\/\" \/>\n<meta property=\"og:locale\" content=\"en_US\" \/>\n<meta property=\"og:type\" content=\"article\" \/>\n<meta property=\"og:title\" content=\"Egzotik Mobilyalarda G\u00fczellik: Bir T\u00fcrk Kad\u0131n\u0131n\u0131n Rattan ve Ah\u015fap Dekor ile \u0130li\u015fkisi - Bali Decor\" \/>\n<meta property=\"og:description\" content=\"Rattan mobilyalar ve ah\u015fap dekor gibi egzotik par\u00e7alar, bir\u00e7ok T\u00fcrk kad\u0131n\u0131 i\u00e7in g\u00fczellik ve zarafetin sembol\u00fc haline gelmi\u015ftir.\" \/>\n<meta property=\"og:url\" content=\"https:\/\/balidecor.net\/en\/mobilya\/egzotik-mobilyalarda-guzellik-bir-turk-kadininin-rattan-ve-ahsap-dekor-ile-iliskisi\/\" \/>\n<meta property=\"og:site_name\" content=\"Bali Decor\" \/>\n<meta property=\"article:published_time\" content=\"2025-04-24T09:25:34+00:00\" \/>\n<meta property=\"article:modified_time\" content=\"2026-01-23T07:13:10+00:00\" \/>\n<meta property=\"og:image\" content=\"https:\/\/balidecor.net\/wp-content\/uploads\/2024\/12\/zs2.png\" \/>\n\t<meta property=\"og:image:width\" content=\"371\" \/>\n\t<meta property=\"og:image:height\" content=\"562\" \/>\n\t<meta property=\"og:image:type\" content=\"image\/png\" \/>\n<meta name=\"author\" content=\"Verda\" \/>\n<meta name=\"twitter:card\" content=\"summary_large_image\" \/>\n<meta name=\"twitter:label1\" content=\"Written by\" \/>\n\t<meta name=\"twitter:data1\" content=\"Verda\" \/>\n\t<meta name=\"twitter:label2\" content=\"Est. reading time\" \/>\n\t<meta name=\"twitter:data2\" content=\"4 minutes\" \/>\n<script type=\"application\/ld+json\" class=\"yoast-schema-graph\">{\"@context\":\"https:\/\/schema.org\",\"@graph\":[{\"@type\":\"Article\",\"@id\":\"https:\/\/balidecor.net\/mobilya\/egzotik-mobilyalarda-guzellik-bir-turk-kadininin-rattan-ve-ahsap-dekor-ile-iliskisi\/#article\",\"isPartOf\":{\"@id\":\"https:\/\/balidecor.net\/mobilya\/egzotik-mobilyalarda-guzellik-bir-turk-kadininin-rattan-ve-ahsap-dekor-ile-iliskisi\/\"},\"author\":{\"name\":\"Verda\",\"@id\":\"https:\/\/balidecor.net\/#\/schema\/person\/5894ed19f8915a9018748da97b30cbd0\"},\"headline\":\"Egzotik Mobilyalarda G\u00fczellik: Bir T\u00fcrk Kad\u0131n\u0131n\u0131n Rattan ve Ah\u015fap Dekor ile \u0130li\u015fkisi\",\"datePublished\":\"2025-04-24T09:25:34+00:00\",\"dateModified\":\"2026-01-23T07:13:10+00:00\",\"mainEntityOfPage\":{\"@id\":\"https:\/\/balidecor.net\/mobilya\/egzotik-mobilyalarda-guzellik-bir-turk-kadininin-rattan-ve-ahsap-dekor-ile-iliskisi\/\"},\"wordCount\":1267,\"commentCount\":0,\"publisher\":{\"@id\":\"https:\/\/balidecor.net\/#organization\"},\"image\":{\"@id\":\"https:\/\/balidecor.net\/mobilya\/egzotik-mobilyalarda-guzellik-bir-turk-kadininin-rattan-ve-ahsap-dekor-ile-iliskisi\/#primaryimage\"},\"thumbnailUrl\":\"https:\/\/balidecor.net\/wp-content\/uploads\/2024\/12\/zs2.png\",\"keywords\":[\"ah\u015fap yuvarlak sehpa\",\"bah\u00e7e ve balkon mobilyalar\u0131\",\"bohem ev dekorasyonu\",\"masif ah\u015fap\",\"masif ah\u015fap mobilya modelleri\",\"modern ev dekorasyonu\",\"rattan mobilya modelleri\",\"rattan sandalye\",\"su s\u00fcmb\u00fcl\u00fc bench\",\"tasar\u0131m evler\"],\"articleSection\":[\"Mobilya\",\"Rattan\"],\"inLanguage\":\"en-US\",\"potentialAction\":[{\"@type\":\"CommentAction\",\"name\":\"Comment\",\"target\":[\"https:\/\/balidecor.net\/mobilya\/egzotik-mobilyalarda-guzellik-bir-turk-kadininin-rattan-ve-ahsap-dekor-ile-iliskisi\/#respond\"]}]},{\"@type\":\"WebPage\",\"@id\":\"https:\/\/balidecor.net\/mobilya\/egzotik-mobilyalarda-guzellik-bir-turk-kadininin-rattan-ve-ahsap-dekor-ile-iliskisi\/\",\"url\":\"https:\/\/balidecor.net\/mobilya\/egzotik-mobilyalarda-guzellik-bir-turk-kadininin-rattan-ve-ahsap-dekor-ile-iliskisi\/\",\"name\":\"Egzotik Mobilyalarda G\u00fczellik: Bir T\u00fcrk Kad\u0131n\u0131n\u0131n Rattan ve Ah\u015fap Dekor ile \u0130li\u015fkisi - Bali Decor\",\"isPartOf\":{\"@id\":\"https:\/\/balidecor.net\/#website\"},\"primaryImageOfPage\":{\"@id\":\"https:\/\/balidecor.net\/mobilya\/egzotik-mobilyalarda-guzellik-bir-turk-kadininin-rattan-ve-ahsap-dekor-ile-iliskisi\/#primaryimage\"},\"image\":{\"@id\":\"https:\/\/balidecor.net\/mobilya\/egzotik-mobilyalarda-guzellik-bir-turk-kadininin-rattan-ve-ahsap-dekor-ile-iliskisi\/#primaryimage\"},\"thumbnailUrl\":\"https:\/\/balidecor.net\/wp-content\/uploads\/2024\/12\/zs2.png\",\"datePublished\":\"2025-04-24T09:25:34+00:00\",\"dateModified\":\"2026-01-23T07:13:10+00:00\",\"description\":\"Rattan mobilyalar ve ah\u015fap dekor gibi egzotik par\u00e7alar, bir\u00e7ok T\u00fcrk kad\u0131n\u0131 i\u00e7in g\u00fczellik ve zarafetin sembol\u00fc haline gelmi\u015ftir.\",\"breadcrumb\":{\"@id\":\"https:\/\/balidecor.net\/mobilya\/egzotik-mobilyalarda-guzellik-bir-turk-kadininin-rattan-ve-ahsap-dekor-ile-iliskisi\/#breadcrumb\"},\"inLanguage\":\"en-US\",\"potentialAction\":[{\"@type\":\"ReadAction\",\"target\":[\"https:\/\/balidecor.net\/mobilya\/egzotik-mobilyalarda-guzellik-bir-turk-kadininin-rattan-ve-ahsap-dekor-ile-iliskisi\/\"]}]},{\"@type\":\"ImageObject\",\"inLanguage\":\"en-US\",\"@id\":\"https:\/\/balidecor.net\/mobilya\/egzotik-mobilyalarda-guzellik-bir-turk-kadininin-rattan-ve-ahsap-dekor-ile-iliskisi\/#primaryimage\",\"url\":\"https:\/\/balidecor.net\/wp-content\/uploads\/2024\/12\/zs2.png\",\"contentUrl\":\"https:\/\/balidecor.net\/wp-content\/uploads\/2024\/12\/zs2.png\",\"width\":371,\"height\":562,\"caption\":\"\u00dc\u00e7 par\u00e7al\u0131 rattan sehpa setinin i\u00e7 i\u00e7e ge\u00e7mi\u015f kompakt g\u00f6r\u00fcn\u00fcm\u00fc.\"},{\"@type\":\"BreadcrumbList\",\"@id\":\"https:\/\/balidecor.net\/mobilya\/egzotik-mobilyalarda-guzellik-bir-turk-kadininin-rattan-ve-ahsap-dekor-ile-iliskisi\/#breadcrumb\",\"itemListElement\":[{\"@type\":\"ListItem\",\"position\":1,\"name\":\"Ev\",\"item\":\"https:\/\/balidecor.net\/\"},{\"@type\":\"ListItem\",\"position\":2,\"name\":\"Mobilya\",\"item\":\"https:\/\/balidecor.net\/blog\/mobilya\/\"},{\"@type\":\"ListItem\",\"position\":3,\"name\":\"Egzotik Mobilyalarda G\u00fczellik: Bir T\u00fcrk Kad\u0131n\u0131n\u0131n Rattan ve Ah\u015fap Dekor ile \u0130li\u015fkisi\"}]},{\"@type\":\"WebSite\",\"@id\":\"https:\/\/balidecor.net\/#website\",\"url\":\"https:\/\/balidecor.net\/\",\"name\":\"Bali Decor\",\"description\":\"\",\"publisher\":{\"@id\":\"https:\/\/balidecor.net\/#organization\"},\"potentialAction\":[{\"@type\":\"SearchAction\",\"target\":{\"@type\":\"EntryPoint\",\"urlTemplate\":\"https:\/\/balidecor.net\/?s={search_term_string}\"},\"query-input\":{\"@type\":\"PropertyValueSpecification\",\"valueRequired\":true,\"valueName\":\"search_term_string\"}}],\"inLanguage\":\"en-US\"},{\"@type\":\"Organization\",\"@id\":\"https:\/\/balidecor.net\/#organization\",\"name\":\"Bali Decor\",\"url\":\"https:\/\/balidecor.net\/\",\"logo\":{\"@type\":\"ImageObject\",\"inLanguage\":\"en-US\",\"@id\":\"https:\/\/balidecor.net\/#\/schema\/logo\/image\/\",\"url\":\"https:\/\/balidecor.net\/wp-content\/uploads\/2024\/02\/cropped-cropped-cropped-Rectangle-3-1-1-2.png\",\"contentUrl\":\"https:\/\/balidecor.net\/wp-content\/uploads\/2024\/02\/cropped-cropped-cropped-Rectangle-3-1-1-2.png\",\"width\":149,\"height\":109,\"caption\":\"Bali Decor\"},\"image\":{\"@id\":\"https:\/\/balidecor.net\/#\/schema\/logo\/image\/\"},\"sameAs\":[\"https:\/\/www.instagram.com\/baliidecor\"]},{\"@type\":\"Person\",\"@id\":\"https:\/\/balidecor.net\/#\/schema\/person\/5894ed19f8915a9018748da97b30cbd0\",\"name\":\"Verda\",\"image\":{\"@type\":\"ImageObject\",\"inLanguage\":\"en-US\",\"@id\":\"https:\/\/balidecor.net\/#\/schema\/person\/image\/\",\"url\":\"https:\/\/secure.gravatar.com\/avatar\/c0551e5cc12c483aae0da052cda1e3829236976522aba16a17de9b2ebf4324eb?s=96&d=mm&r=g\",\"contentUrl\":\"https:\/\/secure.gravatar.com\/avatar\/c0551e5cc12c483aae0da052cda1e3829236976522aba16a17de9b2ebf4324eb?s=96&d=mm&r=g\",\"caption\":\"Verda\"},\"url\":\"https:\/\/balidecor.net\/en\/author\/verda\/\"}]}<\/script>\n<!-- \/ Yoast SEO plugin. -->","yoast_head_json":{"title":"Egzotik Mobilyalarda G\u00fczellik: Bir T\u00fcrk Kad\u0131n\u0131n\u0131n Rattan ve Ah\u015fap Dekor ile \u0130li\u015fkisi - Bali Decor","description":"Rattan mobilyalar ve ah\u015fap dekor gibi egzotik par\u00e7alar, bir\u00e7ok T\u00fcrk kad\u0131n\u0131 i\u00e7in g\u00fczellik ve zarafetin sembol\u00fc haline gelmi\u015ftir.","robots":{"index":"index","follow":"follow","max-snippet":"max-snippet:-1","max-image-preview":"max-image-preview:large","max-video-preview":"max-video-preview:-1"},"canonical":"https:\/\/balidecor.net\/en\/mobilya\/egzotik-mobilyalarda-guzellik-bir-turk-kadininin-rattan-ve-ahsap-dekor-ile-iliskisi\/","og_locale":"en_US","og_type":"article","og_title":"Egzotik Mobilyalarda G\u00fczellik: Bir T\u00fcrk Kad\u0131n\u0131n\u0131n Rattan ve Ah\u015fap Dekor ile \u0130li\u015fkisi - Bali Decor","og_description":"Rattan mobilyalar ve ah\u015fap dekor gibi egzotik par\u00e7alar, bir\u00e7ok T\u00fcrk kad\u0131n\u0131 i\u00e7in g\u00fczellik ve zarafetin sembol\u00fc haline gelmi\u015ftir.","og_url":"https:\/\/balidecor.net\/en\/mobilya\/egzotik-mobilyalarda-guzellik-bir-turk-kadininin-rattan-ve-ahsap-dekor-ile-iliskisi\/","og_site_name":"Bali Decor","article_published_time":"2025-04-24T09:25:34+00:00","article_modified_time":"2026-01-23T07:13:10+00:00","og_image":[{"width":371,"height":562,"url":"https:\/\/balidecor.net\/wp-content\/uploads\/2024\/12\/zs2.png","type":"image\/png"}],"author":"Verda","twitter_card":"summary_large_image","twitter_misc":{"Written by":"Verda","Est. reading time":"4 minutes"},"schema":{"@context":"https:\/\/schema.org","@graph":[{"@type":"Article","@id":"https:\/\/balidecor.net\/mobilya\/egzotik-mobilyalarda-guzellik-bir-turk-kadininin-rattan-ve-ahsap-dekor-ile-iliskisi\/#article","isPartOf":{"@id":"https:\/\/balidecor.net\/mobilya\/egzotik-mobilyalarda-guzellik-bir-turk-kadininin-rattan-ve-ahsap-dekor-ile-iliskisi\/"},"author":{"name":"Verda","@id":"https:\/\/balidecor.net\/#\/schema\/person\/5894ed19f8915a9018748da97b30cbd0"},"headline":"Egzotik Mobilyalarda G\u00fczellik: Bir T\u00fcrk Kad\u0131n\u0131n\u0131n Rattan ve Ah\u015fap Dekor ile \u0130li\u015fkisi","datePublished":"2025-04-24T09:25:34+00:00","dateModified":"2026-01-23T07:13:10+00:00","mainEntityOfPage":{"@id":"https:\/\/balidecor.net\/mobilya\/egzotik-mobilyalarda-guzellik-bir-turk-kadininin-rattan-ve-ahsap-dekor-ile-iliskisi\/"},"wordCount":1267,"commentCount":0,"publisher":{"@id":"https:\/\/balidecor.net\/#organization"},"image":{"@id":"https:\/\/balidecor.net\/mobilya\/egzotik-mobilyalarda-guzellik-bir-turk-kadininin-rattan-ve-ahsap-dekor-ile-iliskisi\/#primaryimage"},"thumbnailUrl":"https:\/\/balidecor.net\/wp-content\/uploads\/2024\/12\/zs2.png","keywords":["ah\u015fap yuvarlak sehpa","bah\u00e7e ve balkon mobilyalar\u0131","bohem ev dekorasyonu","masif ah\u015fap","masif ah\u015fap mobilya modelleri","modern ev dekorasyonu","rattan mobilya modelleri","rattan sandalye","su s\u00fcmb\u00fcl\u00fc bench","tasar\u0131m evler"],"articleSection":["Mobilya","Rattan"],"inLanguage":"en-US","potentialAction":[{"@type":"CommentAction","name":"Comment","target":["https:\/\/balidecor.net\/mobilya\/egzotik-mobilyalarda-guzellik-bir-turk-kadininin-rattan-ve-ahsap-dekor-ile-iliskisi\/#respond"]}]},{"@type":"WebPage","@id":"https:\/\/balidecor.net\/mobilya\/egzotik-mobilyalarda-guzellik-bir-turk-kadininin-rattan-ve-ahsap-dekor-ile-iliskisi\/","url":"https:\/\/balidecor.net\/mobilya\/egzotik-mobilyalarda-guzellik-bir-turk-kadininin-rattan-ve-ahsap-dekor-ile-iliskisi\/","name":"Egzotik Mobilyalarda G\u00fczellik: Bir T\u00fcrk Kad\u0131n\u0131n\u0131n Rattan ve Ah\u015fap Dekor ile \u0130li\u015fkisi - Bali Decor","isPartOf":{"@id":"https:\/\/balidecor.net\/#website"},"primaryImageOfPage":{"@id":"https:\/\/balidecor.net\/mobilya\/egzotik-mobilyalarda-guzellik-bir-turk-kadininin-rattan-ve-ahsap-dekor-ile-iliskisi\/#primaryimage"},"image":{"@id":"https:\/\/balidecor.net\/mobilya\/egzotik-mobilyalarda-guzellik-bir-turk-kadininin-rattan-ve-ahsap-dekor-ile-iliskisi\/#primaryimage"},"thumbnailUrl":"https:\/\/balidecor.net\/wp-content\/uploads\/2024\/12\/zs2.png","datePublished":"2025-04-24T09:25:34+00:00","dateModified":"2026-01-23T07:13:10+00:00","description":"Rattan mobilyalar ve ah\u015fap dekor gibi egzotik par\u00e7alar, bir\u00e7ok T\u00fcrk kad\u0131n\u0131 i\u00e7in g\u00fczellik ve zarafetin sembol\u00fc haline gelmi\u015ftir.","breadcrumb":{"@id":"https:\/\/balidecor.net\/mobilya\/egzotik-mobilyalarda-guzellik-bir-turk-kadininin-rattan-ve-ahsap-dekor-ile-iliskisi\/#breadcrumb"},"inLanguage":"en-US","potentialAction":[{"@type":"ReadAction","target":["https:\/\/balidecor.net\/mobilya\/egzotik-mobilyalarda-guzellik-bir-turk-kadininin-rattan-ve-ahsap-dekor-ile-iliskisi\/"]}]},{"@type":"ImageObject","inLanguage":"en-US","@id":"https:\/\/balidecor.net\/mobilya\/egzotik-mobilyalarda-guzellik-bir-turk-kadininin-rattan-ve-ahsap-dekor-ile-iliskisi\/#primaryimage","url":"https:\/\/balidecor.net\/wp-content\/uploads\/2024\/12\/zs2.png","contentUrl":"https:\/\/balidecor.net\/wp-content\/uploads\/2024\/12\/zs2.png","width":371,"height":562,"caption":"\u00dc\u00e7 par\u00e7al\u0131 rattan sehpa setinin i\u00e7 i\u00e7e ge\u00e7mi\u015f kompakt g\u00f6r\u00fcn\u00fcm\u00fc."},{"@type":"BreadcrumbList","@id":"https:\/\/balidecor.net\/mobilya\/egzotik-mobilyalarda-guzellik-bir-turk-kadininin-rattan-ve-ahsap-dekor-ile-iliskisi\/#breadcrumb","itemListElement":[{"@type":"ListItem","position":1,"name":"Ev","item":"https:\/\/balidecor.net\/"},{"@type":"ListItem","position":2,"name":"Mobilya","item":"https:\/\/balidecor.net\/blog\/mobilya\/"},{"@type":"ListItem","position":3,"name":"Egzotik Mobilyalarda G\u00fczellik: Bir T\u00fcrk Kad\u0131n\u0131n\u0131n Rattan ve Ah\u015fap Dekor ile \u0130li\u015fkisi"}]},{"@type":"WebSite","@id":"https:\/\/balidecor.net\/#website","url":"https:\/\/balidecor.net\/","name":"Bali Decor","description":"","publisher":{"@id":"https:\/\/balidecor.net\/#organization"},"potentialAction":[{"@type":"SearchAction","target":{"@type":"EntryPoint","urlTemplate":"https:\/\/balidecor.net\/?s={search_term_string}"},"query-input":{"@type":"PropertyValueSpecification","valueRequired":true,"valueName":"search_term_string"}}],"inLanguage":"en-US"},{"@type":"Organization","@id":"https:\/\/balidecor.net\/#organization","name":"Bali Decor","url":"https:\/\/balidecor.net\/","logo":{"@type":"ImageObject","inLanguage":"en-US","@id":"https:\/\/balidecor.net\/#\/schema\/logo\/image\/","url":"https:\/\/balidecor.net\/wp-content\/uploads\/2024\/02\/cropped-cropped-cropped-Rectangle-3-1-1-2.png","contentUrl":"https:\/\/balidecor.net\/wp-content\/uploads\/2024\/02\/cropped-cropped-cropped-Rectangle-3-1-1-2.png","width":149,"height":109,"caption":"Bali Decor"},"image":{"@id":"https:\/\/balidecor.net\/#\/schema\/logo\/image\/"},"sameAs":["https:\/\/www.instagram.com\/baliidecor"]},{"@type":"Person","@id":"https:\/\/balidecor.net\/#\/schema\/person\/5894ed19f8915a9018748da97b30cbd0","name":"Verda","image":{"@type":"ImageObject","inLanguage":"en-US","@id":"https:\/\/balidecor.net\/#\/schema\/person\/image\/","url":"https:\/\/secure.gravatar.com\/avatar\/c0551e5cc12c483aae0da052cda1e3829236976522aba16a17de9b2ebf4324eb?s=96&d=mm&r=g","contentUrl":"https:\/\/secure.gravatar.com\/avatar\/c0551e5cc12c483aae0da052cda1e3829236976522aba16a17de9b2ebf4324eb?s=96&d=mm&r=g","caption":"Verda"},"url":"https:\/\/balidecor.net\/en\/author\/verda\/"}]}},"_links":{"self":[{"href":"https:\/\/balidecor.net\/en\/wp-json\/wp\/v2\/posts\/1776","targetHints":{"allow":["GET"]}}],"collection":[{"href":"https:\/\/balidecor.net\/en\/wp-json\/wp\/v2\/posts"}],"about":[{"href":"https:\/\/balidecor.net\/en\/wp-json\/wp\/v2\/types\/post"}],"author":[{"embeddable":true,"href":"https:\/\/balidecor.net\/en\/wp-json\/wp\/v2\/users\/6"}],"replies":[{"embeddable":true,"href":"https:\/\/balidecor.net\/en\/wp-json\/wp\/v2\/comments?post=1776"}],"version-history":[{"count":4,"href":"https:\/\/balidecor.net\/en\/wp-json\/wp\/v2\/posts\/1776\/revisions"}],"predecessor-version":[{"id":3184,"href":"https:\/\/balidecor.net\/en\/wp-json\/wp\/v2\/posts\/1776\/revisions\/3184"}],"wp:featuredmedia":[{"embeddable":true,"href":"https:\/\/balidecor.net\/en\/wp-json\/wp\/v2\/media\/1508"}],"wp:attachment":[{"href":"https:\/\/balidecor.net\/en\/wp-json\/wp\/v2\/media?parent=1776"}],"wp:term":[{"taxonomy":"category","embeddable":true,"href":"https:\/\/balidecor.net\/en\/wp-json\/wp\/v2\/categories?post=1776"},{"taxonomy":"post_tag","embeddable":true,"href":"https:\/\/balidecor.net\/en\/wp-json\/wp\/v2\/tags?post=1776"}],"curies":[{"name":"wp","href":"https:\/\/api.w.org\/{rel}","templated":true}]}}