{"id":1782,"date":"2025-04-25T09:22:04","date_gmt":"2025-04-25T09:22:04","guid":{"rendered":"https:\/\/balidecor.net\/?p=1782"},"modified":"2026-01-23T10:11:08","modified_gmt":"2026-01-23T07:11:08","slug":"bakirkoyun-kalbinde-bohem-ve-iskandinav-esintisibali-decor","status":"publish","type":"post","link":"https:\/\/balidecor.net\/en\/mobilya\/bakirkoyun-kalbinde-bohem-ve-iskandinav-esintisibali-decor\/","title":{"rendered":"Bak\u0131rk\u00f6y`\u00fcn Kalbinde Bohem ve \u0130skandinav Mobilyalar:Bali Decor"},"content":{"rendered":"<div data-elementor-type=\"wp-post\" data-elementor-id=\"1782\" class=\"elementor elementor-1782\" data-elementor-settings=\"{&quot;ha_cmc_init_switcher&quot;:&quot;no&quot;}\" data-elementor-post-type=\"post\">\n\t\t\t\t<div class=\"elementor-element elementor-element-11d3ac34 e-flex e-con-boxed e-con e-parent\" data-id=\"11d3ac34\" data-element_type=\"container\" data-settings=\"{&quot;_ha_eqh_enable&quot;:false}\">\n\t\t\t\t\t<div class=\"e-con-inner\">\n\t\t\t\t<div class=\"elementor-element elementor-element-7686fde1 elementor-widget elementor-widget-text-editor\" data-id=\"7686fde1\" data-element_type=\"widget\" data-widget_type=\"text-editor.default\">\n\t\t\t\t<div class=\"elementor-widget-container\">\n\t\t\t\t\t\t\t\t\t\n<p><\/p>\n\n\n\n<p>\u0130stanbul\u2019un en hareketli ve g\u00f6zde semtlerinden biri olan Bak\u0131rk\u00f6y\u2019de, bohem ve \u0130skandinav tarz\u0131n en g\u00fczel \u00f6rneklerini bulabilece\u011finiz bir ma\u011faza var: <a href=\"https:\/\/www.instagram.com\/baliidecor?igsh=MWpvdmEyMnZtcTVoNQ%3D%3D&amp;utm_source=qr\">Bali Decor <\/a>Kartaltepe Mahallesi\u2019nde, Ru\u015fen Bey Sokak No: 14\/B adresinde konumlanan Bali Decor, evinizin her k\u00f6\u015fesine s\u0131cakl\u0131k ve \u00f6zg\u00fcnl\u00fck katacak ,bak\u0131rk\u00f6y bali decor rattan sandalye,bak\u0131rk\u00f6y rattan bah\u00e7e balkon modelleri ,su s\u00fcmb\u00fcl\u00fc bench ve su s\u00fcmb\u00fcl\u00fc tabureler,masif ah\u015fap yuvarlak orta sehpalar\u0131 ile bak\u0131rk\u00f6y bali decor sizleri bekliyor.<a href=\"https:\/\/www.trendyol.com\/magaza\/m-m-822501\">Bali Decor<\/a><\/p>\n\n\n\n<p>Bali Decor\u2019da, Bali Adas\u0131\u2019ndan \u00f6zenle ithal edilen rattan sandalyeler, rattan bah\u00e7e ve balkon koltuk tak\u0131mlar\u0131, bambu vazolar, rattan duvar s\u00fcsleri ve duvar tabaklar\u0131, su s\u00fcmb\u00fcl\u00fc bench ve tabureler, dekoratif ah\u015fap masa \u00fcst\u00fc tabaklar ve masif ah\u015fap sehpalar gibi bir\u00e7ok \u00fcr\u00fcn\u00fc bulabilirsiniz. \u00dcstelik bu \u00fcr\u00fcnler, \u00fcnl\u00fc markalarda bulabilece\u011finiz benzer \u00fcr\u00fcnlerin \u00fc\u00e7te biri fiyat\u0131na sunuluyor.<a href=\"http:\/\/www.balidecor.net\">Bali Decor<\/a><\/p>\n\n\n\n<p>Bali Decor, sadece ma\u011faza ziyaretiyle s\u0131n\u0131rl\u0131 kalm\u0131yor; Instagram <a href=\"https:\/\/www.instagram.com\/baliidecor?igsh=MWpvdmEyMnZtcTVoNQ%3D%3D&amp;utm_source=qr\">Bali Decor<\/a> ve Trendyol <a href=\"https:\/\/www.trendyol.com\/magaza\/m-m-822501\">Bali Decor<\/a> \u00fczerinden de al\u0131\u015fveri\u015f imk\u00e2n\u0131 sunuyor. B\u00f6ylece, diledi\u011finiz \u00fcr\u00fcn\u00fc kolayca inceleyebilir ve sat\u0131n alabilirsiniz.<\/p>\n\n\n\n<p>Bak\u0131rk\u00f6y\u2019deki Mudo Concept, Yarg\u0131c\u0131 ve Chakra Outlet gibi \u00fcnl\u00fc ma\u011fazalar\u0131n yan\u0131 ba\u015f\u0131nda konumlanan Bali Decor, hem kalitesi hem de uygun fiyatlar\u0131yla \u00f6ne \u00e7\u0131k\u0131yor. Evinize bohem ve \u0130skandinav tarz\u0131 mobilyalar  istiyorsan\u0131z, mutlaka Bali Decor\u2019a u\u011fray\u0131n ve fark\u0131 kendiniz g\u00f6r\u00fcn.<a href=\"http:\/\/www.balidecor.net\">Bali Decor<\/a> Bak\u0131rk\u00f6y \u0130stanbul<\/p>\n\n\n\n<p><\/p>\n\t\t\t\t\t\t\t\t<\/div>\n\t\t\t\t<\/div>\n\t\t\t\t\t<\/div>\n\t\t\t\t<\/div>\n\t\t<div class=\"elementor-element elementor-element-fd8dd82 e-flex e-con-boxed e-con e-parent\" data-id=\"fd8dd82\" data-element_type=\"container\" data-settings=\"{&quot;_ha_eqh_enable&quot;:false}\">\n\t\t\t\t\t<div class=\"e-con-inner\">\n\t\t\t\t<div class=\"elementor-element elementor-element-b10d51b elementor-widget elementor-widget-image\" data-id=\"b10d51b\" data-element_type=\"widget\" data-widget_type=\"image.default\">\n\t\t\t\t<div class=\"elementor-widget-container\">\n\t\t\t\t\t\t\t\t\t\t\t\t\t\t\t<img fetchpriority=\"high\" decoding=\"async\" width=\"366\" height=\"563\" src=\"https:\/\/balidecor.net\/wp-content\/uploads\/2024\/12\/zs1.png\" class=\"attachment-large size-large wp-image-1507\" alt=\"\u00fc\u00e7l\u00fc rattan zigon yada orta sehpa\" srcset=\"https:\/\/balidecor.net\/wp-content\/uploads\/2024\/12\/zs1.png 366w, https:\/\/balidecor.net\/wp-content\/uploads\/2024\/12\/zs1-195x300.png 195w\" sizes=\"(max-width: 366px) 100vw, 366px\" \/>\t\t\t\t\t\t\t\t\t\t\t\t\t\t\t<\/div>\n\t\t\t\t<\/div>\n\t\t\t\t\t<\/div>\n\t\t\t\t<\/div>\n\t\t\t\t<\/div>","protected":false},"excerpt":{"rendered":"<p>&nbsp; \u0130stanbul\u2019un en hareketli ve g\u00f6zde semtlerinden biri olan Bak\u0131rk\u00f6y\u2019de, bohem ve \u0130skandinav tarz\u0131n en g\u00fczel \u00f6rneklerini bulabilece\u011finiz bir ma\u011faza var: Bali Decor Kartaltepe Mahallesi\u2019nde, Ru\u015fen Bey Sokak No: 14\/B adresinde konumlanan Bali Decor, evinizin her k\u00f6\u015fesine s\u0131cakl\u0131k ve \u00f6zg\u00fcnl\u00fck katacak ,bak\u0131rk\u00f6y bali decor rattan sandalye,bak\u0131rk\u00f6y rattan bah\u00e7e balkon modelleri ,su s\u00fcmb\u00fcl\u00fc bench ve su [&hellip;]<\/p>","protected":false},"author":6,"featured_media":1507,"comment_status":"open","ping_status":"open","sticky":false,"template":"","format":"standard","meta":{"_monsterinsights_skip_tracking":false,"_monsterinsights_sitenote_active":false,"_monsterinsights_sitenote_note":"","_monsterinsights_sitenote_category":0,"footnotes":""},"categories":[54],"tags":[264,265,261,263,286,284,285,259,274,262],"class_list":["post-1782","post","type-post","status-publish","format-standard","has-post-thumbnail","hentry","category-mobilya","tag-ahsap-yuvarlak-sehpa","tag-bahce-ve-balkon-mobilyalari","tag-bohem-ev-dekorasyonu","tag-masif-ahsap","tag-masif-ahsap-mobilya-modelleri","tag-modern-ev-dekorasyonu","tag-rattan-mobilya-modelleri","tag-rattan-sandalye","tag-su-sumbulu-bench","tag-tasarim-evler"],"yoast_head":"<!-- This site is optimized with the Yoast SEO plugin v26.7 - https:\/\/yoast.com\/wordpress\/plugins\/seo\/ -->\n<title>Bak\u0131rk\u00f6y`\u00fcn Kalbinde Bohem ve \u0130skandinav Mobilyalar:Bali Decor - Bali Decor<\/title>\n<meta name=\"description\" content=\"Evinize bohem ve \u0130skandinav tarz\u0131 mobilyalar istiyorsan\u0131z, mutlaka Bali Decor\u2019a u\u011fray\u0131n ve fark\u0131 kendiniz g\u00f6r\u00fcn.\" \/>\n<meta name=\"robots\" content=\"index, follow, max-snippet:-1, max-image-preview:large, max-video-preview:-1\" \/>\n<link rel=\"canonical\" href=\"https:\/\/balidecor.net\/en\/mobilya\/bakirkoyun-kalbinde-bohem-ve-iskandinav-esintisibali-decor\/\" \/>\n<meta property=\"og:locale\" content=\"en_US\" \/>\n<meta property=\"og:type\" content=\"article\" \/>\n<meta property=\"og:title\" content=\"Bak\u0131rk\u00f6y`\u00fcn Kalbinde Bohem ve \u0130skandinav Mobilyalar:Bali Decor - Bali Decor\" \/>\n<meta property=\"og:description\" content=\"Evinize bohem ve \u0130skandinav tarz\u0131 mobilyalar istiyorsan\u0131z, mutlaka Bali Decor\u2019a u\u011fray\u0131n ve fark\u0131 kendiniz g\u00f6r\u00fcn.\" \/>\n<meta property=\"og:url\" content=\"https:\/\/balidecor.net\/en\/mobilya\/bakirkoyun-kalbinde-bohem-ve-iskandinav-esintisibali-decor\/\" \/>\n<meta property=\"og:site_name\" content=\"Bali Decor\" \/>\n<meta property=\"article:published_time\" content=\"2025-04-25T09:22:04+00:00\" \/>\n<meta property=\"article:modified_time\" content=\"2026-01-23T07:11:08+00:00\" \/>\n<meta property=\"og:image\" content=\"https:\/\/balidecor.net\/wp-content\/uploads\/2024\/12\/zs1.png\" \/>\n\t<meta property=\"og:image:width\" content=\"366\" \/>\n\t<meta property=\"og:image:height\" content=\"563\" \/>\n\t<meta property=\"og:image:type\" content=\"image\/png\" \/>\n<meta name=\"author\" content=\"Verda\" \/>\n<meta name=\"twitter:card\" content=\"summary_large_image\" \/>\n<meta name=\"twitter:label1\" content=\"Written by\" \/>\n\t<meta name=\"twitter:data1\" content=\"Verda\" \/>\n\t<meta name=\"twitter:label2\" content=\"Est. reading time\" \/>\n\t<meta name=\"twitter:data2\" content=\"2 minutes\" \/>\n<script type=\"application\/ld+json\" class=\"yoast-schema-graph\">{\"@context\":\"https:\/\/schema.org\",\"@graph\":[{\"@type\":\"Article\",\"@id\":\"https:\/\/balidecor.net\/mobilya\/bakirkoyun-kalbinde-bohem-ve-iskandinav-esintisibali-decor\/#article\",\"isPartOf\":{\"@id\":\"https:\/\/balidecor.net\/mobilya\/bakirkoyun-kalbinde-bohem-ve-iskandinav-esintisibali-decor\/\"},\"author\":{\"name\":\"Verda\",\"@id\":\"https:\/\/balidecor.net\/#\/schema\/person\/5894ed19f8915a9018748da97b30cbd0\"},\"headline\":\"Bak\u0131rk\u00f6y`\u00fcn Kalbinde Bohem ve \u0130skandinav Mobilyalar:Bali Decor\",\"datePublished\":\"2025-04-25T09:22:04+00:00\",\"dateModified\":\"2026-01-23T07:11:08+00:00\",\"mainEntityOfPage\":{\"@id\":\"https:\/\/balidecor.net\/mobilya\/bakirkoyun-kalbinde-bohem-ve-iskandinav-esintisibali-decor\/\"},\"wordCount\":277,\"commentCount\":2,\"publisher\":{\"@id\":\"https:\/\/balidecor.net\/#organization\"},\"image\":{\"@id\":\"https:\/\/balidecor.net\/mobilya\/bakirkoyun-kalbinde-bohem-ve-iskandinav-esintisibali-decor\/#primaryimage\"},\"thumbnailUrl\":\"https:\/\/balidecor.net\/wp-content\/uploads\/2024\/12\/zs1.png\",\"keywords\":[\"ah\u015fap yuvarlak sehpa\",\"bah\u00e7e ve balkon mobilyalar\u0131\",\"bohem ev dekorasyonu\",\"masif ah\u015fap\",\"masif ah\u015fap mobilya modelleri\",\"modern ev dekorasyonu\",\"rattan mobilya modelleri\",\"rattan sandalye\",\"su s\u00fcmb\u00fcl\u00fc bench\",\"tasar\u0131m evler\"],\"articleSection\":[\"Mobilya\"],\"inLanguage\":\"en-US\",\"potentialAction\":[{\"@type\":\"CommentAction\",\"name\":\"Comment\",\"target\":[\"https:\/\/balidecor.net\/mobilya\/bakirkoyun-kalbinde-bohem-ve-iskandinav-esintisibali-decor\/#respond\"]}]},{\"@type\":\"WebPage\",\"@id\":\"https:\/\/balidecor.net\/mobilya\/bakirkoyun-kalbinde-bohem-ve-iskandinav-esintisibali-decor\/\",\"url\":\"https:\/\/balidecor.net\/mobilya\/bakirkoyun-kalbinde-bohem-ve-iskandinav-esintisibali-decor\/\",\"name\":\"Bak\u0131rk\u00f6y`\u00fcn Kalbinde Bohem ve \u0130skandinav Mobilyalar:Bali Decor - Bali Decor\",\"isPartOf\":{\"@id\":\"https:\/\/balidecor.net\/#website\"},\"primaryImageOfPage\":{\"@id\":\"https:\/\/balidecor.net\/mobilya\/bakirkoyun-kalbinde-bohem-ve-iskandinav-esintisibali-decor\/#primaryimage\"},\"image\":{\"@id\":\"https:\/\/balidecor.net\/mobilya\/bakirkoyun-kalbinde-bohem-ve-iskandinav-esintisibali-decor\/#primaryimage\"},\"thumbnailUrl\":\"https:\/\/balidecor.net\/wp-content\/uploads\/2024\/12\/zs1.png\",\"datePublished\":\"2025-04-25T09:22:04+00:00\",\"dateModified\":\"2026-01-23T07:11:08+00:00\",\"description\":\"Evinize bohem ve \u0130skandinav tarz\u0131 mobilyalar istiyorsan\u0131z, mutlaka Bali Decor\u2019a u\u011fray\u0131n ve fark\u0131 kendiniz g\u00f6r\u00fcn.\",\"breadcrumb\":{\"@id\":\"https:\/\/balidecor.net\/mobilya\/bakirkoyun-kalbinde-bohem-ve-iskandinav-esintisibali-decor\/#breadcrumb\"},\"inLanguage\":\"en-US\",\"potentialAction\":[{\"@type\":\"ReadAction\",\"target\":[\"https:\/\/balidecor.net\/mobilya\/bakirkoyun-kalbinde-bohem-ve-iskandinav-esintisibali-decor\/\"]}]},{\"@type\":\"ImageObject\",\"inLanguage\":\"en-US\",\"@id\":\"https:\/\/balidecor.net\/mobilya\/bakirkoyun-kalbinde-bohem-ve-iskandinav-esintisibali-decor\/#primaryimage\",\"url\":\"https:\/\/balidecor.net\/wp-content\/uploads\/2024\/12\/zs1.png\",\"contentUrl\":\"https:\/\/balidecor.net\/wp-content\/uploads\/2024\/12\/zs1.png\",\"width\":366,\"height\":563,\"caption\":\"Rattan Yuvarlak \u00dc\u00e7l\u00fc Orta Sehpa\"},{\"@type\":\"BreadcrumbList\",\"@id\":\"https:\/\/balidecor.net\/mobilya\/bakirkoyun-kalbinde-bohem-ve-iskandinav-esintisibali-decor\/#breadcrumb\",\"itemListElement\":[{\"@type\":\"ListItem\",\"position\":1,\"name\":\"Ev\",\"item\":\"https:\/\/balidecor.net\/\"},{\"@type\":\"ListItem\",\"position\":2,\"name\":\"Mobilya\",\"item\":\"https:\/\/balidecor.net\/blog\/mobilya\/\"},{\"@type\":\"ListItem\",\"position\":3,\"name\":\"Bak\u0131rk\u00f6y`\u00fcn Kalbinde Bohem ve \u0130skandinav Mobilyalar:Bali Decor\"}]},{\"@type\":\"WebSite\",\"@id\":\"https:\/\/balidecor.net\/#website\",\"url\":\"https:\/\/balidecor.net\/\",\"name\":\"Bali Decor\",\"description\":\"\",\"publisher\":{\"@id\":\"https:\/\/balidecor.net\/#organization\"},\"potentialAction\":[{\"@type\":\"SearchAction\",\"target\":{\"@type\":\"EntryPoint\",\"urlTemplate\":\"https:\/\/balidecor.net\/?s={search_term_string}\"},\"query-input\":{\"@type\":\"PropertyValueSpecification\",\"valueRequired\":true,\"valueName\":\"search_term_string\"}}],\"inLanguage\":\"en-US\"},{\"@type\":\"Organization\",\"@id\":\"https:\/\/balidecor.net\/#organization\",\"name\":\"Bali Decor\",\"url\":\"https:\/\/balidecor.net\/\",\"logo\":{\"@type\":\"ImageObject\",\"inLanguage\":\"en-US\",\"@id\":\"https:\/\/balidecor.net\/#\/schema\/logo\/image\/\",\"url\":\"https:\/\/balidecor.net\/wp-content\/uploads\/2024\/02\/cropped-cropped-cropped-Rectangle-3-1-1-2.png\",\"contentUrl\":\"https:\/\/balidecor.net\/wp-content\/uploads\/2024\/02\/cropped-cropped-cropped-Rectangle-3-1-1-2.png\",\"width\":149,\"height\":109,\"caption\":\"Bali Decor\"},\"image\":{\"@id\":\"https:\/\/balidecor.net\/#\/schema\/logo\/image\/\"},\"sameAs\":[\"https:\/\/www.instagram.com\/baliidecor\"]},{\"@type\":\"Person\",\"@id\":\"https:\/\/balidecor.net\/#\/schema\/person\/5894ed19f8915a9018748da97b30cbd0\",\"name\":\"Verda\",\"image\":{\"@type\":\"ImageObject\",\"inLanguage\":\"en-US\",\"@id\":\"https:\/\/balidecor.net\/#\/schema\/person\/image\/\",\"url\":\"https:\/\/secure.gravatar.com\/avatar\/c0551e5cc12c483aae0da052cda1e3829236976522aba16a17de9b2ebf4324eb?s=96&d=mm&r=g\",\"contentUrl\":\"https:\/\/secure.gravatar.com\/avatar\/c0551e5cc12c483aae0da052cda1e3829236976522aba16a17de9b2ebf4324eb?s=96&d=mm&r=g\",\"caption\":\"Verda\"},\"url\":\"https:\/\/balidecor.net\/en\/author\/verda\/\"}]}<\/script>\n<!-- \/ Yoast SEO plugin. -->","yoast_head_json":{"title":"Bak\u0131rk\u00f6y`\u00fcn Kalbinde Bohem ve \u0130skandinav Mobilyalar:Bali Decor - Bali Decor","description":"Evinize bohem ve \u0130skandinav tarz\u0131 mobilyalar istiyorsan\u0131z, mutlaka Bali Decor\u2019a u\u011fray\u0131n ve fark\u0131 kendiniz g\u00f6r\u00fcn.","robots":{"index":"index","follow":"follow","max-snippet":"max-snippet:-1","max-image-preview":"max-image-preview:large","max-video-preview":"max-video-preview:-1"},"canonical":"https:\/\/balidecor.net\/en\/mobilya\/bakirkoyun-kalbinde-bohem-ve-iskandinav-esintisibali-decor\/","og_locale":"en_US","og_type":"article","og_title":"Bak\u0131rk\u00f6y`\u00fcn Kalbinde Bohem ve \u0130skandinav Mobilyalar:Bali Decor - Bali Decor","og_description":"Evinize bohem ve \u0130skandinav tarz\u0131 mobilyalar istiyorsan\u0131z, mutlaka Bali Decor\u2019a u\u011fray\u0131n ve fark\u0131 kendiniz g\u00f6r\u00fcn.","og_url":"https:\/\/balidecor.net\/en\/mobilya\/bakirkoyun-kalbinde-bohem-ve-iskandinav-esintisibali-decor\/","og_site_name":"Bali Decor","article_published_time":"2025-04-25T09:22:04+00:00","article_modified_time":"2026-01-23T07:11:08+00:00","og_image":[{"width":366,"height":563,"url":"https:\/\/balidecor.net\/wp-content\/uploads\/2024\/12\/zs1.png","type":"image\/png"}],"author":"Verda","twitter_card":"summary_large_image","twitter_misc":{"Written by":"Verda","Est. reading time":"2 minutes"},"schema":{"@context":"https:\/\/schema.org","@graph":[{"@type":"Article","@id":"https:\/\/balidecor.net\/mobilya\/bakirkoyun-kalbinde-bohem-ve-iskandinav-esintisibali-decor\/#article","isPartOf":{"@id":"https:\/\/balidecor.net\/mobilya\/bakirkoyun-kalbinde-bohem-ve-iskandinav-esintisibali-decor\/"},"author":{"name":"Verda","@id":"https:\/\/balidecor.net\/#\/schema\/person\/5894ed19f8915a9018748da97b30cbd0"},"headline":"Bak\u0131rk\u00f6y`\u00fcn Kalbinde Bohem ve \u0130skandinav Mobilyalar:Bali Decor","datePublished":"2025-04-25T09:22:04+00:00","dateModified":"2026-01-23T07:11:08+00:00","mainEntityOfPage":{"@id":"https:\/\/balidecor.net\/mobilya\/bakirkoyun-kalbinde-bohem-ve-iskandinav-esintisibali-decor\/"},"wordCount":277,"commentCount":2,"publisher":{"@id":"https:\/\/balidecor.net\/#organization"},"image":{"@id":"https:\/\/balidecor.net\/mobilya\/bakirkoyun-kalbinde-bohem-ve-iskandinav-esintisibali-decor\/#primaryimage"},"thumbnailUrl":"https:\/\/balidecor.net\/wp-content\/uploads\/2024\/12\/zs1.png","keywords":["ah\u015fap yuvarlak sehpa","bah\u00e7e ve balkon mobilyalar\u0131","bohem ev dekorasyonu","masif ah\u015fap","masif ah\u015fap mobilya modelleri","modern ev dekorasyonu","rattan mobilya modelleri","rattan sandalye","su s\u00fcmb\u00fcl\u00fc bench","tasar\u0131m evler"],"articleSection":["Mobilya"],"inLanguage":"en-US","potentialAction":[{"@type":"CommentAction","name":"Comment","target":["https:\/\/balidecor.net\/mobilya\/bakirkoyun-kalbinde-bohem-ve-iskandinav-esintisibali-decor\/#respond"]}]},{"@type":"WebPage","@id":"https:\/\/balidecor.net\/mobilya\/bakirkoyun-kalbinde-bohem-ve-iskandinav-esintisibali-decor\/","url":"https:\/\/balidecor.net\/mobilya\/bakirkoyun-kalbinde-bohem-ve-iskandinav-esintisibali-decor\/","name":"Bak\u0131rk\u00f6y`\u00fcn Kalbinde Bohem ve \u0130skandinav Mobilyalar:Bali Decor - Bali Decor","isPartOf":{"@id":"https:\/\/balidecor.net\/#website"},"primaryImageOfPage":{"@id":"https:\/\/balidecor.net\/mobilya\/bakirkoyun-kalbinde-bohem-ve-iskandinav-esintisibali-decor\/#primaryimage"},"image":{"@id":"https:\/\/balidecor.net\/mobilya\/bakirkoyun-kalbinde-bohem-ve-iskandinav-esintisibali-decor\/#primaryimage"},"thumbnailUrl":"https:\/\/balidecor.net\/wp-content\/uploads\/2024\/12\/zs1.png","datePublished":"2025-04-25T09:22:04+00:00","dateModified":"2026-01-23T07:11:08+00:00","description":"Evinize bohem ve \u0130skandinav tarz\u0131 mobilyalar istiyorsan\u0131z, mutlaka Bali Decor\u2019a u\u011fray\u0131n ve fark\u0131 kendiniz g\u00f6r\u00fcn.","breadcrumb":{"@id":"https:\/\/balidecor.net\/mobilya\/bakirkoyun-kalbinde-bohem-ve-iskandinav-esintisibali-decor\/#breadcrumb"},"inLanguage":"en-US","potentialAction":[{"@type":"ReadAction","target":["https:\/\/balidecor.net\/mobilya\/bakirkoyun-kalbinde-bohem-ve-iskandinav-esintisibali-decor\/"]}]},{"@type":"ImageObject","inLanguage":"en-US","@id":"https:\/\/balidecor.net\/mobilya\/bakirkoyun-kalbinde-bohem-ve-iskandinav-esintisibali-decor\/#primaryimage","url":"https:\/\/balidecor.net\/wp-content\/uploads\/2024\/12\/zs1.png","contentUrl":"https:\/\/balidecor.net\/wp-content\/uploads\/2024\/12\/zs1.png","width":366,"height":563,"caption":"Rattan Yuvarlak \u00dc\u00e7l\u00fc Orta Sehpa"},{"@type":"BreadcrumbList","@id":"https:\/\/balidecor.net\/mobilya\/bakirkoyun-kalbinde-bohem-ve-iskandinav-esintisibali-decor\/#breadcrumb","itemListElement":[{"@type":"ListItem","position":1,"name":"Ev","item":"https:\/\/balidecor.net\/"},{"@type":"ListItem","position":2,"name":"Mobilya","item":"https:\/\/balidecor.net\/blog\/mobilya\/"},{"@type":"ListItem","position":3,"name":"Bak\u0131rk\u00f6y`\u00fcn Kalbinde Bohem ve \u0130skandinav Mobilyalar:Bali Decor"}]},{"@type":"WebSite","@id":"https:\/\/balidecor.net\/#website","url":"https:\/\/balidecor.net\/","name":"Bali Decor","description":"","publisher":{"@id":"https:\/\/balidecor.net\/#organization"},"potentialAction":[{"@type":"SearchAction","target":{"@type":"EntryPoint","urlTemplate":"https:\/\/balidecor.net\/?s={search_term_string}"},"query-input":{"@type":"PropertyValueSpecification","valueRequired":true,"valueName":"search_term_string"}}],"inLanguage":"en-US"},{"@type":"Organization","@id":"https:\/\/balidecor.net\/#organization","name":"Bali Decor","url":"https:\/\/balidecor.net\/","logo":{"@type":"ImageObject","inLanguage":"en-US","@id":"https:\/\/balidecor.net\/#\/schema\/logo\/image\/","url":"https:\/\/balidecor.net\/wp-content\/uploads\/2024\/02\/cropped-cropped-cropped-Rectangle-3-1-1-2.png","contentUrl":"https:\/\/balidecor.net\/wp-content\/uploads\/2024\/02\/cropped-cropped-cropped-Rectangle-3-1-1-2.png","width":149,"height":109,"caption":"Bali Decor"},"image":{"@id":"https:\/\/balidecor.net\/#\/schema\/logo\/image\/"},"sameAs":["https:\/\/www.instagram.com\/baliidecor"]},{"@type":"Person","@id":"https:\/\/balidecor.net\/#\/schema\/person\/5894ed19f8915a9018748da97b30cbd0","name":"Verda","image":{"@type":"ImageObject","inLanguage":"en-US","@id":"https:\/\/balidecor.net\/#\/schema\/person\/image\/","url":"https:\/\/secure.gravatar.com\/avatar\/c0551e5cc12c483aae0da052cda1e3829236976522aba16a17de9b2ebf4324eb?s=96&d=mm&r=g","contentUrl":"https:\/\/secure.gravatar.com\/avatar\/c0551e5cc12c483aae0da052cda1e3829236976522aba16a17de9b2ebf4324eb?s=96&d=mm&r=g","caption":"Verda"},"url":"https:\/\/balidecor.net\/en\/author\/verda\/"}]}},"_links":{"self":[{"href":"https:\/\/balidecor.net\/en\/wp-json\/wp\/v2\/posts\/1782","targetHints":{"allow":["GET"]}}],"collection":[{"href":"https:\/\/balidecor.net\/en\/wp-json\/wp\/v2\/posts"}],"about":[{"href":"https:\/\/balidecor.net\/en\/wp-json\/wp\/v2\/types\/post"}],"author":[{"embeddable":true,"href":"https:\/\/balidecor.net\/en\/wp-json\/wp\/v2\/users\/6"}],"replies":[{"embeddable":true,"href":"https:\/\/balidecor.net\/en\/wp-json\/wp\/v2\/comments?post=1782"}],"version-history":[{"count":6,"href":"https:\/\/balidecor.net\/en\/wp-json\/wp\/v2\/posts\/1782\/revisions"}],"predecessor-version":[{"id":3182,"href":"https:\/\/balidecor.net\/en\/wp-json\/wp\/v2\/posts\/1782\/revisions\/3182"}],"wp:featuredmedia":[{"embeddable":true,"href":"https:\/\/balidecor.net\/en\/wp-json\/wp\/v2\/media\/1507"}],"wp:attachment":[{"href":"https:\/\/balidecor.net\/en\/wp-json\/wp\/v2\/media?parent=1782"}],"wp:term":[{"taxonomy":"category","embeddable":true,"href":"https:\/\/balidecor.net\/en\/wp-json\/wp\/v2\/categories?post=1782"},{"taxonomy":"post_tag","embeddable":true,"href":"https:\/\/balidecor.net\/en\/wp-json\/wp\/v2\/tags?post=1782"}],"curies":[{"name":"wp","href":"https:\/\/api.w.org\/{rel}","templated":true}]}}