{"id":1794,"date":"2025-04-28T09:29:30","date_gmt":"2025-04-28T09:29:30","guid":{"rendered":"https:\/\/balidecor.net\/?p=1794"},"modified":"2026-01-23T10:43:17","modified_gmt":"2026-01-23T07:43:17","slug":"bali-decor-ile-ev-dekorasyonunuzu-gelistirinwww-balidecor-net","status":"publish","type":"post","link":"https:\/\/balidecor.net\/en\/mobilya\/bali-decor-ile-ev-dekorasyonunuzu-gelistirinwww-balidecor-net\/","title":{"rendered":"Bali Decor ile Ev Dekorasyonunuzu Geli\u015ftirin(www.balidecor.net )"},"content":{"rendered":"<div data-elementor-type=\"wp-post\" data-elementor-id=\"1794\" class=\"elementor elementor-1794\" data-elementor-settings=\"{&quot;ha_cmc_init_switcher&quot;:&quot;no&quot;}\" data-elementor-post-type=\"post\">\n\t\t\t\t<div class=\"elementor-element elementor-element-77c7b6e6 e-flex e-con-boxed e-con e-parent\" data-id=\"77c7b6e6\" data-element_type=\"container\" data-settings=\"{&quot;_ha_eqh_enable&quot;:false}\">\n\t\t\t\t\t<div class=\"e-con-inner\">\n\t\t\t\t<div class=\"elementor-element elementor-element-307cec4a elementor-widget elementor-widget-text-editor\" data-id=\"307cec4a\" data-element_type=\"widget\" data-widget_type=\"text-editor.default\">\n\t\t\t\t<div class=\"elementor-widget-container\">\n\t\t\t\t\t\t\t\t\t\n<p>Ev dekorasyonu, ya\u015fam alan\u0131n\u0131z\u0131 daha konforlu ve estetik hale getirmek i\u00e7in son derece \u00f6nemlidir. <a href=\"https:\/\/www.trendyol.com\/magaza\/m-m-822501\">Balidecor<\/a>, farkl\u0131 \u00fcr\u00fcn yelpazesiyle her zevke ve her b\u00fct\u00e7eye hitap eden se\u00e7enekler sunuyor. Bu blog yaz\u0131s\u0131nda, Balidecor&#8217;un sundu\u011fu baz\u0131 \u00fcr\u00fcnleri inceleyecek ve ev dekorasyonunuza nas\u0131l katk\u0131 sa\u011flayabilecekleri hakk\u0131nda bilgi verece\u011fiz.<\/p>\n\n<p>3. [Duvar Dekorasyonlar\u0131]<a href=\"https:\/\/ty.gl\/c2dez839rc8u3\">(https:\/\/www.balidecor.net\/duvar-dekorasyonlari<\/a>)<\/p>\n\n<p>Duvar, bir mekandaki en b\u00fcy\u00fck alanlardan biridir ve bu alan\u0131 dekoratif unsurlarla zenginle\u015ftirmek b\u00fcy\u00fck \u00f6nem ta\u015f\u0131r. <a href=\"https:\/\/www.instagram.com\/baliidecor?igsh=MWpvdmEyMnZtcTVoNQ%3D%3D&amp;utm_source=qr\">Balidecor<\/a>, bir\u00e7ok farkl\u0131 duvar s\u00fcs\u00fc, tablo ve raf alternatifi sunarak alan\u0131n\u0131za derinlik katacak \u00fcr\u00fcnler bulman\u0131za yard\u0131mc\u0131 oluyor.<\/p>\n\n<p>**Duvar Dekorasyonunda Dikkat Edilmesi Gerekenler**<\/p>\n\n<p>Duvar dekorasyonunda katmanl\u0131 bir g\u00f6r\u00fcn\u00fcm yaratmak, mekanda derinlik hissi sa\u011flar. Farkl\u0131 boyutta \u00e7er\u00e7eve ve tablolar tercih ederek bu etkiyi elde edebilirsiniz.<\/p>\n\n<p>4. [Mobilya Se\u00e7enekleri](https:\/\/www.balidecor.net\/mobilya)<\/p>\n\n<p>Her evin ihtiyac\u0131 olan mobilyalar, hem fonksiyonel hem estetik olmal\u0131d\u0131r. Balidecor&#8217;un geni\u015f mobilya yelpazesi, oturum alanlar\u0131ndan balkon oturma guruplar\u0131na kadar her ihtiyaca uygun \u00fcr\u00fcnleri i\u00e7eriyor.<\/p>\n\n<p>**Fonksiyonel Mobilyalar**<\/p>\n\n<p>Taburaler, sand\u0131klar gibi \u00e7ok ama\u00e7l\u0131 mobilyalar, \u00f6zellikle k\u00fc\u00e7\u00fck alanlar i\u00e7in m\u00fckemmel bir \u00e7\u00f6z\u00fcmd\u00fcr.<\/p>\n\n<p>\u00a0<\/p>\n\n<p>5. [Bah\u00e7e ve Teras Aksesuarlar\u0131](https:\/\/www.balidecor.net\/bahce)<\/p>\n\n<p>D\u0131\u015f mekanlar\u0131n dekorasyonu, yaz aylar\u0131nda evde ge\u00e7irilen zaman\u0131 keyifli hale getirir. Balidecor&#8217;un bah\u00e7e ve teras aksesuarlar\u0131, d\u0131\u015f alanlar\u0131n\u0131z\u0131 estetik hale getirerek daha konforlu bir ya\u015fam sunar.<\/p>\n\n<p>**D\u0131\u015f Mekan Konforu**<\/p>\n\n<p>Bah\u00e7e koltuklar\u0131, Bali dekoratif \u015femsiyeleri, balkon \u00e7ay tak\u0131mlar\u0131,yaz aylar\u0131nda konforumuzu art\u0131r\u0131r.<\/p>\n\n<p>Sonu\u00e7<\/p>\n\n<p><a href=\"https:\/\/www.instagram.com\/baliidecor?igsh=MWpvdmEyMnZtcTVoNQ%3D%3D&amp;utm_source=qr\">Balidecor<\/a>, ev dekorasyonunuza farkl\u0131 bir boyut katmak i\u00e7in gerekli olan bir\u00e7ok \u00fcr\u00fcn\u00fc sunmaktad\u0131r. Farkl\u0131 stiller ve b\u00fct\u00e7elere hitap eden bu \u00fcr\u00fcnlerle evinizi hayalinizdeki gibi dekore edebilirsiniz. Hayalinizdeki evi yaratmak i\u00e7in daha fazla bilgi i\u00e7in [Balidecor](https:\/\/www.balidecor.net) web sitesini ziyaret edin.<\/p>\n\n<p>Balidecor Bak\u0131rk\u00f6y ma\u011fazam\u0131z, d\u00fc\u015f\u00fck fiyatl\u0131 tropikal mobilyalar sunar. En iyi kalitede mobilyalar i\u00e7in indirimli fiyatlar\u0131m\u0131z\u0131n keyfini \u00e7\u0131karmak i\u00e7in \u00e7evrimi\u00e7i showroom&#8217;umuzu ziyaret edin.Bali Decor<a href=\"https:\/\/www.trendyol.com\/magaza\/m-m-822501\">https:\/\/www.trendyol.com\/magaza\/m-m-822501<\/a><\/p>\n\t\t\t\t\t\t\t\t<\/div>\n\t\t\t\t<\/div>\n\t\t\t\t\t<\/div>\n\t\t\t\t<\/div>\n\t\t<div class=\"elementor-element elementor-element-44dee1d e-flex e-con-boxed e-con e-parent\" data-id=\"44dee1d\" data-element_type=\"container\" data-settings=\"{&quot;_ha_eqh_enable&quot;:false}\">\n\t\t\t\t\t<div class=\"e-con-inner\">\n\t\t\t\t<div class=\"elementor-element elementor-element-a51fc9d elementor-widget elementor-widget-image\" data-id=\"a51fc9d\" data-element_type=\"widget\" data-widget_type=\"image.default\">\n\t\t\t\t<div class=\"elementor-widget-container\">\n\t\t\t\t\t\t\t\t\t\t\t\t<figure class=\"wp-caption\">\n\t\t\t\t\t\t\t\t\t\t<img decoding=\"async\" src=\"https:\/\/balidecor.net\/wp-content\/uploads\/2025\/04\/Photoroom_20240830_122527-3.jpg\" title=\"\" alt=\"\" loading=\"lazy\" \/>\t\t\t\t\t\t\t\t\t\t\t<figcaption class=\"widget-image-caption wp-caption-text\">Bah\u00e7enize \u00e7a\u011fda\u015f bir nefes.Yeni nesil rattan bah\u00e7e ve balkon tak\u0131m\u0131.<\/figcaption>\n\t\t\t\t\t\t\t\t\t\t<\/figure>\n\t\t\t\t\t\t\t\t\t<\/div>\n\t\t\t\t<\/div>\n\t\t\t\t\t<\/div>\n\t\t\t\t<\/div>\n\t\t\t\t<\/div>","protected":false},"excerpt":{"rendered":"<p>Ev dekorasyonu, ya\u015fam alan\u0131n\u0131z\u0131 daha konforlu ve estetik hale getirmek i\u00e7in son derece \u00f6nemlidir. Balidecor, farkl\u0131 \u00fcr\u00fcn yelpazesiyle her zevke ve her b\u00fct\u00e7eye hitap eden se\u00e7enekler sunuyor. Bu blog yaz\u0131s\u0131nda, Balidecor&#8217;un sundu\u011fu baz\u0131 \u00fcr\u00fcnleri inceleyecek ve ev dekorasyonunuza nas\u0131l katk\u0131 sa\u011flayabilecekleri hakk\u0131nda bilgi verece\u011fiz. 3. [Duvar Dekorasyonlar\u0131](https:\/\/www.balidecor.net\/duvar-dekorasyonlari) Duvar, bir mekandaki en b\u00fcy\u00fck alanlardan biridir ve [&hellip;]<\/p>","protected":false},"author":6,"featured_media":2425,"comment_status":"open","ping_status":"open","sticky":false,"template":"","format":"standard","meta":{"_monsterinsights_skip_tracking":false,"_monsterinsights_sitenote_active":false,"_monsterinsights_sitenote_note":"","_monsterinsights_sitenote_category":0,"footnotes":""},"categories":[54],"tags":[293,261,285,274,292],"class_list":["post-1794","post","type-post","status-publish","format-standard","has-post-thumbnail","hentry","category-mobilya","tag-bahce-balkon-mobilyalari","tag-bohem-ev-dekorasyonu","tag-rattan-mobilya-modelleri","tag-su-sumbulu-bench","tag-yaz-mobilyalari"],"yoast_head":"<!-- This site is optimized with the Yoast SEO plugin v26.7 - https:\/\/yoast.com\/wordpress\/plugins\/seo\/ -->\n<title>Bali Decor ile Ev Dekorasyonunuzu Geli\u015ftirin(www.balidecor.net ) - Bali Decor<\/title>\n<meta name=\"description\" content=\"Taburaler, sand\u0131klar gibi \u00e7ok ama\u00e7l\u0131 mobilyalar, \u00f6zellikle k\u00fc\u00e7\u00fck alanlar i\u00e7in m\u00fckemmel bir \u00e7\u00f6z\u00fcmd\u00fcr.\" \/>\n<meta name=\"robots\" content=\"index, follow, max-snippet:-1, max-image-preview:large, max-video-preview:-1\" \/>\n<link rel=\"canonical\" href=\"https:\/\/balidecor.net\/en\/mobilya\/bali-decor-ile-ev-dekorasyonunuzu-gelistirinwww-balidecor-net\/\" \/>\n<meta property=\"og:locale\" content=\"en_US\" \/>\n<meta property=\"og:type\" content=\"article\" \/>\n<meta property=\"og:title\" content=\"Bali Decor ile Ev Dekorasyonunuzu Geli\u015ftirin(www.balidecor.net ) - Bali Decor\" \/>\n<meta property=\"og:description\" content=\"Taburaler, sand\u0131klar gibi \u00e7ok ama\u00e7l\u0131 mobilyalar, \u00f6zellikle k\u00fc\u00e7\u00fck alanlar i\u00e7in m\u00fckemmel bir \u00e7\u00f6z\u00fcmd\u00fcr.\" \/>\n<meta property=\"og:url\" content=\"https:\/\/balidecor.net\/en\/mobilya\/bali-decor-ile-ev-dekorasyonunuzu-gelistirinwww-balidecor-net\/\" \/>\n<meta property=\"og:site_name\" content=\"Bali Decor\" \/>\n<meta property=\"article:published_time\" content=\"2025-04-28T09:29:30+00:00\" \/>\n<meta property=\"article:modified_time\" content=\"2026-01-23T07:43:17+00:00\" \/>\n<meta property=\"og:image\" content=\"https:\/\/balidecor.net\/wp-content\/uploads\/2025\/11\/Frame-491.png\" \/>\n\t<meta property=\"og:image:width\" content=\"1520\" \/>\n\t<meta property=\"og:image:height\" content=\"861\" \/>\n\t<meta property=\"og:image:type\" content=\"image\/png\" \/>\n<meta name=\"author\" content=\"Verda\" \/>\n<meta name=\"twitter:card\" content=\"summary_large_image\" \/>\n<meta name=\"twitter:label1\" content=\"Written by\" \/>\n\t<meta name=\"twitter:data1\" content=\"Verda\" \/>\n\t<meta name=\"twitter:label2\" content=\"Est. reading time\" \/>\n\t<meta name=\"twitter:data2\" content=\"2 minutes\" \/>\n<script type=\"application\/ld+json\" class=\"yoast-schema-graph\">{\"@context\":\"https:\/\/schema.org\",\"@graph\":[{\"@type\":\"Article\",\"@id\":\"https:\/\/balidecor.net\/mobilya\/bali-decor-ile-ev-dekorasyonunuzu-gelistirinwww-balidecor-net\/#article\",\"isPartOf\":{\"@id\":\"https:\/\/balidecor.net\/mobilya\/bali-decor-ile-ev-dekorasyonunuzu-gelistirinwww-balidecor-net\/\"},\"author\":{\"name\":\"Verda\",\"@id\":\"https:\/\/balidecor.net\/#\/schema\/person\/5894ed19f8915a9018748da97b30cbd0\"},\"headline\":\"Bali Decor ile Ev Dekorasyonunuzu Geli\u015ftirin(www.balidecor.net )\",\"datePublished\":\"2025-04-28T09:29:30+00:00\",\"dateModified\":\"2026-01-23T07:43:17+00:00\",\"mainEntityOfPage\":{\"@id\":\"https:\/\/balidecor.net\/mobilya\/bali-decor-ile-ev-dekorasyonunuzu-gelistirinwww-balidecor-net\/\"},\"wordCount\":387,\"commentCount\":0,\"publisher\":{\"@id\":\"https:\/\/balidecor.net\/#organization\"},\"image\":{\"@id\":\"https:\/\/balidecor.net\/mobilya\/bali-decor-ile-ev-dekorasyonunuzu-gelistirinwww-balidecor-net\/#primaryimage\"},\"thumbnailUrl\":\"https:\/\/balidecor.net\/wp-content\/uploads\/2025\/11\/Frame-491.png\",\"keywords\":[\"bah\u00e7e balkon mobilyalar\u0131\",\"bohem ev dekorasyonu\",\"rattan mobilya modelleri\",\"su s\u00fcmb\u00fcl\u00fc bench\",\"Yaz mobilyalar\u0131\"],\"articleSection\":[\"Mobilya\"],\"inLanguage\":\"en-US\",\"potentialAction\":[{\"@type\":\"CommentAction\",\"name\":\"Comment\",\"target\":[\"https:\/\/balidecor.net\/mobilya\/bali-decor-ile-ev-dekorasyonunuzu-gelistirinwww-balidecor-net\/#respond\"]}]},{\"@type\":\"WebPage\",\"@id\":\"https:\/\/balidecor.net\/mobilya\/bali-decor-ile-ev-dekorasyonunuzu-gelistirinwww-balidecor-net\/\",\"url\":\"https:\/\/balidecor.net\/mobilya\/bali-decor-ile-ev-dekorasyonunuzu-gelistirinwww-balidecor-net\/\",\"name\":\"Bali Decor ile Ev Dekorasyonunuzu Geli\u015ftirin(www.balidecor.net ) - Bali Decor\",\"isPartOf\":{\"@id\":\"https:\/\/balidecor.net\/#website\"},\"primaryImageOfPage\":{\"@id\":\"https:\/\/balidecor.net\/mobilya\/bali-decor-ile-ev-dekorasyonunuzu-gelistirinwww-balidecor-net\/#primaryimage\"},\"image\":{\"@id\":\"https:\/\/balidecor.net\/mobilya\/bali-decor-ile-ev-dekorasyonunuzu-gelistirinwww-balidecor-net\/#primaryimage\"},\"thumbnailUrl\":\"https:\/\/balidecor.net\/wp-content\/uploads\/2025\/11\/Frame-491.png\",\"datePublished\":\"2025-04-28T09:29:30+00:00\",\"dateModified\":\"2026-01-23T07:43:17+00:00\",\"description\":\"Taburaler, sand\u0131klar gibi \u00e7ok ama\u00e7l\u0131 mobilyalar, \u00f6zellikle k\u00fc\u00e7\u00fck alanlar i\u00e7in m\u00fckemmel bir \u00e7\u00f6z\u00fcmd\u00fcr.\",\"breadcrumb\":{\"@id\":\"https:\/\/balidecor.net\/mobilya\/bali-decor-ile-ev-dekorasyonunuzu-gelistirinwww-balidecor-net\/#breadcrumb\"},\"inLanguage\":\"en-US\",\"potentialAction\":[{\"@type\":\"ReadAction\",\"target\":[\"https:\/\/balidecor.net\/mobilya\/bali-decor-ile-ev-dekorasyonunuzu-gelistirinwww-balidecor-net\/\"]}]},{\"@type\":\"ImageObject\",\"inLanguage\":\"en-US\",\"@id\":\"https:\/\/balidecor.net\/mobilya\/bali-decor-ile-ev-dekorasyonunuzu-gelistirinwww-balidecor-net\/#primaryimage\",\"url\":\"https:\/\/balidecor.net\/wp-content\/uploads\/2025\/11\/Frame-491.png\",\"contentUrl\":\"https:\/\/balidecor.net\/wp-content\/uploads\/2025\/11\/Frame-491.png\",\"width\":1520,\"height\":861,\"caption\":\"balidecor\"},{\"@type\":\"BreadcrumbList\",\"@id\":\"https:\/\/balidecor.net\/mobilya\/bali-decor-ile-ev-dekorasyonunuzu-gelistirinwww-balidecor-net\/#breadcrumb\",\"itemListElement\":[{\"@type\":\"ListItem\",\"position\":1,\"name\":\"Ev\",\"item\":\"https:\/\/balidecor.net\/\"},{\"@type\":\"ListItem\",\"position\":2,\"name\":\"Mobilya\",\"item\":\"https:\/\/balidecor.net\/blog\/mobilya\/\"},{\"@type\":\"ListItem\",\"position\":3,\"name\":\"Bali Decor ile Ev Dekorasyonunuzu Geli\u015ftirin(www.balidecor.net )\"}]},{\"@type\":\"WebSite\",\"@id\":\"https:\/\/balidecor.net\/#website\",\"url\":\"https:\/\/balidecor.net\/\",\"name\":\"Bali Decor\",\"description\":\"\",\"publisher\":{\"@id\":\"https:\/\/balidecor.net\/#organization\"},\"potentialAction\":[{\"@type\":\"SearchAction\",\"target\":{\"@type\":\"EntryPoint\",\"urlTemplate\":\"https:\/\/balidecor.net\/?s={search_term_string}\"},\"query-input\":{\"@type\":\"PropertyValueSpecification\",\"valueRequired\":true,\"valueName\":\"search_term_string\"}}],\"inLanguage\":\"en-US\"},{\"@type\":\"Organization\",\"@id\":\"https:\/\/balidecor.net\/#organization\",\"name\":\"Bali Decor\",\"url\":\"https:\/\/balidecor.net\/\",\"logo\":{\"@type\":\"ImageObject\",\"inLanguage\":\"en-US\",\"@id\":\"https:\/\/balidecor.net\/#\/schema\/logo\/image\/\",\"url\":\"https:\/\/balidecor.net\/wp-content\/uploads\/2024\/02\/cropped-cropped-cropped-Rectangle-3-1-1-2.png\",\"contentUrl\":\"https:\/\/balidecor.net\/wp-content\/uploads\/2024\/02\/cropped-cropped-cropped-Rectangle-3-1-1-2.png\",\"width\":149,\"height\":109,\"caption\":\"Bali Decor\"},\"image\":{\"@id\":\"https:\/\/balidecor.net\/#\/schema\/logo\/image\/\"},\"sameAs\":[\"https:\/\/www.instagram.com\/baliidecor\"]},{\"@type\":\"Person\",\"@id\":\"https:\/\/balidecor.net\/#\/schema\/person\/5894ed19f8915a9018748da97b30cbd0\",\"name\":\"Verda\",\"image\":{\"@type\":\"ImageObject\",\"inLanguage\":\"en-US\",\"@id\":\"https:\/\/balidecor.net\/#\/schema\/person\/image\/\",\"url\":\"https:\/\/secure.gravatar.com\/avatar\/c0551e5cc12c483aae0da052cda1e3829236976522aba16a17de9b2ebf4324eb?s=96&d=mm&r=g\",\"contentUrl\":\"https:\/\/secure.gravatar.com\/avatar\/c0551e5cc12c483aae0da052cda1e3829236976522aba16a17de9b2ebf4324eb?s=96&d=mm&r=g\",\"caption\":\"Verda\"},\"url\":\"https:\/\/balidecor.net\/en\/author\/verda\/\"}]}<\/script>\n<!-- \/ Yoast SEO plugin. -->","yoast_head_json":{"title":"Bali Decor ile Ev Dekorasyonunuzu Geli\u015ftirin(www.balidecor.net ) - Bali Decor","description":"Taburaler, sand\u0131klar gibi \u00e7ok ama\u00e7l\u0131 mobilyalar, \u00f6zellikle k\u00fc\u00e7\u00fck alanlar i\u00e7in m\u00fckemmel bir \u00e7\u00f6z\u00fcmd\u00fcr.","robots":{"index":"index","follow":"follow","max-snippet":"max-snippet:-1","max-image-preview":"max-image-preview:large","max-video-preview":"max-video-preview:-1"},"canonical":"https:\/\/balidecor.net\/en\/mobilya\/bali-decor-ile-ev-dekorasyonunuzu-gelistirinwww-balidecor-net\/","og_locale":"en_US","og_type":"article","og_title":"Bali Decor ile Ev Dekorasyonunuzu Geli\u015ftirin(www.balidecor.net ) - Bali Decor","og_description":"Taburaler, sand\u0131klar gibi \u00e7ok ama\u00e7l\u0131 mobilyalar, \u00f6zellikle k\u00fc\u00e7\u00fck alanlar i\u00e7in m\u00fckemmel bir \u00e7\u00f6z\u00fcmd\u00fcr.","og_url":"https:\/\/balidecor.net\/en\/mobilya\/bali-decor-ile-ev-dekorasyonunuzu-gelistirinwww-balidecor-net\/","og_site_name":"Bali Decor","article_published_time":"2025-04-28T09:29:30+00:00","article_modified_time":"2026-01-23T07:43:17+00:00","og_image":[{"width":1520,"height":861,"url":"https:\/\/balidecor.net\/wp-content\/uploads\/2025\/11\/Frame-491.png","type":"image\/png"}],"author":"Verda","twitter_card":"summary_large_image","twitter_misc":{"Written by":"Verda","Est. reading time":"2 minutes"},"schema":{"@context":"https:\/\/schema.org","@graph":[{"@type":"Article","@id":"https:\/\/balidecor.net\/mobilya\/bali-decor-ile-ev-dekorasyonunuzu-gelistirinwww-balidecor-net\/#article","isPartOf":{"@id":"https:\/\/balidecor.net\/mobilya\/bali-decor-ile-ev-dekorasyonunuzu-gelistirinwww-balidecor-net\/"},"author":{"name":"Verda","@id":"https:\/\/balidecor.net\/#\/schema\/person\/5894ed19f8915a9018748da97b30cbd0"},"headline":"Bali Decor ile Ev Dekorasyonunuzu Geli\u015ftirin(www.balidecor.net )","datePublished":"2025-04-28T09:29:30+00:00","dateModified":"2026-01-23T07:43:17+00:00","mainEntityOfPage":{"@id":"https:\/\/balidecor.net\/mobilya\/bali-decor-ile-ev-dekorasyonunuzu-gelistirinwww-balidecor-net\/"},"wordCount":387,"commentCount":0,"publisher":{"@id":"https:\/\/balidecor.net\/#organization"},"image":{"@id":"https:\/\/balidecor.net\/mobilya\/bali-decor-ile-ev-dekorasyonunuzu-gelistirinwww-balidecor-net\/#primaryimage"},"thumbnailUrl":"https:\/\/balidecor.net\/wp-content\/uploads\/2025\/11\/Frame-491.png","keywords":["bah\u00e7e balkon mobilyalar\u0131","bohem ev dekorasyonu","rattan mobilya modelleri","su s\u00fcmb\u00fcl\u00fc bench","Yaz mobilyalar\u0131"],"articleSection":["Mobilya"],"inLanguage":"en-US","potentialAction":[{"@type":"CommentAction","name":"Comment","target":["https:\/\/balidecor.net\/mobilya\/bali-decor-ile-ev-dekorasyonunuzu-gelistirinwww-balidecor-net\/#respond"]}]},{"@type":"WebPage","@id":"https:\/\/balidecor.net\/mobilya\/bali-decor-ile-ev-dekorasyonunuzu-gelistirinwww-balidecor-net\/","url":"https:\/\/balidecor.net\/mobilya\/bali-decor-ile-ev-dekorasyonunuzu-gelistirinwww-balidecor-net\/","name":"Bali Decor ile Ev Dekorasyonunuzu Geli\u015ftirin(www.balidecor.net ) - Bali Decor","isPartOf":{"@id":"https:\/\/balidecor.net\/#website"},"primaryImageOfPage":{"@id":"https:\/\/balidecor.net\/mobilya\/bali-decor-ile-ev-dekorasyonunuzu-gelistirinwww-balidecor-net\/#primaryimage"},"image":{"@id":"https:\/\/balidecor.net\/mobilya\/bali-decor-ile-ev-dekorasyonunuzu-gelistirinwww-balidecor-net\/#primaryimage"},"thumbnailUrl":"https:\/\/balidecor.net\/wp-content\/uploads\/2025\/11\/Frame-491.png","datePublished":"2025-04-28T09:29:30+00:00","dateModified":"2026-01-23T07:43:17+00:00","description":"Taburaler, sand\u0131klar gibi \u00e7ok ama\u00e7l\u0131 mobilyalar, \u00f6zellikle k\u00fc\u00e7\u00fck alanlar i\u00e7in m\u00fckemmel bir \u00e7\u00f6z\u00fcmd\u00fcr.","breadcrumb":{"@id":"https:\/\/balidecor.net\/mobilya\/bali-decor-ile-ev-dekorasyonunuzu-gelistirinwww-balidecor-net\/#breadcrumb"},"inLanguage":"en-US","potentialAction":[{"@type":"ReadAction","target":["https:\/\/balidecor.net\/mobilya\/bali-decor-ile-ev-dekorasyonunuzu-gelistirinwww-balidecor-net\/"]}]},{"@type":"ImageObject","inLanguage":"en-US","@id":"https:\/\/balidecor.net\/mobilya\/bali-decor-ile-ev-dekorasyonunuzu-gelistirinwww-balidecor-net\/#primaryimage","url":"https:\/\/balidecor.net\/wp-content\/uploads\/2025\/11\/Frame-491.png","contentUrl":"https:\/\/balidecor.net\/wp-content\/uploads\/2025\/11\/Frame-491.png","width":1520,"height":861,"caption":"balidecor"},{"@type":"BreadcrumbList","@id":"https:\/\/balidecor.net\/mobilya\/bali-decor-ile-ev-dekorasyonunuzu-gelistirinwww-balidecor-net\/#breadcrumb","itemListElement":[{"@type":"ListItem","position":1,"name":"Ev","item":"https:\/\/balidecor.net\/"},{"@type":"ListItem","position":2,"name":"Mobilya","item":"https:\/\/balidecor.net\/blog\/mobilya\/"},{"@type":"ListItem","position":3,"name":"Bali Decor ile Ev Dekorasyonunuzu Geli\u015ftirin(www.balidecor.net )"}]},{"@type":"WebSite","@id":"https:\/\/balidecor.net\/#website","url":"https:\/\/balidecor.net\/","name":"Bali Decor","description":"","publisher":{"@id":"https:\/\/balidecor.net\/#organization"},"potentialAction":[{"@type":"SearchAction","target":{"@type":"EntryPoint","urlTemplate":"https:\/\/balidecor.net\/?s={search_term_string}"},"query-input":{"@type":"PropertyValueSpecification","valueRequired":true,"valueName":"search_term_string"}}],"inLanguage":"en-US"},{"@type":"Organization","@id":"https:\/\/balidecor.net\/#organization","name":"Bali Decor","url":"https:\/\/balidecor.net\/","logo":{"@type":"ImageObject","inLanguage":"en-US","@id":"https:\/\/balidecor.net\/#\/schema\/logo\/image\/","url":"https:\/\/balidecor.net\/wp-content\/uploads\/2024\/02\/cropped-cropped-cropped-Rectangle-3-1-1-2.png","contentUrl":"https:\/\/balidecor.net\/wp-content\/uploads\/2024\/02\/cropped-cropped-cropped-Rectangle-3-1-1-2.png","width":149,"height":109,"caption":"Bali Decor"},"image":{"@id":"https:\/\/balidecor.net\/#\/schema\/logo\/image\/"},"sameAs":["https:\/\/www.instagram.com\/baliidecor"]},{"@type":"Person","@id":"https:\/\/balidecor.net\/#\/schema\/person\/5894ed19f8915a9018748da97b30cbd0","name":"Verda","image":{"@type":"ImageObject","inLanguage":"en-US","@id":"https:\/\/balidecor.net\/#\/schema\/person\/image\/","url":"https:\/\/secure.gravatar.com\/avatar\/c0551e5cc12c483aae0da052cda1e3829236976522aba16a17de9b2ebf4324eb?s=96&d=mm&r=g","contentUrl":"https:\/\/secure.gravatar.com\/avatar\/c0551e5cc12c483aae0da052cda1e3829236976522aba16a17de9b2ebf4324eb?s=96&d=mm&r=g","caption":"Verda"},"url":"https:\/\/balidecor.net\/en\/author\/verda\/"}]}},"_links":{"self":[{"href":"https:\/\/balidecor.net\/en\/wp-json\/wp\/v2\/posts\/1794","targetHints":{"allow":["GET"]}}],"collection":[{"href":"https:\/\/balidecor.net\/en\/wp-json\/wp\/v2\/posts"}],"about":[{"href":"https:\/\/balidecor.net\/en\/wp-json\/wp\/v2\/types\/post"}],"author":[{"embeddable":true,"href":"https:\/\/balidecor.net\/en\/wp-json\/wp\/v2\/users\/6"}],"replies":[{"embeddable":true,"href":"https:\/\/balidecor.net\/en\/wp-json\/wp\/v2\/comments?post=1794"}],"version-history":[{"count":8,"href":"https:\/\/balidecor.net\/en\/wp-json\/wp\/v2\/posts\/1794\/revisions"}],"predecessor-version":[{"id":3198,"href":"https:\/\/balidecor.net\/en\/wp-json\/wp\/v2\/posts\/1794\/revisions\/3198"}],"wp:featuredmedia":[{"embeddable":true,"href":"https:\/\/balidecor.net\/en\/wp-json\/wp\/v2\/media\/2425"}],"wp:attachment":[{"href":"https:\/\/balidecor.net\/en\/wp-json\/wp\/v2\/media?parent=1794"}],"wp:term":[{"taxonomy":"category","embeddable":true,"href":"https:\/\/balidecor.net\/en\/wp-json\/wp\/v2\/categories?post=1794"},{"taxonomy":"post_tag","embeddable":true,"href":"https:\/\/balidecor.net\/en\/wp-json\/wp\/v2\/tags?post=1794"}],"curies":[{"name":"wp","href":"https:\/\/api.w.org\/{rel}","templated":true}]}}