{"id":1820,"date":"2025-04-30T08:00:20","date_gmt":"2025-04-30T08:00:20","guid":{"rendered":"https:\/\/balidecor.net\/?p=1820"},"modified":"2026-01-23T10:42:01","modified_gmt":"2026-01-23T07:42:01","slug":"rattan-mobilyalaryaz-alisverisinin-sik-ve-dogal-dokunusu","status":"publish","type":"post","link":"https:\/\/balidecor.net\/en\/mobilya\/rattan-mobilyalaryaz-alisverisinin-sik-ve-dogal-dokunusu\/","title":{"rendered":"Rattan Mobilyalar:Yaz Al\u0131\u015fveri\u015finin \u015e\u0131k ve Do\u011fal dokunu\u015fu"},"content":{"rendered":"<div data-elementor-type=\"wp-post\" data-elementor-id=\"1820\" class=\"elementor elementor-1820\" data-elementor-settings=\"{&quot;ha_cmc_init_switcher&quot;:&quot;no&quot;}\" data-elementor-post-type=\"post\">\n\t\t\t\t<div class=\"elementor-element elementor-element-571a43a4 e-flex e-con-boxed e-con e-parent\" data-id=\"571a43a4\" data-element_type=\"container\" data-settings=\"{&quot;_ha_eqh_enable&quot;:false}\">\n\t\t\t\t\t<div class=\"e-con-inner\">\n\t\t\t\t<div class=\"elementor-element elementor-element-6fad62ca elementor-widget elementor-widget-text-editor\" data-id=\"6fad62ca\" data-element_type=\"widget\" data-widget_type=\"text-editor.default\">\n\t\t\t\t<div class=\"elementor-widget-container\">\n\t\t\t\t\t\t\t\t\t\n<p><a href=\"https:\/\/balidecor.net\/rattan-mobilyalaryaz-alisverisinin-sik-ve-dogal-dokunusu\/\">Rattan Mobilyalar:Yaz Al\u0131\u015fveri\u015finin \u015e\u0131k ve Do\u011fal dokunu\u015fu<\/a><\/p>\n<p>\u00a0<\/p>\n\n<p>Yaz aylar\u0131, ev dekorasyonunu yenilemek ve i\u00e7 mekanlar\u0131n\u0131za ferah bir dokunu\u015f eklemek i\u00e7in m\u00fckemmel bir zamand\u0131r. Bu yaz, evinize do\u011fal bir zarafet katmak istiyorsan\u0131z, rattan mobilyalar tam size g\u00f6re! \u015e\u0131kl\u0131\u011f\u0131, dayan\u0131kl\u0131l\u0131\u011f\u0131 ve do\u011fall\u0131\u011f\u0131 bir arada sunan rattan mobilyalar, yaz al\u0131\u015fveri\u015finin g\u00f6zdesi haline geldi.<\/p>\n\n<p>Rattan Mobilyalarla Yaz\u0131n Hafifli\u011fini Evinize Ta\u015f\u0131y\u0131n<\/p>\n\n<p>Rattan mobilyalar, hem i\u00e7 hem de d\u0131\u015f mekanlarda harika bir uyum sa\u011flar. Do\u011fal malzemelerden \u00fcretilmi\u015f bu mobilyalar, yaz aylar\u0131n\u0131n hafif ve huzurlu atmosferini evinizin her k\u00f6\u015fesine ta\u015f\u0131r. \u0130ster oturma odan\u0131zda \u015f\u0131k bir g\u00f6r\u00fcn\u00fcm yaratmak, ister balkonunuzda rattan balkon mobilyalar\u0131 ile rahat bir k\u00f6\u015fe olu\u015fturmak i\u00e7in \u00e7ok idealdir.<\/p>\n\n<p>Evinizi G\u00fczelle\u015ftirecek Pop\u00fcler Rattan \u00dcr\u00fcnler<\/p>\n\n<p>Bu yaz al\u0131\u015fveri\u015finizde dikkat \u00e7ekebilecek birka\u00e7 rattan mobilya \u00f6nerisi:<\/p>\n\n<p>\u00b7 Rattan sandalyeler: \u015e\u0131kl\u0131k ve konforu bir arada sunar. Yaz aylar\u0131nda keyifli sohbetler i\u00e7in ideal.<a href=\"https:\/\/ty.gl\/8uga5wa081qhx\">Bali Decor<\/a><\/p>\n\n<p>\u00b7 Rattan yemek masalar\u0131: Hafif ve do\u011fal dokusuyla yemek alan\u0131n\u0131z\u0131 ferahlat\u0131r.<\/p>\n\n<p>\u00b7 Rattan sehpa ve yan masalar: Evinize yaz\u0131n enerjisini ta\u015f\u0131yan fonksiyonel tasar\u0131mlar.<\/p>\n\n<p>\u00b7 Rattan aksesuarlar: Aynalar, sepetler ve dekoratif objelerle mekan\u0131n\u0131za sofistike bir dokunu\u015f ekleyin.<a href=\"https:\/\/ty.gl\/nevc4haqqm1oa\">Bali Deco<\/a>r<\/p>\n\n<p>Neden Rattan Mobilya Se\u00e7melisiniz?<\/p>\n\n<p>Rattan mobilyalar\u0131 yaz al\u0131\u015fveri\u015finde \u00f6zel k\u0131lan bir\u00e7ok neden var:<\/p>\n\n<p>1. Estetik G\u00fczellik: Do\u011fal yap\u0131s\u0131 ve organik g\u00f6r\u00fcn\u00fcm\u00fcyle her tarz dekorasyona uyum sa\u011flar.<\/p>\n\n<p>2. Dayan\u0131kl\u0131l\u0131k: Hem i\u00e7 hem de d\u0131\u015f mekan kullan\u0131m\u0131 i\u00e7in uygun, uzun \u00f6m\u00fcrl\u00fc bir malzeme.<\/p>\n\n<p>3. Hafiflik: Rattan mobilyalar ta\u015f\u0131nabilir ve kolayca yer de\u011fi\u015ftirilebilir.<\/p>\n\n<p>4. \u00c7evre Dostu: Do\u011fal ve s\u00fcrd\u00fcr\u00fclebilir bir se\u00e7enektir.<\/p>\n\n<p>\u00a0<\/p>\n\n<p>Sonu\u00e7:<\/p>\n\n<p>Bu yaz evinizi do\u011fal bir dokunu\u015fla g\u00fczelle\u015ftirmek ve dekorasyonunuzu yenilemek istiyorsan\u0131z, rattan mobilyalar harika bir se\u00e7im olacakt\u0131r. Hem i\u015flevsel hem de estetik bir \u00e7\u00f6z\u00fcm sunan rattan mobilyalar, yaz al\u0131\u015fveri\u015finizin vazge\u00e7ilmez par\u00e7as\u0131 olabilir. Al\u0131\u015fveri\u015fe ba\u015flamak i\u00e7in \u015fimdi harekete ge\u00e7in ve evinizin her k\u00f6\u015fesini yaz\u0131n ruhuyla doldurun!<a href=\"https:\/\/www.trendyol.com\/magaza\/m-m-822501\">Bali Decor<\/a><\/p>\n\n<p>\u00a0<\/p>\n\t\t\t\t\t\t\t\t<\/div>\n\t\t\t\t<\/div>\n\t\t<div class=\"elementor-element elementor-element-00b941a e-con-full e-flex e-con e-child\" data-id=\"00b941a\" data-element_type=\"container\" data-settings=\"{&quot;_ha_eqh_enable&quot;:false}\">\n\t\t\t\t<\/div>\n\t\t\t\t<div class=\"elementor-element elementor-element-7926688 elementor-widget elementor-widget-image\" data-id=\"7926688\" data-element_type=\"widget\" data-widget_type=\"image.default\">\n\t\t\t\t<div class=\"elementor-widget-container\">\n\t\t\t\t\t\t\t\t\t\t\t\t<figure class=\"wp-caption\">\n\t\t\t\t\t\t\t\t\t\t<img decoding=\"async\" src=\"https:\/\/balidecor.net\/wp-content\/uploads\/2025\/04\/pexels-photo-27917042-27917042-scaled.jpg\" title=\"\" alt=\"A serene outdoor tea setup with berries and vibrant flower arrangement.\" loading=\"lazy\" \/>\t\t\t\t\t\t\t\t\t\t\t<figcaption class=\"widget-image-caption wp-caption-text\"><\/figcaption>\n\t\t\t\t\t\t\t\t\t\t<\/figure>\n\t\t\t\t\t\t\t\t\t<\/div>\n\t\t\t\t<\/div>\n\t\t\t\t\t<\/div>\n\t\t\t\t<\/div>\n\t\t<div class=\"elementor-element elementor-element-400bfe6 e-flex e-con-boxed e-con e-parent\" data-id=\"400bfe6\" data-element_type=\"container\" data-settings=\"{&quot;_ha_eqh_enable&quot;:false}\">\n\t\t\t\t\t<div class=\"e-con-inner\">\n\t\t\t\t\t<\/div>\n\t\t\t\t<\/div>\n\t\t\t\t<\/div>","protected":false},"excerpt":{"rendered":"<p>Rattan Mobilyalar:Yaz Al\u0131\u015fveri\u015finin \u015e\u0131k ve Do\u011fal dokunu\u015fu &nbsp; Yaz aylar\u0131, ev dekorasyonunu yenilemek ve i\u00e7 mekanlar\u0131n\u0131za ferah bir dokunu\u015f eklemek i\u00e7in m\u00fckemmel bir zamand\u0131r. Bu yaz, evinize do\u011fal bir zarafet katmak istiyorsan\u0131z, rattan mobilyalar tam size g\u00f6re! \u015e\u0131kl\u0131\u011f\u0131, dayan\u0131kl\u0131l\u0131\u011f\u0131 ve do\u011fall\u0131\u011f\u0131 bir arada sunan rattan mobilyalar, yaz al\u0131\u015fveri\u015finin g\u00f6zdesi haline geldi. Rattan Mobilyalarla Yaz\u0131n Hafifli\u011fini [&hellip;]<\/p>","protected":false},"author":6,"featured_media":2460,"comment_status":"open","ping_status":"open","sticky":false,"template":"","format":"standard","meta":{"_monsterinsights_skip_tracking":false,"_monsterinsights_sitenote_active":false,"_monsterinsights_sitenote_note":"","_monsterinsights_sitenote_category":0,"footnotes":""},"categories":[54],"tags":[],"class_list":["post-1820","post","type-post","status-publish","format-standard","has-post-thumbnail","hentry","category-mobilya"],"yoast_head":"<!-- This site is optimized with the Yoast SEO plugin v26.7 - https:\/\/yoast.com\/wordpress\/plugins\/seo\/ -->\n<title>Rattan Mobilyalar:Yaz Al\u0131\u015fveri\u015finin \u015e\u0131k ve Do\u011fal dokunu\u015fu - Bali Decor<\/title>\n<meta name=\"description\" content=\"Rattan mobilyalar, hem i\u00e7 hem de d\u0131\u015f mekanlarda harika bir uyum sa\u011flar.\" \/>\n<meta name=\"robots\" content=\"index, follow, max-snippet:-1, max-image-preview:large, max-video-preview:-1\" \/>\n<link rel=\"canonical\" href=\"https:\/\/balidecor.net\/en\/mobilya\/rattan-mobilyalaryaz-alisverisinin-sik-ve-dogal-dokunusu\/\" \/>\n<meta property=\"og:locale\" content=\"en_US\" \/>\n<meta property=\"og:type\" content=\"article\" \/>\n<meta property=\"og:title\" content=\"Rattan Mobilyalar:Yaz Al\u0131\u015fveri\u015finin \u015e\u0131k ve Do\u011fal dokunu\u015fu - Bali Decor\" \/>\n<meta property=\"og:description\" content=\"Rattan mobilyalar, hem i\u00e7 hem de d\u0131\u015f mekanlarda harika bir uyum sa\u011flar.\" \/>\n<meta property=\"og:url\" content=\"https:\/\/balidecor.net\/en\/mobilya\/rattan-mobilyalaryaz-alisverisinin-sik-ve-dogal-dokunusu\/\" \/>\n<meta property=\"og:site_name\" content=\"Bali Decor\" \/>\n<meta property=\"article:published_time\" content=\"2025-04-30T08:00:20+00:00\" \/>\n<meta property=\"article:modified_time\" content=\"2026-01-23T07:42:01+00:00\" \/>\n<meta property=\"og:image\" content=\"https:\/\/balidecor.net\/wp-content\/uploads\/2025\/11\/IMG_3060.jpg\" \/>\n\t<meta property=\"og:image:width\" content=\"1536\" \/>\n\t<meta property=\"og:image:height\" content=\"2048\" \/>\n\t<meta property=\"og:image:type\" content=\"image\/jpeg\" \/>\n<meta name=\"author\" content=\"Verda\" \/>\n<meta name=\"twitter:card\" content=\"summary_large_image\" \/>\n<meta name=\"twitter:label1\" content=\"Written by\" \/>\n\t<meta name=\"twitter:data1\" content=\"Verda\" \/>\n\t<meta name=\"twitter:label2\" content=\"Est. reading time\" \/>\n\t<meta name=\"twitter:data2\" content=\"2 minutes\" \/>\n<script type=\"application\/ld+json\" class=\"yoast-schema-graph\">{\"@context\":\"https:\/\/schema.org\",\"@graph\":[{\"@type\":\"Article\",\"@id\":\"https:\/\/balidecor.net\/mobilya\/rattan-mobilyalaryaz-alisverisinin-sik-ve-dogal-dokunusu\/#article\",\"isPartOf\":{\"@id\":\"https:\/\/balidecor.net\/mobilya\/rattan-mobilyalaryaz-alisverisinin-sik-ve-dogal-dokunusu\/\"},\"author\":{\"name\":\"Verda\",\"@id\":\"https:\/\/balidecor.net\/#\/schema\/person\/5894ed19f8915a9018748da97b30cbd0\"},\"headline\":\"Rattan Mobilyalar:Yaz Al\u0131\u015fveri\u015finin \u015e\u0131k ve Do\u011fal dokunu\u015fu\",\"datePublished\":\"2025-04-30T08:00:20+00:00\",\"dateModified\":\"2026-01-23T07:42:01+00:00\",\"mainEntityOfPage\":{\"@id\":\"https:\/\/balidecor.net\/mobilya\/rattan-mobilyalaryaz-alisverisinin-sik-ve-dogal-dokunusu\/\"},\"wordCount\":386,\"commentCount\":0,\"publisher\":{\"@id\":\"https:\/\/balidecor.net\/#organization\"},\"image\":{\"@id\":\"https:\/\/balidecor.net\/mobilya\/rattan-mobilyalaryaz-alisverisinin-sik-ve-dogal-dokunusu\/#primaryimage\"},\"thumbnailUrl\":\"https:\/\/balidecor.net\/wp-content\/uploads\/2025\/11\/IMG_3060.jpg\",\"articleSection\":[\"Mobilya\"],\"inLanguage\":\"en-US\",\"potentialAction\":[{\"@type\":\"CommentAction\",\"name\":\"Comment\",\"target\":[\"https:\/\/balidecor.net\/mobilya\/rattan-mobilyalaryaz-alisverisinin-sik-ve-dogal-dokunusu\/#respond\"]}]},{\"@type\":\"WebPage\",\"@id\":\"https:\/\/balidecor.net\/mobilya\/rattan-mobilyalaryaz-alisverisinin-sik-ve-dogal-dokunusu\/\",\"url\":\"https:\/\/balidecor.net\/mobilya\/rattan-mobilyalaryaz-alisverisinin-sik-ve-dogal-dokunusu\/\",\"name\":\"Rattan Mobilyalar:Yaz Al\u0131\u015fveri\u015finin \u015e\u0131k ve Do\u011fal dokunu\u015fu - Bali Decor\",\"isPartOf\":{\"@id\":\"https:\/\/balidecor.net\/#website\"},\"primaryImageOfPage\":{\"@id\":\"https:\/\/balidecor.net\/mobilya\/rattan-mobilyalaryaz-alisverisinin-sik-ve-dogal-dokunusu\/#primaryimage\"},\"image\":{\"@id\":\"https:\/\/balidecor.net\/mobilya\/rattan-mobilyalaryaz-alisverisinin-sik-ve-dogal-dokunusu\/#primaryimage\"},\"thumbnailUrl\":\"https:\/\/balidecor.net\/wp-content\/uploads\/2025\/11\/IMG_3060.jpg\",\"datePublished\":\"2025-04-30T08:00:20+00:00\",\"dateModified\":\"2026-01-23T07:42:01+00:00\",\"description\":\"Rattan mobilyalar, hem i\u00e7 hem de d\u0131\u015f mekanlarda harika bir uyum sa\u011flar.\",\"breadcrumb\":{\"@id\":\"https:\/\/balidecor.net\/mobilya\/rattan-mobilyalaryaz-alisverisinin-sik-ve-dogal-dokunusu\/#breadcrumb\"},\"inLanguage\":\"en-US\",\"potentialAction\":[{\"@type\":\"ReadAction\",\"target\":[\"https:\/\/balidecor.net\/mobilya\/rattan-mobilyalaryaz-alisverisinin-sik-ve-dogal-dokunusu\/\"]}]},{\"@type\":\"ImageObject\",\"inLanguage\":\"en-US\",\"@id\":\"https:\/\/balidecor.net\/mobilya\/rattan-mobilyalaryaz-alisverisinin-sik-ve-dogal-dokunusu\/#primaryimage\",\"url\":\"https:\/\/balidecor.net\/wp-content\/uploads\/2025\/11\/IMG_3060.jpg\",\"contentUrl\":\"https:\/\/balidecor.net\/wp-content\/uploads\/2025\/11\/IMG_3060.jpg\",\"width\":1536,\"height\":2048,\"caption\":\"Do\u011fal rattan el i\u015f\u00e7ili\u011fiyle yap\u0131lm\u0131\u015f 2 kademeli yer \u015fezlongu.\"},{\"@type\":\"BreadcrumbList\",\"@id\":\"https:\/\/balidecor.net\/mobilya\/rattan-mobilyalaryaz-alisverisinin-sik-ve-dogal-dokunusu\/#breadcrumb\",\"itemListElement\":[{\"@type\":\"ListItem\",\"position\":1,\"name\":\"Ev\",\"item\":\"https:\/\/balidecor.net\/\"},{\"@type\":\"ListItem\",\"position\":2,\"name\":\"Mobilya\",\"item\":\"https:\/\/balidecor.net\/blog\/mobilya\/\"},{\"@type\":\"ListItem\",\"position\":3,\"name\":\"Rattan Mobilyalar:Yaz Al\u0131\u015fveri\u015finin \u015e\u0131k ve Do\u011fal dokunu\u015fu\"}]},{\"@type\":\"WebSite\",\"@id\":\"https:\/\/balidecor.net\/#website\",\"url\":\"https:\/\/balidecor.net\/\",\"name\":\"Bali Decor\",\"description\":\"\",\"publisher\":{\"@id\":\"https:\/\/balidecor.net\/#organization\"},\"potentialAction\":[{\"@type\":\"SearchAction\",\"target\":{\"@type\":\"EntryPoint\",\"urlTemplate\":\"https:\/\/balidecor.net\/?s={search_term_string}\"},\"query-input\":{\"@type\":\"PropertyValueSpecification\",\"valueRequired\":true,\"valueName\":\"search_term_string\"}}],\"inLanguage\":\"en-US\"},{\"@type\":\"Organization\",\"@id\":\"https:\/\/balidecor.net\/#organization\",\"name\":\"Bali Decor\",\"url\":\"https:\/\/balidecor.net\/\",\"logo\":{\"@type\":\"ImageObject\",\"inLanguage\":\"en-US\",\"@id\":\"https:\/\/balidecor.net\/#\/schema\/logo\/image\/\",\"url\":\"https:\/\/balidecor.net\/wp-content\/uploads\/2024\/02\/cropped-cropped-cropped-Rectangle-3-1-1-2.png\",\"contentUrl\":\"https:\/\/balidecor.net\/wp-content\/uploads\/2024\/02\/cropped-cropped-cropped-Rectangle-3-1-1-2.png\",\"width\":149,\"height\":109,\"caption\":\"Bali Decor\"},\"image\":{\"@id\":\"https:\/\/balidecor.net\/#\/schema\/logo\/image\/\"},\"sameAs\":[\"https:\/\/www.instagram.com\/baliidecor\"]},{\"@type\":\"Person\",\"@id\":\"https:\/\/balidecor.net\/#\/schema\/person\/5894ed19f8915a9018748da97b30cbd0\",\"name\":\"Verda\",\"image\":{\"@type\":\"ImageObject\",\"inLanguage\":\"en-US\",\"@id\":\"https:\/\/balidecor.net\/#\/schema\/person\/image\/\",\"url\":\"https:\/\/secure.gravatar.com\/avatar\/c0551e5cc12c483aae0da052cda1e3829236976522aba16a17de9b2ebf4324eb?s=96&d=mm&r=g\",\"contentUrl\":\"https:\/\/secure.gravatar.com\/avatar\/c0551e5cc12c483aae0da052cda1e3829236976522aba16a17de9b2ebf4324eb?s=96&d=mm&r=g\",\"caption\":\"Verda\"},\"url\":\"https:\/\/balidecor.net\/en\/author\/verda\/\"}]}<\/script>\n<!-- \/ Yoast SEO plugin. -->","yoast_head_json":{"title":"Rattan Mobilyalar:Yaz Al\u0131\u015fveri\u015finin \u015e\u0131k ve Do\u011fal dokunu\u015fu - Bali Decor","description":"Rattan mobilyalar, hem i\u00e7 hem de d\u0131\u015f mekanlarda harika bir uyum sa\u011flar.","robots":{"index":"index","follow":"follow","max-snippet":"max-snippet:-1","max-image-preview":"max-image-preview:large","max-video-preview":"max-video-preview:-1"},"canonical":"https:\/\/balidecor.net\/en\/mobilya\/rattan-mobilyalaryaz-alisverisinin-sik-ve-dogal-dokunusu\/","og_locale":"en_US","og_type":"article","og_title":"Rattan Mobilyalar:Yaz Al\u0131\u015fveri\u015finin \u015e\u0131k ve Do\u011fal dokunu\u015fu - Bali Decor","og_description":"Rattan mobilyalar, hem i\u00e7 hem de d\u0131\u015f mekanlarda harika bir uyum sa\u011flar.","og_url":"https:\/\/balidecor.net\/en\/mobilya\/rattan-mobilyalaryaz-alisverisinin-sik-ve-dogal-dokunusu\/","og_site_name":"Bali Decor","article_published_time":"2025-04-30T08:00:20+00:00","article_modified_time":"2026-01-23T07:42:01+00:00","og_image":[{"width":1536,"height":2048,"url":"https:\/\/balidecor.net\/wp-content\/uploads\/2025\/11\/IMG_3060.jpg","type":"image\/jpeg"}],"author":"Verda","twitter_card":"summary_large_image","twitter_misc":{"Written by":"Verda","Est. reading time":"2 minutes"},"schema":{"@context":"https:\/\/schema.org","@graph":[{"@type":"Article","@id":"https:\/\/balidecor.net\/mobilya\/rattan-mobilyalaryaz-alisverisinin-sik-ve-dogal-dokunusu\/#article","isPartOf":{"@id":"https:\/\/balidecor.net\/mobilya\/rattan-mobilyalaryaz-alisverisinin-sik-ve-dogal-dokunusu\/"},"author":{"name":"Verda","@id":"https:\/\/balidecor.net\/#\/schema\/person\/5894ed19f8915a9018748da97b30cbd0"},"headline":"Rattan Mobilyalar:Yaz Al\u0131\u015fveri\u015finin \u015e\u0131k ve Do\u011fal dokunu\u015fu","datePublished":"2025-04-30T08:00:20+00:00","dateModified":"2026-01-23T07:42:01+00:00","mainEntityOfPage":{"@id":"https:\/\/balidecor.net\/mobilya\/rattan-mobilyalaryaz-alisverisinin-sik-ve-dogal-dokunusu\/"},"wordCount":386,"commentCount":0,"publisher":{"@id":"https:\/\/balidecor.net\/#organization"},"image":{"@id":"https:\/\/balidecor.net\/mobilya\/rattan-mobilyalaryaz-alisverisinin-sik-ve-dogal-dokunusu\/#primaryimage"},"thumbnailUrl":"https:\/\/balidecor.net\/wp-content\/uploads\/2025\/11\/IMG_3060.jpg","articleSection":["Mobilya"],"inLanguage":"en-US","potentialAction":[{"@type":"CommentAction","name":"Comment","target":["https:\/\/balidecor.net\/mobilya\/rattan-mobilyalaryaz-alisverisinin-sik-ve-dogal-dokunusu\/#respond"]}]},{"@type":"WebPage","@id":"https:\/\/balidecor.net\/mobilya\/rattan-mobilyalaryaz-alisverisinin-sik-ve-dogal-dokunusu\/","url":"https:\/\/balidecor.net\/mobilya\/rattan-mobilyalaryaz-alisverisinin-sik-ve-dogal-dokunusu\/","name":"Rattan Mobilyalar:Yaz Al\u0131\u015fveri\u015finin \u015e\u0131k ve Do\u011fal dokunu\u015fu - Bali Decor","isPartOf":{"@id":"https:\/\/balidecor.net\/#website"},"primaryImageOfPage":{"@id":"https:\/\/balidecor.net\/mobilya\/rattan-mobilyalaryaz-alisverisinin-sik-ve-dogal-dokunusu\/#primaryimage"},"image":{"@id":"https:\/\/balidecor.net\/mobilya\/rattan-mobilyalaryaz-alisverisinin-sik-ve-dogal-dokunusu\/#primaryimage"},"thumbnailUrl":"https:\/\/balidecor.net\/wp-content\/uploads\/2025\/11\/IMG_3060.jpg","datePublished":"2025-04-30T08:00:20+00:00","dateModified":"2026-01-23T07:42:01+00:00","description":"Rattan mobilyalar, hem i\u00e7 hem de d\u0131\u015f mekanlarda harika bir uyum sa\u011flar.","breadcrumb":{"@id":"https:\/\/balidecor.net\/mobilya\/rattan-mobilyalaryaz-alisverisinin-sik-ve-dogal-dokunusu\/#breadcrumb"},"inLanguage":"en-US","potentialAction":[{"@type":"ReadAction","target":["https:\/\/balidecor.net\/mobilya\/rattan-mobilyalaryaz-alisverisinin-sik-ve-dogal-dokunusu\/"]}]},{"@type":"ImageObject","inLanguage":"en-US","@id":"https:\/\/balidecor.net\/mobilya\/rattan-mobilyalaryaz-alisverisinin-sik-ve-dogal-dokunusu\/#primaryimage","url":"https:\/\/balidecor.net\/wp-content\/uploads\/2025\/11\/IMG_3060.jpg","contentUrl":"https:\/\/balidecor.net\/wp-content\/uploads\/2025\/11\/IMG_3060.jpg","width":1536,"height":2048,"caption":"Do\u011fal rattan el i\u015f\u00e7ili\u011fiyle yap\u0131lm\u0131\u015f 2 kademeli yer \u015fezlongu."},{"@type":"BreadcrumbList","@id":"https:\/\/balidecor.net\/mobilya\/rattan-mobilyalaryaz-alisverisinin-sik-ve-dogal-dokunusu\/#breadcrumb","itemListElement":[{"@type":"ListItem","position":1,"name":"Ev","item":"https:\/\/balidecor.net\/"},{"@type":"ListItem","position":2,"name":"Mobilya","item":"https:\/\/balidecor.net\/blog\/mobilya\/"},{"@type":"ListItem","position":3,"name":"Rattan Mobilyalar:Yaz Al\u0131\u015fveri\u015finin \u015e\u0131k ve Do\u011fal dokunu\u015fu"}]},{"@type":"WebSite","@id":"https:\/\/balidecor.net\/#website","url":"https:\/\/balidecor.net\/","name":"Bali Decor","description":"","publisher":{"@id":"https:\/\/balidecor.net\/#organization"},"potentialAction":[{"@type":"SearchAction","target":{"@type":"EntryPoint","urlTemplate":"https:\/\/balidecor.net\/?s={search_term_string}"},"query-input":{"@type":"PropertyValueSpecification","valueRequired":true,"valueName":"search_term_string"}}],"inLanguage":"en-US"},{"@type":"Organization","@id":"https:\/\/balidecor.net\/#organization","name":"Bali Decor","url":"https:\/\/balidecor.net\/","logo":{"@type":"ImageObject","inLanguage":"en-US","@id":"https:\/\/balidecor.net\/#\/schema\/logo\/image\/","url":"https:\/\/balidecor.net\/wp-content\/uploads\/2024\/02\/cropped-cropped-cropped-Rectangle-3-1-1-2.png","contentUrl":"https:\/\/balidecor.net\/wp-content\/uploads\/2024\/02\/cropped-cropped-cropped-Rectangle-3-1-1-2.png","width":149,"height":109,"caption":"Bali Decor"},"image":{"@id":"https:\/\/balidecor.net\/#\/schema\/logo\/image\/"},"sameAs":["https:\/\/www.instagram.com\/baliidecor"]},{"@type":"Person","@id":"https:\/\/balidecor.net\/#\/schema\/person\/5894ed19f8915a9018748da97b30cbd0","name":"Verda","image":{"@type":"ImageObject","inLanguage":"en-US","@id":"https:\/\/balidecor.net\/#\/schema\/person\/image\/","url":"https:\/\/secure.gravatar.com\/avatar\/c0551e5cc12c483aae0da052cda1e3829236976522aba16a17de9b2ebf4324eb?s=96&d=mm&r=g","contentUrl":"https:\/\/secure.gravatar.com\/avatar\/c0551e5cc12c483aae0da052cda1e3829236976522aba16a17de9b2ebf4324eb?s=96&d=mm&r=g","caption":"Verda"},"url":"https:\/\/balidecor.net\/en\/author\/verda\/"}]}},"_links":{"self":[{"href":"https:\/\/balidecor.net\/en\/wp-json\/wp\/v2\/posts\/1820","targetHints":{"allow":["GET"]}}],"collection":[{"href":"https:\/\/balidecor.net\/en\/wp-json\/wp\/v2\/posts"}],"about":[{"href":"https:\/\/balidecor.net\/en\/wp-json\/wp\/v2\/types\/post"}],"author":[{"embeddable":true,"href":"https:\/\/balidecor.net\/en\/wp-json\/wp\/v2\/users\/6"}],"replies":[{"embeddable":true,"href":"https:\/\/balidecor.net\/en\/wp-json\/wp\/v2\/comments?post=1820"}],"version-history":[{"count":9,"href":"https:\/\/balidecor.net\/en\/wp-json\/wp\/v2\/posts\/1820\/revisions"}],"predecessor-version":[{"id":3196,"href":"https:\/\/balidecor.net\/en\/wp-json\/wp\/v2\/posts\/1820\/revisions\/3196"}],"wp:featuredmedia":[{"embeddable":true,"href":"https:\/\/balidecor.net\/en\/wp-json\/wp\/v2\/media\/2460"}],"wp:attachment":[{"href":"https:\/\/balidecor.net\/en\/wp-json\/wp\/v2\/media?parent=1820"}],"wp:term":[{"taxonomy":"category","embeddable":true,"href":"https:\/\/balidecor.net\/en\/wp-json\/wp\/v2\/categories?post=1820"},{"taxonomy":"post_tag","embeddable":true,"href":"https:\/\/balidecor.net\/en\/wp-json\/wp\/v2\/tags?post=1820"}],"curies":[{"name":"wp","href":"https:\/\/api.w.org\/{rel}","templated":true}]}}