{"id":1835,"date":"2025-05-06T19:24:52","date_gmt":"2025-05-06T19:24:52","guid":{"rendered":"https:\/\/balidecor.net\/?p=1835"},"modified":"2025-05-09T08:59:32","modified_gmt":"2025-05-09T08:59:32","slug":"1835-2","status":"publish","type":"post","link":"https:\/\/balidecor.net\/en\/mobilya\/1835-2\/","title":{"rendered":"Bali Decor \u00dcr\u00fcn Yelpazesi"},"content":{"rendered":"<h2 class=\"wp-block-heading\"><strong>Bali Decor: Bohem ve \u0130skandinav Mobilyan\u0131n B\u00fcy\u00fcleyici Adresi \u2013 Bak\u0131rk\u00f6y, \u0130stanbul<\/strong><\/h2>\n\n\n\n<p>\u0130stanbul Bak\u0131rk\u00f6y\u2019de yer alan Bali Decor, bohem ve \u0130skandinav tarz\u0131nda mobilya sunan, alan\u0131nda \u00f6ne \u00e7\u0131kan lider ma\u011fazalardan biridir.<br>E\u011fer ev dekorasyonunda fark yaratmak istiyorsan\u0131z, Bali Decor tam size g\u00f6re!<\/p>\n\n\n\n<p><strong>Bohem ve \u0130skandinav Tarz\u0131n\u0131n En \u015e\u0131k Adresi<\/strong><\/p>\n\n\n\n<p>Evinizi hem estetik hem de i\u015flevsel bir \u015fekilde dekore etmek istiyorsan\u0131z, bohem ve \u0130skandinav tarzlar\u0131 m\u00fckemmel bir se\u00e7imdir. Bali Decor, bu iki benzersiz tarz\u0131 harmanlayarak, her zevke ve ihtiyaca uygun mobilya se\u00e7enekleri sunuyor. \u00d6zellikle <strong>rattan<\/strong> mobilyalar\u0131 ile dikkat \u00e7eken Bali Decor, do\u011fall\u0131\u011f\u0131 ve zarafeti evlerinize ta\u015f\u0131yor.<\/p>\n\n\n\n<p><strong>Bali Decor\u2019da Bohem ve \u0130skandinav Tarz\u0131 Mobilya \u00dcr\u00fcnleri<\/strong><\/p>\n\n\n\n<p>Bali Decor&#8217;un zengin \u00fcr\u00fcn yelpazesi, evinizin her k\u00f6\u015fesinde benzersiz bir atmosfer yaratman\u0131z\u0131 sa\u011flar.<br>Ma\u011fazada bulabilece\u011finiz en pop\u00fcler Rattan Mobilyalar :<\/p>\n\n\n\n<p><br>\u2981 <strong>Rattan Sandalyeler:<\/strong> Hem \u015f\u0131kl\u0131k hem de rahatl\u0131k arayanlar i\u00e7in ideal.<br>\u2981 <strong>Rattan Masalar:<\/strong> Oturma odas\u0131 ve yemek alanlar\u0131n\u0131zda do\u011fal bir dokunu\u015f.<br>\u2981 <strong>Sehpa ve Yan Masalar:<\/strong> \u015e\u0131k detaylarla tamamlanan fonksiyonel tasar\u0131mlar.<br>\u2981 <strong>Rattan Aynalar: <\/strong>Mek\u00e2nlar\u0131n\u0131za geni\u015flik ve \u0131\u015f\u0131k kazand\u0131ran dekoratif par\u00e7alar.<\/p>\n\n\n\n<p>Bunlar\u0131n yan\u0131 s\u0131ra, <a href=\"https:\/\/balidecor.net\/\" target=\"_blank\" rel=\"noreferrer noopener\">Bali Decor<\/a>\u2019da bohem tarz\u0131n b\u00fcy\u00fcleyici detaylar\u0131n\u0131 ta\u015f\u0131yan bir\u00e7ok mobilya ve aksesuar se\u00e7ene\u011fi bulunmaktad\u0131r.<\/p>\n\n\n\n<p><strong>Eviniz \u0130\u00e7in \u00d6zel Dokunu\u015flar<\/strong><\/p>\n\n\n\n<p>Bali Decor, sadece mobilya de\u011fil, ayn\u0131 zamanda dekorasyonunuzu tamamlayacak aksesuarlarla da fark yarat\u0131yor. Rattan detayl\u0131 ayna ve tablolar, <strong>do\u011fal liflerden<\/strong> yap\u0131lm\u0131\u015f hal\u0131lar ve daha fazlas\u0131 ma\u011fazada sizi bekliyor. Her bir \u00fcr\u00fcn, evinizi daha s\u0131cak ve huzurlu bir hale getirmek i\u00e7in \u00f6zenle se\u00e7ilmi\u015ftir.<\/p>\n\n\n\n<p><strong>Neden Bali Decor\u2019u Tercih Etmelisiniz?<\/strong><\/p>\n\n\n\n<p>Bali Decor, estetik anlay\u0131\u015f\u0131 ve kaliteli \u00fcr\u00fcnleri ile Bak\u0131rk\u00f6y\u2019de e\u015fsiz bir ma\u011faza deneyimi sunuyor. Uygun fiyatlar\u0131, geni\u015f \u00fcr\u00fcn yelpazesi ve m\u00fc\u015fteri memnuniyetine verdi\u011fi \u00f6nem ile Bali Decor, \u0130stanbul\u2019un dekorasyon tutkunlar\u0131 i\u00e7in vazge\u00e7ilmez bir adres.<br>Bak\u0131rk\u00f6y\u2019de bohem ve \u0130skandinav tarzlar\u0131n\u0131n b\u00fcy\u00fcs\u00fcn\u00fc ya\u015famak ve evinize \u00f6zel dokunu\u015flar katmak istiyorsan\u0131z, Bali Decor\u2019u mutlaka ziyaret edin. Do\u011fal materyallerin ve zarif tasar\u0131mlar\u0131n bulu\u015ftu\u011fu bu e\u015fsiz ma\u011fazay\u0131 ke\u015ffetmek i\u00e7in daha fazla beklemeyin!<\/p>\n\n\n\n<p>Bali Decor \u2013 Hayallerinizdeki Ev Dekorasyonuna Bir Ad\u0131m Daha Yakla\u015f\u0131n!<br>&#x1f4cd; Ma\u011fazam\u0131z Nerede?<br><a href=\"https:\/\/balidecor.net\/contact-us\/\">Bak\u0131rk\u00f6y<\/a>, \u0130stanbul \u2013 sizi s\u0131cak bir kahve e\u015fli\u011finde showroom&#8217;umuza bekliyoruz.<br>&#x1f4de; Detayl\u0131 bilgi ve randevu i\u00e7in: [+90 532 563 37 95]<\/p>\n\n\n\n<p>&#x1f69b; Hemen Sipari\u015f Verin<br>Evinizin havas\u0131n\u0131 de\u011fi\u015ftirmek i\u00e7in daha fazla beklemeyin! veya bizi ma\u011fazam\u0131zda <a href=\"https:\/\/balidecor.net\/\">ziyaret<\/a> edin.<\/p>\n\n\n\n<p><\/p>","protected":false},"excerpt":{"rendered":"<p>Bali Decor: Bohem ve \u0130skandinav Mobilyan\u0131n B\u00fcy\u00fcleyici Adresi \u2013 Bak\u0131rk\u00f6y, \u0130stanbul \u0130stanbul Bak\u0131rk\u00f6y\u2019de yer alan Bali Decor, bohem ve \u0130skandinav tarz\u0131nda mobilya sunan, alan\u0131nda \u00f6ne \u00e7\u0131kan lider ma\u011fazalardan biridir.E\u011fer ev dekorasyonunda fark yaratmak istiyorsan\u0131z, Bali Decor tam size g\u00f6re! Bohem ve \u0130skandinav Tarz\u0131n\u0131n En \u015e\u0131k Adresi Evinizi hem estetik hem de i\u015flevsel bir \u015fekilde dekore [&hellip;]<\/p>","protected":false},"author":6,"featured_media":0,"comment_status":"open","ping_status":"open","sticky":false,"template":"","format":"standard","meta":{"_monsterinsights_skip_tracking":false,"_monsterinsights_sitenote_active":false,"_monsterinsights_sitenote_note":"","_monsterinsights_sitenote_category":0,"footnotes":""},"categories":[54],"tags":[265,261,263,285,259,274],"class_list":["post-1835","post","type-post","status-publish","format-standard","hentry","category-mobilya","tag-bahce-ve-balkon-mobilyalari","tag-bohem-ev-dekorasyonu","tag-masif-ahsap","tag-rattan-mobilya-modelleri","tag-rattan-sandalye","tag-su-sumbulu-bench"],"yoast_head":"<!-- This site is optimized with the Yoast SEO plugin v26.7 - https:\/\/yoast.com\/wordpress\/plugins\/seo\/ -->\n<title>Bali Decor \u00dcr\u00fcn Yelpazesi - Bali Decor<\/title>\n<meta name=\"robots\" content=\"index, follow, max-snippet:-1, max-image-preview:large, max-video-preview:-1\" \/>\n<link rel=\"canonical\" href=\"https:\/\/balidecor.net\/en\/mobilya\/1835-2\/\" \/>\n<meta property=\"og:locale\" content=\"en_US\" \/>\n<meta property=\"og:type\" content=\"article\" \/>\n<meta property=\"og:title\" content=\"Bali Decor \u00dcr\u00fcn Yelpazesi - Bali Decor\" \/>\n<meta property=\"og:description\" content=\"Bali Decor: Bohem ve \u0130skandinav Mobilyan\u0131n B\u00fcy\u00fcleyici Adresi \u2013 Bak\u0131rk\u00f6y, \u0130stanbul \u0130stanbul Bak\u0131rk\u00f6y\u2019de yer alan Bali Decor, bohem ve \u0130skandinav tarz\u0131nda mobilya sunan, alan\u0131nda \u00f6ne \u00e7\u0131kan lider ma\u011fazalardan biridir.E\u011fer ev dekorasyonunda fark yaratmak istiyorsan\u0131z, Bali Decor tam size g\u00f6re! Bohem ve \u0130skandinav Tarz\u0131n\u0131n En \u015e\u0131k Adresi Evinizi hem estetik hem de i\u015flevsel bir \u015fekilde dekore [&hellip;]\" \/>\n<meta property=\"og:url\" content=\"https:\/\/balidecor.net\/en\/mobilya\/1835-2\/\" \/>\n<meta property=\"og:site_name\" content=\"Bali Decor\" \/>\n<meta property=\"article:published_time\" content=\"2025-05-06T19:24:52+00:00\" \/>\n<meta property=\"article:modified_time\" content=\"2025-05-09T08:59:32+00:00\" \/>\n<meta name=\"author\" content=\"Verda\" \/>\n<meta name=\"twitter:card\" content=\"summary_large_image\" \/>\n<meta name=\"twitter:label1\" content=\"Written by\" \/>\n\t<meta name=\"twitter:data1\" content=\"Verda\" \/>\n\t<meta name=\"twitter:label2\" content=\"Est. reading time\" \/>\n\t<meta name=\"twitter:data2\" content=\"3 minutes\" \/>\n<script type=\"application\/ld+json\" class=\"yoast-schema-graph\">{\"@context\":\"https:\/\/schema.org\",\"@graph\":[{\"@type\":\"Article\",\"@id\":\"https:\/\/balidecor.net\/mobilya\/1835-2\/#article\",\"isPartOf\":{\"@id\":\"https:\/\/balidecor.net\/mobilya\/1835-2\/\"},\"author\":{\"name\":\"Verda\",\"@id\":\"https:\/\/balidecor.net\/#\/schema\/person\/5894ed19f8915a9018748da97b30cbd0\"},\"headline\":\"Bali Decor \u00dcr\u00fcn Yelpazesi\",\"datePublished\":\"2025-05-06T19:24:52+00:00\",\"dateModified\":\"2025-05-09T08:59:32+00:00\",\"mainEntityOfPage\":{\"@id\":\"https:\/\/balidecor.net\/mobilya\/1835-2\/\"},\"wordCount\":462,\"commentCount\":2,\"publisher\":{\"@id\":\"https:\/\/balidecor.net\/#organization\"},\"keywords\":[\"bah\u00e7e ve balkon mobilyalar\u0131\",\"bohem ev dekorasyonu\",\"masif ah\u015fap\",\"rattan mobilya modelleri\",\"rattan sandalye\",\"su s\u00fcmb\u00fcl\u00fc bench\"],\"articleSection\":[\"Mobilya\"],\"inLanguage\":\"en-US\",\"potentialAction\":[{\"@type\":\"CommentAction\",\"name\":\"Comment\",\"target\":[\"https:\/\/balidecor.net\/mobilya\/1835-2\/#respond\"]}]},{\"@type\":\"WebPage\",\"@id\":\"https:\/\/balidecor.net\/mobilya\/1835-2\/\",\"url\":\"https:\/\/balidecor.net\/mobilya\/1835-2\/\",\"name\":\"Bali Decor \u00dcr\u00fcn Yelpazesi - Bali Decor\",\"isPartOf\":{\"@id\":\"https:\/\/balidecor.net\/#website\"},\"datePublished\":\"2025-05-06T19:24:52+00:00\",\"dateModified\":\"2025-05-09T08:59:32+00:00\",\"breadcrumb\":{\"@id\":\"https:\/\/balidecor.net\/mobilya\/1835-2\/#breadcrumb\"},\"inLanguage\":\"en-US\",\"potentialAction\":[{\"@type\":\"ReadAction\",\"target\":[\"https:\/\/balidecor.net\/mobilya\/1835-2\/\"]}]},{\"@type\":\"BreadcrumbList\",\"@id\":\"https:\/\/balidecor.net\/mobilya\/1835-2\/#breadcrumb\",\"itemListElement\":[{\"@type\":\"ListItem\",\"position\":1,\"name\":\"Ev\",\"item\":\"https:\/\/balidecor.net\/\"},{\"@type\":\"ListItem\",\"position\":2,\"name\":\"Mobilya\",\"item\":\"https:\/\/balidecor.net\/blog\/mobilya\/\"},{\"@type\":\"ListItem\",\"position\":3,\"name\":\"Bali Decor \u00dcr\u00fcn Yelpazesi\"}]},{\"@type\":\"WebSite\",\"@id\":\"https:\/\/balidecor.net\/#website\",\"url\":\"https:\/\/balidecor.net\/\",\"name\":\"Bali Decor\",\"description\":\"\",\"publisher\":{\"@id\":\"https:\/\/balidecor.net\/#organization\"},\"potentialAction\":[{\"@type\":\"SearchAction\",\"target\":{\"@type\":\"EntryPoint\",\"urlTemplate\":\"https:\/\/balidecor.net\/?s={search_term_string}\"},\"query-input\":{\"@type\":\"PropertyValueSpecification\",\"valueRequired\":true,\"valueName\":\"search_term_string\"}}],\"inLanguage\":\"en-US\"},{\"@type\":\"Organization\",\"@id\":\"https:\/\/balidecor.net\/#organization\",\"name\":\"Bali Decor\",\"url\":\"https:\/\/balidecor.net\/\",\"logo\":{\"@type\":\"ImageObject\",\"inLanguage\":\"en-US\",\"@id\":\"https:\/\/balidecor.net\/#\/schema\/logo\/image\/\",\"url\":\"https:\/\/balidecor.net\/wp-content\/uploads\/2024\/02\/cropped-cropped-cropped-Rectangle-3-1-1-2.png\",\"contentUrl\":\"https:\/\/balidecor.net\/wp-content\/uploads\/2024\/02\/cropped-cropped-cropped-Rectangle-3-1-1-2.png\",\"width\":149,\"height\":109,\"caption\":\"Bali Decor\"},\"image\":{\"@id\":\"https:\/\/balidecor.net\/#\/schema\/logo\/image\/\"},\"sameAs\":[\"https:\/\/www.instagram.com\/baliidecor\"]},{\"@type\":\"Person\",\"@id\":\"https:\/\/balidecor.net\/#\/schema\/person\/5894ed19f8915a9018748da97b30cbd0\",\"name\":\"Verda\",\"image\":{\"@type\":\"ImageObject\",\"inLanguage\":\"en-US\",\"@id\":\"https:\/\/balidecor.net\/#\/schema\/person\/image\/\",\"url\":\"https:\/\/secure.gravatar.com\/avatar\/c0551e5cc12c483aae0da052cda1e3829236976522aba16a17de9b2ebf4324eb?s=96&d=mm&r=g\",\"contentUrl\":\"https:\/\/secure.gravatar.com\/avatar\/c0551e5cc12c483aae0da052cda1e3829236976522aba16a17de9b2ebf4324eb?s=96&d=mm&r=g\",\"caption\":\"Verda\"},\"url\":\"https:\/\/balidecor.net\/en\/author\/verda\/\"}]}<\/script>\n<!-- \/ Yoast SEO plugin. -->","yoast_head_json":{"title":"Bali Decor \u00dcr\u00fcn Yelpazesi - Bali Decor","robots":{"index":"index","follow":"follow","max-snippet":"max-snippet:-1","max-image-preview":"max-image-preview:large","max-video-preview":"max-video-preview:-1"},"canonical":"https:\/\/balidecor.net\/en\/mobilya\/1835-2\/","og_locale":"en_US","og_type":"article","og_title":"Bali Decor \u00dcr\u00fcn Yelpazesi - Bali Decor","og_description":"Bali Decor: Bohem ve \u0130skandinav Mobilyan\u0131n B\u00fcy\u00fcleyici Adresi \u2013 Bak\u0131rk\u00f6y, \u0130stanbul \u0130stanbul Bak\u0131rk\u00f6y\u2019de yer alan Bali Decor, bohem ve \u0130skandinav tarz\u0131nda mobilya sunan, alan\u0131nda \u00f6ne \u00e7\u0131kan lider ma\u011fazalardan biridir.E\u011fer ev dekorasyonunda fark yaratmak istiyorsan\u0131z, Bali Decor tam size g\u00f6re! Bohem ve \u0130skandinav Tarz\u0131n\u0131n En \u015e\u0131k Adresi Evinizi hem estetik hem de i\u015flevsel bir \u015fekilde dekore [&hellip;]","og_url":"https:\/\/balidecor.net\/en\/mobilya\/1835-2\/","og_site_name":"Bali Decor","article_published_time":"2025-05-06T19:24:52+00:00","article_modified_time":"2025-05-09T08:59:32+00:00","author":"Verda","twitter_card":"summary_large_image","twitter_misc":{"Written by":"Verda","Est. reading time":"3 minutes"},"schema":{"@context":"https:\/\/schema.org","@graph":[{"@type":"Article","@id":"https:\/\/balidecor.net\/mobilya\/1835-2\/#article","isPartOf":{"@id":"https:\/\/balidecor.net\/mobilya\/1835-2\/"},"author":{"name":"Verda","@id":"https:\/\/balidecor.net\/#\/schema\/person\/5894ed19f8915a9018748da97b30cbd0"},"headline":"Bali Decor \u00dcr\u00fcn Yelpazesi","datePublished":"2025-05-06T19:24:52+00:00","dateModified":"2025-05-09T08:59:32+00:00","mainEntityOfPage":{"@id":"https:\/\/balidecor.net\/mobilya\/1835-2\/"},"wordCount":462,"commentCount":2,"publisher":{"@id":"https:\/\/balidecor.net\/#organization"},"keywords":["bah\u00e7e ve balkon mobilyalar\u0131","bohem ev dekorasyonu","masif ah\u015fap","rattan mobilya modelleri","rattan sandalye","su s\u00fcmb\u00fcl\u00fc bench"],"articleSection":["Mobilya"],"inLanguage":"en-US","potentialAction":[{"@type":"CommentAction","name":"Comment","target":["https:\/\/balidecor.net\/mobilya\/1835-2\/#respond"]}]},{"@type":"WebPage","@id":"https:\/\/balidecor.net\/mobilya\/1835-2\/","url":"https:\/\/balidecor.net\/mobilya\/1835-2\/","name":"Bali Decor \u00dcr\u00fcn Yelpazesi - Bali Decor","isPartOf":{"@id":"https:\/\/balidecor.net\/#website"},"datePublished":"2025-05-06T19:24:52+00:00","dateModified":"2025-05-09T08:59:32+00:00","breadcrumb":{"@id":"https:\/\/balidecor.net\/mobilya\/1835-2\/#breadcrumb"},"inLanguage":"en-US","potentialAction":[{"@type":"ReadAction","target":["https:\/\/balidecor.net\/mobilya\/1835-2\/"]}]},{"@type":"BreadcrumbList","@id":"https:\/\/balidecor.net\/mobilya\/1835-2\/#breadcrumb","itemListElement":[{"@type":"ListItem","position":1,"name":"Ev","item":"https:\/\/balidecor.net\/"},{"@type":"ListItem","position":2,"name":"Mobilya","item":"https:\/\/balidecor.net\/blog\/mobilya\/"},{"@type":"ListItem","position":3,"name":"Bali Decor \u00dcr\u00fcn Yelpazesi"}]},{"@type":"WebSite","@id":"https:\/\/balidecor.net\/#website","url":"https:\/\/balidecor.net\/","name":"Bali Decor","description":"","publisher":{"@id":"https:\/\/balidecor.net\/#organization"},"potentialAction":[{"@type":"SearchAction","target":{"@type":"EntryPoint","urlTemplate":"https:\/\/balidecor.net\/?s={search_term_string}"},"query-input":{"@type":"PropertyValueSpecification","valueRequired":true,"valueName":"search_term_string"}}],"inLanguage":"en-US"},{"@type":"Organization","@id":"https:\/\/balidecor.net\/#organization","name":"Bali Decor","url":"https:\/\/balidecor.net\/","logo":{"@type":"ImageObject","inLanguage":"en-US","@id":"https:\/\/balidecor.net\/#\/schema\/logo\/image\/","url":"https:\/\/balidecor.net\/wp-content\/uploads\/2024\/02\/cropped-cropped-cropped-Rectangle-3-1-1-2.png","contentUrl":"https:\/\/balidecor.net\/wp-content\/uploads\/2024\/02\/cropped-cropped-cropped-Rectangle-3-1-1-2.png","width":149,"height":109,"caption":"Bali Decor"},"image":{"@id":"https:\/\/balidecor.net\/#\/schema\/logo\/image\/"},"sameAs":["https:\/\/www.instagram.com\/baliidecor"]},{"@type":"Person","@id":"https:\/\/balidecor.net\/#\/schema\/person\/5894ed19f8915a9018748da97b30cbd0","name":"Verda","image":{"@type":"ImageObject","inLanguage":"en-US","@id":"https:\/\/balidecor.net\/#\/schema\/person\/image\/","url":"https:\/\/secure.gravatar.com\/avatar\/c0551e5cc12c483aae0da052cda1e3829236976522aba16a17de9b2ebf4324eb?s=96&d=mm&r=g","contentUrl":"https:\/\/secure.gravatar.com\/avatar\/c0551e5cc12c483aae0da052cda1e3829236976522aba16a17de9b2ebf4324eb?s=96&d=mm&r=g","caption":"Verda"},"url":"https:\/\/balidecor.net\/en\/author\/verda\/"}]}},"_links":{"self":[{"href":"https:\/\/balidecor.net\/en\/wp-json\/wp\/v2\/posts\/1835","targetHints":{"allow":["GET"]}}],"collection":[{"href":"https:\/\/balidecor.net\/en\/wp-json\/wp\/v2\/posts"}],"about":[{"href":"https:\/\/balidecor.net\/en\/wp-json\/wp\/v2\/types\/post"}],"author":[{"embeddable":true,"href":"https:\/\/balidecor.net\/en\/wp-json\/wp\/v2\/users\/6"}],"replies":[{"embeddable":true,"href":"https:\/\/balidecor.net\/en\/wp-json\/wp\/v2\/comments?post=1835"}],"version-history":[{"count":4,"href":"https:\/\/balidecor.net\/en\/wp-json\/wp\/v2\/posts\/1835\/revisions"}],"predecessor-version":[{"id":1862,"href":"https:\/\/balidecor.net\/en\/wp-json\/wp\/v2\/posts\/1835\/revisions\/1862"}],"wp:attachment":[{"href":"https:\/\/balidecor.net\/en\/wp-json\/wp\/v2\/media?parent=1835"}],"wp:term":[{"taxonomy":"category","embeddable":true,"href":"https:\/\/balidecor.net\/en\/wp-json\/wp\/v2\/categories?post=1835"},{"taxonomy":"post_tag","embeddable":true,"href":"https:\/\/balidecor.net\/en\/wp-json\/wp\/v2\/tags?post=1835"}],"curies":[{"name":"wp","href":"https:\/\/api.w.org\/{rel}","templated":true}]}}