{"id":1871,"date":"2025-05-10T09:43:11","date_gmt":"2025-05-10T09:43:11","guid":{"rendered":"https:\/\/balidecor.net\/?p=1871"},"modified":"2026-01-23T10:39:02","modified_gmt":"2026-01-23T07:39:02","slug":"bohem-tarzi-ev-dkorasyonu-nasil-yapilir","status":"publish","type":"post","link":"https:\/\/balidecor.net\/en\/mobilya\/bohem-tarzi-ev-dkorasyonu-nasil-yapilir\/","title":{"rendered":"Bohem Tarz\u0131 Ev Dkorasyonu Nas\u0131l Yap\u0131l\u0131r?"},"content":{"rendered":"<div data-elementor-type=\"wp-post\" data-elementor-id=\"1871\" class=\"elementor elementor-1871\" data-elementor-settings=\"{&quot;ha_cmc_init_switcher&quot;:&quot;no&quot;}\" data-elementor-post-type=\"post\">\n\t\t\t\t<div class=\"elementor-element elementor-element-725050dc e-flex e-con-boxed e-con e-parent\" data-id=\"725050dc\" data-element_type=\"container\" data-settings=\"{&quot;_ha_eqh_enable&quot;:false}\">\n\t\t\t\t\t<div class=\"e-con-inner\">\n\t\t\t\t<div class=\"elementor-element elementor-element-2bfbf2b9 elementor-widget elementor-widget-text-editor\" data-id=\"2bfbf2b9\" data-element_type=\"widget\" data-widget_type=\"text-editor.default\">\n\t\t\t\t<div class=\"elementor-widget-container\">\n\t\t\t\t\t\t\t\t\t\n<p>\u00a0<\/p>\n\n<p>E\u011fer siz de evinizde s\u0131cak, samimi ve do\u011fal bir atmosfer yaratmak istiyorsan\u0131z, bohem tarz\u0131 dekorasyon tam size g\u00f6re! \u00d6zellikle son y\u0131llarda hem \u015fehirlilerin hem de tatil evlerinin vazge\u00e7ilmez stiline d\u00f6n\u00fc\u015fen bohem ve \u0130skandinav tarz\u0131n\u0131 birle\u015ftirerek ya\u015fam alanlar\u0131n\u0131zda benzersiz bir dokunu\u015f yakalayabilirsiniz.<\/p>\n\n<figure id=\"attachment_1507\" aria-describedby=\"caption-attachment-1507\" style=\"width: 195px\" class=\"wp-caption alignnone\"><a href=\"https:\/\/balidecor.net\/wp-content\/uploads\/2024\/12\/zs1.png\"><img fetchpriority=\"high\" decoding=\"async\" class=\"size-medium wp-image-1507\" src=\"https:\/\/balidecor.net\/wp-content\/uploads\/2024\/12\/zs1-195x300.png\" alt=\"\u00fc\u00e7l\u00fc rattan zigon yada orta sehpa\" width=\"195\" height=\"300\" srcset=\"https:\/\/balidecor.net\/wp-content\/uploads\/2024\/12\/zs1-195x300.png 195w, https:\/\/balidecor.net\/wp-content\/uploads\/2024\/12\/zs1.png 366w\" sizes=\"(max-width: 195px) 100vw, 195px\" \/><\/a><figcaption id=\"caption-attachment-1507\" class=\"wp-caption-text\">Rattan Yuvarlak \u00dc\u00e7l\u00fc Orta Sehpa<\/figcaption><\/figure>\n<p><strong>Bohem-\u0130skandinav Tarz\u0131 Salon Nas\u0131l Olmal\u0131?<\/strong> Bohem-\u0130skandinav tarz\u0131 bir salon; do\u011fall\u0131\u011f\u0131, sadeli\u011fi ve rahatl\u0131\u011f\u0131 bir arada bar\u0131nd\u0131r\u0131r. Zeminde a\u00e7\u0131k renkli parke veya do\u011fal ta\u015f tercih edilir. Koltuklarda keten, pamuk gibi do\u011fal kuma\u015flarla kapl\u0131 a\u00e7\u0131k tonlarda geni\u015f ve rahat oturumlu modeller kullan\u0131lmal\u0131d\u0131r. Masif ah\u015faptan yap\u0131lm\u0131\u015f, do\u011fal dokulu bir orta sehpa salonun merkezinde yer alabilir. Rattan sandalyeler ya da puflar, hem dekoratif hem de i\u015flevsel par\u00e7alard\u0131r. Salon duvarlar\u0131nda makrome duvar s\u00fcsleri, raflarda el yap\u0131m\u0131 seramikler ve bol miktarda ye\u015fil bitki ile s\u0131cak bir atmosfer sa\u011flan\u0131r. Ayd\u0131nlatma olarak do\u011fal \u0131\u015f\u0131\u011f\u0131 destekleyecek has\u0131r ya da bambu sark\u0131t lambalar kullan\u0131labilir.<\/p>\n\n<p><strong><a href=\"https:\/\/balidecor.net\/wp-content\/uploads\/2025\/04\/Photoroom_20240918_175811-1-1.jpg\"><img decoding=\"async\" class=\"alignnone size-medium wp-image-1807\" src=\"https:\/\/balidecor.net\/wp-content\/uploads\/2025\/04\/Photoroom_20240918_175811-1-1-169x300.jpg\" alt=\"Su s\u00fcbl\u00fcl\u00fc bench ile rahat ve s\u0131cak mekanlar\" width=\"169\" height=\"300\" \/><\/a>Yatak Odas\u0131nda Bohem Etki<\/strong> Bohem yatak odalar\u0131nda sade ve huzur veren bir atmosfer yarat\u0131lmal\u0131d\u0131r. Yatak ba\u015fl\u0131\u011f\u0131nda rattan ya da bambu gibi do\u011fal malzemeler tercih edilebilir. Nevresim ve yatak \u00f6rt\u00fcs\u00fc se\u00e7iminde yumu\u015fak pastel tonlar, etnik desenli yast\u0131klar, el dokumas\u0131 kilimler \u00f6ne \u00e7\u0131kar. Odan\u0131n bir k\u00f6\u015fesinde masif ah\u015fap bir ayna, pencere kenar\u0131nda ise rattan sandalye ya da has\u0131r oturakl\u0131 bir puf kullan\u0131labilir. Komodinler, ham ah\u015fap veya antika g\u00f6r\u00fcn\u00fcm\u00fcnde olabilir. Tavandan sarkan bir t\u00fcl cibinlik ya da makrome perde, bohem havay\u0131 peki\u015ftirir.<\/p>\n\n<p><strong>Oturma Odas\u0131nda Rahat ve Do\u011fal Bir Alan<\/strong> Bohem-\u0130skandinav tarz\u0131n\u0131n oturma odalar\u0131ndaki yans\u0131mas\u0131 ise daha \u00e7ok do\u011fayla i\u00e7 i\u00e7e ge\u00e7mi\u015f bir ya\u015fam alan\u0131 sunar. Rattan sandalyeler, masif ah\u015fap kitapl\u0131klar ve \u00f6rg\u00fc detayl\u0131 pamuklu tekstillerle desteklenen bir oturma alan\u0131 hem \u015f\u0131k hem de rahat bir ortam sa\u011flar. Rahat bir kanepe \u00fczerine kat kat dizilmi\u015f yast\u0131klar ve t\u0131\u011f i\u015fi battaniyeler ile s\u0131cak bir ortam yarat\u0131labilir. Zeminde etnik desenli b\u00fcy\u00fck bir hal\u0131, duvarlarda do\u011fal \u00e7er\u00e7eveli tablolar ya da bask\u0131lar kullan\u0131labilir. Bitkilerle zenginle\u015ftirilmi\u015f bir k\u00f6\u015fe, odan\u0131n enerjisini y\u00fckseltir.<\/p>\n\n<p><strong>Neden Bali Dekor?<\/strong><\/p>\n<p><a href=\"https:\/\/www.instagram.com\/baliidecor?igsh=MWpvdmEyMnZtcTVoNQ%3D%3D&amp;utm_source=qr\">Bali Decor<\/a> Bak\u0131rk\u00f6y, \u0130stanbul&#8217;daki Bali Dekor olarak Bali Adas\u0131&#8217;ndan ithal etti\u011fimiz tamamen el i\u015f\u00e7ili\u011fiyle \u00fcretilmi\u015f rattan sehpalar, rattan sandalyeler, masif ah\u015fap aynalar, asimetrik aynalar, orta sehpalar ve daha fazlas\u0131n\u0131 showroom&#8217;umuzda bulabilirsiniz. Kaliteyi uygun fiyatlarla sunuyor, do\u011fall\u0131\u011f\u0131 evinize ta\u015f\u0131yoruz.<\/p>\n\n<p>Bak\u0131rk\u00f6y rattan sehpa, \u0130stanbul masif ah\u015fap ayna, bohem yatak odas\u0131 tak\u0131m\u0131, Bali ithal mobilya, Bohem salon dekorasyonu, rattan orta sehpa, Pinterest tarz\u0131 ayna, Bali Dekor Bak\u0131rk\u00f6y<\/p>\n\n<p><strong>Adresimiz:<\/strong> <a href=\"http:\/\/www.balidecor.net\">Bali Dekor<\/a>, \u0130stanbul \/ Bak\u0131rk\u00f6y<\/p>\n\n<p>Bohem ve \u0130skandinav tarz\u0131n\u0131n ruhunu yans\u0131tan \u00fcr\u00fcnlerimizle tan\u0131\u015fmak i\u00e7in sizleri showroom&#8217;umuza bekliyoruz!<a href=\"https:\/\/www.trendyol.com\/magaza\/m-m-822501\">Bali Decor<\/a><\/p>\n\n<p>\u00a0<\/p>\n\t\t\t\t\t\t\t\t<\/div>\n\t\t\t\t<\/div>\n\t\t\t\t\t<\/div>\n\t\t\t\t<\/div>\n\t\t\t\t<\/div>","protected":false},"excerpt":{"rendered":"<p>&nbsp; E\u011fer siz de evinizde s\u0131cak, samimi ve do\u011fal bir atmosfer yaratmak istiyorsan\u0131z, bohem tarz\u0131 dekorasyon tam size g\u00f6re! \u00d6zellikle son y\u0131llarda hem \u015fehirlilerin hem de tatil evlerinin vazge\u00e7ilmez stiline d\u00f6n\u00fc\u015fen bohem ve \u0130skandinav tarz\u0131n\u0131 birle\u015ftirerek ya\u015fam alanlar\u0131n\u0131zda benzersiz bir dokunu\u015f yakalayabilirsiniz. Bohem-\u0130skandinav Tarz\u0131 Salon Nas\u0131l Olmal\u0131? Bohem-\u0130skandinav tarz\u0131 bir salon; do\u011fall\u0131\u011f\u0131, sadeli\u011fi ve rahatl\u0131\u011f\u0131 [&hellip;]<\/p>","protected":false},"author":6,"featured_media":0,"comment_status":"open","ping_status":"open","sticky":false,"template":"","format":"standard","meta":{"_monsterinsights_skip_tracking":false,"_monsterinsights_sitenote_active":false,"_monsterinsights_sitenote_note":"","_monsterinsights_sitenote_category":0,"footnotes":""},"categories":[54],"tags":[],"class_list":["post-1871","post","type-post","status-publish","format-standard","hentry","category-mobilya"],"yoast_head":"<!-- This site is optimized with the Yoast SEO plugin v26.7 - https:\/\/yoast.com\/wordpress\/plugins\/seo\/ -->\n<title>Bohem Tarz\u0131 Ev Dkorasyonu Nas\u0131l Yap\u0131l\u0131r? - Bali Decor<\/title>\n<meta name=\"description\" content=\"E\u011fer siz de evinizde s\u0131cak, samimi ve do\u011fal bir atmosfer yaratmak istiyorsan\u0131z, bohem tarz\u0131 dekorasyon tam size g\u00f6re!\" \/>\n<meta name=\"robots\" content=\"index, follow, max-snippet:-1, max-image-preview:large, max-video-preview:-1\" \/>\n<link rel=\"canonical\" href=\"https:\/\/balidecor.net\/en\/mobilya\/bohem-tarzi-ev-dkorasyonu-nasil-yapilir\/\" \/>\n<meta property=\"og:locale\" content=\"en_US\" \/>\n<meta property=\"og:type\" content=\"article\" \/>\n<meta property=\"og:title\" content=\"Bohem Tarz\u0131 Ev Dkorasyonu Nas\u0131l Yap\u0131l\u0131r? - Bali Decor\" \/>\n<meta property=\"og:description\" content=\"E\u011fer siz de evinizde s\u0131cak, samimi ve do\u011fal bir atmosfer yaratmak istiyorsan\u0131z, bohem tarz\u0131 dekorasyon tam size g\u00f6re!\" \/>\n<meta property=\"og:url\" content=\"https:\/\/balidecor.net\/en\/mobilya\/bohem-tarzi-ev-dkorasyonu-nasil-yapilir\/\" \/>\n<meta property=\"og:site_name\" content=\"Bali Decor\" \/>\n<meta property=\"article:published_time\" content=\"2025-05-10T09:43:11+00:00\" \/>\n<meta property=\"article:modified_time\" content=\"2026-01-23T07:39:02+00:00\" \/>\n<meta property=\"og:image\" content=\"https:\/\/balidecor.net\/wp-content\/uploads\/2024\/12\/zs1-195x300.png\" \/>\n<meta name=\"author\" content=\"Verda\" \/>\n<meta name=\"twitter:card\" content=\"summary_large_image\" \/>\n<meta name=\"twitter:label1\" content=\"Written by\" \/>\n\t<meta name=\"twitter:data1\" content=\"Verda\" \/>\n\t<meta name=\"twitter:label2\" content=\"Est. reading time\" \/>\n\t<meta name=\"twitter:data2\" content=\"3 minutes\" \/>\n<script type=\"application\/ld+json\" class=\"yoast-schema-graph\">{\"@context\":\"https:\/\/schema.org\",\"@graph\":[{\"@type\":\"Article\",\"@id\":\"https:\/\/balidecor.net\/mobilya\/bohem-tarzi-ev-dkorasyonu-nasil-yapilir\/#article\",\"isPartOf\":{\"@id\":\"https:\/\/balidecor.net\/mobilya\/bohem-tarzi-ev-dkorasyonu-nasil-yapilir\/\"},\"author\":{\"name\":\"Verda\",\"@id\":\"https:\/\/balidecor.net\/#\/schema\/person\/5894ed19f8915a9018748da97b30cbd0\"},\"headline\":\"Bohem Tarz\u0131 Ev Dkorasyonu Nas\u0131l Yap\u0131l\u0131r?\",\"datePublished\":\"2025-05-10T09:43:11+00:00\",\"dateModified\":\"2026-01-23T07:39:02+00:00\",\"mainEntityOfPage\":{\"@id\":\"https:\/\/balidecor.net\/mobilya\/bohem-tarzi-ev-dkorasyonu-nasil-yapilir\/\"},\"wordCount\":530,\"commentCount\":0,\"publisher\":{\"@id\":\"https:\/\/balidecor.net\/#organization\"},\"image\":{\"@id\":\"https:\/\/balidecor.net\/mobilya\/bohem-tarzi-ev-dkorasyonu-nasil-yapilir\/#primaryimage\"},\"thumbnailUrl\":\"https:\/\/balidecor.net\/wp-content\/uploads\/2024\/12\/zs1-195x300.png\",\"articleSection\":[\"Mobilya\"],\"inLanguage\":\"en-US\",\"potentialAction\":[{\"@type\":\"CommentAction\",\"name\":\"Comment\",\"target\":[\"https:\/\/balidecor.net\/mobilya\/bohem-tarzi-ev-dkorasyonu-nasil-yapilir\/#respond\"]}]},{\"@type\":\"WebPage\",\"@id\":\"https:\/\/balidecor.net\/mobilya\/bohem-tarzi-ev-dkorasyonu-nasil-yapilir\/\",\"url\":\"https:\/\/balidecor.net\/mobilya\/bohem-tarzi-ev-dkorasyonu-nasil-yapilir\/\",\"name\":\"Bohem Tarz\u0131 Ev Dkorasyonu Nas\u0131l Yap\u0131l\u0131r? - Bali Decor\",\"isPartOf\":{\"@id\":\"https:\/\/balidecor.net\/#website\"},\"primaryImageOfPage\":{\"@id\":\"https:\/\/balidecor.net\/mobilya\/bohem-tarzi-ev-dkorasyonu-nasil-yapilir\/#primaryimage\"},\"image\":{\"@id\":\"https:\/\/balidecor.net\/mobilya\/bohem-tarzi-ev-dkorasyonu-nasil-yapilir\/#primaryimage\"},\"thumbnailUrl\":\"https:\/\/balidecor.net\/wp-content\/uploads\/2024\/12\/zs1-195x300.png\",\"datePublished\":\"2025-05-10T09:43:11+00:00\",\"dateModified\":\"2026-01-23T07:39:02+00:00\",\"description\":\"E\u011fer siz de evinizde s\u0131cak, samimi ve do\u011fal bir atmosfer yaratmak istiyorsan\u0131z, bohem tarz\u0131 dekorasyon tam size g\u00f6re!\",\"breadcrumb\":{\"@id\":\"https:\/\/balidecor.net\/mobilya\/bohem-tarzi-ev-dkorasyonu-nasil-yapilir\/#breadcrumb\"},\"inLanguage\":\"en-US\",\"potentialAction\":[{\"@type\":\"ReadAction\",\"target\":[\"https:\/\/balidecor.net\/mobilya\/bohem-tarzi-ev-dkorasyonu-nasil-yapilir\/\"]}]},{\"@type\":\"ImageObject\",\"inLanguage\":\"en-US\",\"@id\":\"https:\/\/balidecor.net\/mobilya\/bohem-tarzi-ev-dkorasyonu-nasil-yapilir\/#primaryimage\",\"url\":\"https:\/\/balidecor.net\/wp-content\/uploads\/2024\/12\/zs1-195x300.png\",\"contentUrl\":\"https:\/\/balidecor.net\/wp-content\/uploads\/2024\/12\/zs1-195x300.png\"},{\"@type\":\"BreadcrumbList\",\"@id\":\"https:\/\/balidecor.net\/mobilya\/bohem-tarzi-ev-dkorasyonu-nasil-yapilir\/#breadcrumb\",\"itemListElement\":[{\"@type\":\"ListItem\",\"position\":1,\"name\":\"Ev\",\"item\":\"https:\/\/balidecor.net\/\"},{\"@type\":\"ListItem\",\"position\":2,\"name\":\"Mobilya\",\"item\":\"https:\/\/balidecor.net\/blog\/mobilya\/\"},{\"@type\":\"ListItem\",\"position\":3,\"name\":\"Bohem Tarz\u0131 Ev Dkorasyonu Nas\u0131l Yap\u0131l\u0131r?\"}]},{\"@type\":\"WebSite\",\"@id\":\"https:\/\/balidecor.net\/#website\",\"url\":\"https:\/\/balidecor.net\/\",\"name\":\"Bali Decor\",\"description\":\"\",\"publisher\":{\"@id\":\"https:\/\/balidecor.net\/#organization\"},\"potentialAction\":[{\"@type\":\"SearchAction\",\"target\":{\"@type\":\"EntryPoint\",\"urlTemplate\":\"https:\/\/balidecor.net\/?s={search_term_string}\"},\"query-input\":{\"@type\":\"PropertyValueSpecification\",\"valueRequired\":true,\"valueName\":\"search_term_string\"}}],\"inLanguage\":\"en-US\"},{\"@type\":\"Organization\",\"@id\":\"https:\/\/balidecor.net\/#organization\",\"name\":\"Bali Decor\",\"url\":\"https:\/\/balidecor.net\/\",\"logo\":{\"@type\":\"ImageObject\",\"inLanguage\":\"en-US\",\"@id\":\"https:\/\/balidecor.net\/#\/schema\/logo\/image\/\",\"url\":\"https:\/\/balidecor.net\/wp-content\/uploads\/2024\/02\/cropped-cropped-cropped-Rectangle-3-1-1-2.png\",\"contentUrl\":\"https:\/\/balidecor.net\/wp-content\/uploads\/2024\/02\/cropped-cropped-cropped-Rectangle-3-1-1-2.png\",\"width\":149,\"height\":109,\"caption\":\"Bali Decor\"},\"image\":{\"@id\":\"https:\/\/balidecor.net\/#\/schema\/logo\/image\/\"},\"sameAs\":[\"https:\/\/www.instagram.com\/baliidecor\"]},{\"@type\":\"Person\",\"@id\":\"https:\/\/balidecor.net\/#\/schema\/person\/5894ed19f8915a9018748da97b30cbd0\",\"name\":\"Verda\",\"image\":{\"@type\":\"ImageObject\",\"inLanguage\":\"en-US\",\"@id\":\"https:\/\/balidecor.net\/#\/schema\/person\/image\/\",\"url\":\"https:\/\/secure.gravatar.com\/avatar\/c0551e5cc12c483aae0da052cda1e3829236976522aba16a17de9b2ebf4324eb?s=96&d=mm&r=g\",\"contentUrl\":\"https:\/\/secure.gravatar.com\/avatar\/c0551e5cc12c483aae0da052cda1e3829236976522aba16a17de9b2ebf4324eb?s=96&d=mm&r=g\",\"caption\":\"Verda\"},\"url\":\"https:\/\/balidecor.net\/en\/author\/verda\/\"}]}<\/script>\n<!-- \/ Yoast SEO plugin. -->","yoast_head_json":{"title":"Bohem Tarz\u0131 Ev Dkorasyonu Nas\u0131l Yap\u0131l\u0131r? - Bali Decor","description":"E\u011fer siz de evinizde s\u0131cak, samimi ve do\u011fal bir atmosfer yaratmak istiyorsan\u0131z, bohem tarz\u0131 dekorasyon tam size g\u00f6re!","robots":{"index":"index","follow":"follow","max-snippet":"max-snippet:-1","max-image-preview":"max-image-preview:large","max-video-preview":"max-video-preview:-1"},"canonical":"https:\/\/balidecor.net\/en\/mobilya\/bohem-tarzi-ev-dkorasyonu-nasil-yapilir\/","og_locale":"en_US","og_type":"article","og_title":"Bohem Tarz\u0131 Ev Dkorasyonu Nas\u0131l Yap\u0131l\u0131r? - Bali Decor","og_description":"E\u011fer siz de evinizde s\u0131cak, samimi ve do\u011fal bir atmosfer yaratmak istiyorsan\u0131z, bohem tarz\u0131 dekorasyon tam size g\u00f6re!","og_url":"https:\/\/balidecor.net\/en\/mobilya\/bohem-tarzi-ev-dkorasyonu-nasil-yapilir\/","og_site_name":"Bali Decor","article_published_time":"2025-05-10T09:43:11+00:00","article_modified_time":"2026-01-23T07:39:02+00:00","og_image":[{"url":"https:\/\/balidecor.net\/wp-content\/uploads\/2024\/12\/zs1-195x300.png","type":"","width":"","height":""}],"author":"Verda","twitter_card":"summary_large_image","twitter_misc":{"Written by":"Verda","Est. reading time":"3 minutes"},"schema":{"@context":"https:\/\/schema.org","@graph":[{"@type":"Article","@id":"https:\/\/balidecor.net\/mobilya\/bohem-tarzi-ev-dkorasyonu-nasil-yapilir\/#article","isPartOf":{"@id":"https:\/\/balidecor.net\/mobilya\/bohem-tarzi-ev-dkorasyonu-nasil-yapilir\/"},"author":{"name":"Verda","@id":"https:\/\/balidecor.net\/#\/schema\/person\/5894ed19f8915a9018748da97b30cbd0"},"headline":"Bohem Tarz\u0131 Ev Dkorasyonu Nas\u0131l Yap\u0131l\u0131r?","datePublished":"2025-05-10T09:43:11+00:00","dateModified":"2026-01-23T07:39:02+00:00","mainEntityOfPage":{"@id":"https:\/\/balidecor.net\/mobilya\/bohem-tarzi-ev-dkorasyonu-nasil-yapilir\/"},"wordCount":530,"commentCount":0,"publisher":{"@id":"https:\/\/balidecor.net\/#organization"},"image":{"@id":"https:\/\/balidecor.net\/mobilya\/bohem-tarzi-ev-dkorasyonu-nasil-yapilir\/#primaryimage"},"thumbnailUrl":"https:\/\/balidecor.net\/wp-content\/uploads\/2024\/12\/zs1-195x300.png","articleSection":["Mobilya"],"inLanguage":"en-US","potentialAction":[{"@type":"CommentAction","name":"Comment","target":["https:\/\/balidecor.net\/mobilya\/bohem-tarzi-ev-dkorasyonu-nasil-yapilir\/#respond"]}]},{"@type":"WebPage","@id":"https:\/\/balidecor.net\/mobilya\/bohem-tarzi-ev-dkorasyonu-nasil-yapilir\/","url":"https:\/\/balidecor.net\/mobilya\/bohem-tarzi-ev-dkorasyonu-nasil-yapilir\/","name":"Bohem Tarz\u0131 Ev Dkorasyonu Nas\u0131l Yap\u0131l\u0131r? - Bali Decor","isPartOf":{"@id":"https:\/\/balidecor.net\/#website"},"primaryImageOfPage":{"@id":"https:\/\/balidecor.net\/mobilya\/bohem-tarzi-ev-dkorasyonu-nasil-yapilir\/#primaryimage"},"image":{"@id":"https:\/\/balidecor.net\/mobilya\/bohem-tarzi-ev-dkorasyonu-nasil-yapilir\/#primaryimage"},"thumbnailUrl":"https:\/\/balidecor.net\/wp-content\/uploads\/2024\/12\/zs1-195x300.png","datePublished":"2025-05-10T09:43:11+00:00","dateModified":"2026-01-23T07:39:02+00:00","description":"E\u011fer siz de evinizde s\u0131cak, samimi ve do\u011fal bir atmosfer yaratmak istiyorsan\u0131z, bohem tarz\u0131 dekorasyon tam size g\u00f6re!","breadcrumb":{"@id":"https:\/\/balidecor.net\/mobilya\/bohem-tarzi-ev-dkorasyonu-nasil-yapilir\/#breadcrumb"},"inLanguage":"en-US","potentialAction":[{"@type":"ReadAction","target":["https:\/\/balidecor.net\/mobilya\/bohem-tarzi-ev-dkorasyonu-nasil-yapilir\/"]}]},{"@type":"ImageObject","inLanguage":"en-US","@id":"https:\/\/balidecor.net\/mobilya\/bohem-tarzi-ev-dkorasyonu-nasil-yapilir\/#primaryimage","url":"https:\/\/balidecor.net\/wp-content\/uploads\/2024\/12\/zs1-195x300.png","contentUrl":"https:\/\/balidecor.net\/wp-content\/uploads\/2024\/12\/zs1-195x300.png"},{"@type":"BreadcrumbList","@id":"https:\/\/balidecor.net\/mobilya\/bohem-tarzi-ev-dkorasyonu-nasil-yapilir\/#breadcrumb","itemListElement":[{"@type":"ListItem","position":1,"name":"Ev","item":"https:\/\/balidecor.net\/"},{"@type":"ListItem","position":2,"name":"Mobilya","item":"https:\/\/balidecor.net\/blog\/mobilya\/"},{"@type":"ListItem","position":3,"name":"Bohem Tarz\u0131 Ev Dkorasyonu Nas\u0131l Yap\u0131l\u0131r?"}]},{"@type":"WebSite","@id":"https:\/\/balidecor.net\/#website","url":"https:\/\/balidecor.net\/","name":"Bali Decor","description":"","publisher":{"@id":"https:\/\/balidecor.net\/#organization"},"potentialAction":[{"@type":"SearchAction","target":{"@type":"EntryPoint","urlTemplate":"https:\/\/balidecor.net\/?s={search_term_string}"},"query-input":{"@type":"PropertyValueSpecification","valueRequired":true,"valueName":"search_term_string"}}],"inLanguage":"en-US"},{"@type":"Organization","@id":"https:\/\/balidecor.net\/#organization","name":"Bali Decor","url":"https:\/\/balidecor.net\/","logo":{"@type":"ImageObject","inLanguage":"en-US","@id":"https:\/\/balidecor.net\/#\/schema\/logo\/image\/","url":"https:\/\/balidecor.net\/wp-content\/uploads\/2024\/02\/cropped-cropped-cropped-Rectangle-3-1-1-2.png","contentUrl":"https:\/\/balidecor.net\/wp-content\/uploads\/2024\/02\/cropped-cropped-cropped-Rectangle-3-1-1-2.png","width":149,"height":109,"caption":"Bali Decor"},"image":{"@id":"https:\/\/balidecor.net\/#\/schema\/logo\/image\/"},"sameAs":["https:\/\/www.instagram.com\/baliidecor"]},{"@type":"Person","@id":"https:\/\/balidecor.net\/#\/schema\/person\/5894ed19f8915a9018748da97b30cbd0","name":"Verda","image":{"@type":"ImageObject","inLanguage":"en-US","@id":"https:\/\/balidecor.net\/#\/schema\/person\/image\/","url":"https:\/\/secure.gravatar.com\/avatar\/c0551e5cc12c483aae0da052cda1e3829236976522aba16a17de9b2ebf4324eb?s=96&d=mm&r=g","contentUrl":"https:\/\/secure.gravatar.com\/avatar\/c0551e5cc12c483aae0da052cda1e3829236976522aba16a17de9b2ebf4324eb?s=96&d=mm&r=g","caption":"Verda"},"url":"https:\/\/balidecor.net\/en\/author\/verda\/"}]}},"_links":{"self":[{"href":"https:\/\/balidecor.net\/en\/wp-json\/wp\/v2\/posts\/1871","targetHints":{"allow":["GET"]}}],"collection":[{"href":"https:\/\/balidecor.net\/en\/wp-json\/wp\/v2\/posts"}],"about":[{"href":"https:\/\/balidecor.net\/en\/wp-json\/wp\/v2\/types\/post"}],"author":[{"embeddable":true,"href":"https:\/\/balidecor.net\/en\/wp-json\/wp\/v2\/users\/6"}],"replies":[{"embeddable":true,"href":"https:\/\/balidecor.net\/en\/wp-json\/wp\/v2\/comments?post=1871"}],"version-history":[{"count":14,"href":"https:\/\/balidecor.net\/en\/wp-json\/wp\/v2\/posts\/1871\/revisions"}],"predecessor-version":[{"id":3194,"href":"https:\/\/balidecor.net\/en\/wp-json\/wp\/v2\/posts\/1871\/revisions\/3194"}],"wp:attachment":[{"href":"https:\/\/balidecor.net\/en\/wp-json\/wp\/v2\/media?parent=1871"}],"wp:term":[{"taxonomy":"category","embeddable":true,"href":"https:\/\/balidecor.net\/en\/wp-json\/wp\/v2\/categories?post=1871"},{"taxonomy":"post_tag","embeddable":true,"href":"https:\/\/balidecor.net\/en\/wp-json\/wp\/v2\/tags?post=1871"}],"curies":[{"name":"wp","href":"https:\/\/api.w.org\/{rel}","templated":true}]}}