{"id":1886,"date":"2025-05-11T13:38:44","date_gmt":"2025-05-11T13:38:44","guid":{"rendered":"https:\/\/balidecor.net\/?p=1886"},"modified":"2026-01-23T10:38:17","modified_gmt":"2026-01-23T07:38:17","slug":"el-yapimi-su-sumbulu-bank-ve-tabureler-bakirkoy-bali-decorda","status":"publish","type":"post","link":"https:\/\/balidecor.net\/en\/ev-dekorasyon-fikirleri\/el-yapimi-su-sumbulu-bank-ve-tabureler-bakirkoy-bali-decorda\/","title":{"rendered":"&#8220;El Yap\u0131m\u0131 Su S\u00fcmb\u00fcl\u00fc Bank ve Tabureler \u2013 Bak\u0131rk\u00f6y Bali Decor&#8217;da!&#8221;"},"content":{"rendered":"<div data-elementor-type=\"wp-post\" data-elementor-id=\"1886\" class=\"elementor elementor-1886\" data-elementor-settings=\"{&quot;ha_cmc_init_switcher&quot;:&quot;no&quot;}\" data-elementor-post-type=\"post\">\n\t\t\t\t<div class=\"elementor-element elementor-element-1eea10f6 e-flex e-con-boxed e-con e-parent\" data-id=\"1eea10f6\" data-element_type=\"container\" data-settings=\"{&quot;_ha_eqh_enable&quot;:false}\">\n\t\t\t\t\t<div class=\"e-con-inner\">\n\t\t\t\t<div class=\"elementor-element elementor-element-62ea4f58 elementor-widget elementor-widget-text-editor\" data-id=\"62ea4f58\" data-element_type=\"widget\" data-widget_type=\"text-editor.default\">\n\t\t\t\t<div class=\"elementor-widget-container\">\n\t\t\t\t\t\t\t\t\t\n<ul>\n<li>Ev dekorasyonunda hem do\u011fall\u0131\u011f\u0131 hem de modernli\u011fi bir arada ya\u015famak isteyenler i\u00e7in yepyeni bir alternatif sunuyoruz: <strong>su s\u00fcmb\u00fcl\u00fc el i\u015f\u00e7ili\u011fi banklar ve tabureler<\/strong> art\u0131k Bak\u0131rk\u00f6y\u2019de, <a href=\"https:\/\/www.trendyol.com\/magaza\/m-m-822501\"><strong>Bali Decor<\/strong> <\/a>ma\u011fazam\u0131zda sizlerle bulu\u015fuyor.<\/li>\n<\/ul>\n\n<figure id=\"attachment_1797\" aria-describedby=\"caption-attachment-1797\" style=\"width: 169px\" class=\"wp-caption alignnone\"><a href=\"https:\/\/balidecor.net\/wp-content\/uploads\/2025\/04\/Photoroom_20240918_175811.jpg\"><img fetchpriority=\"high\" decoding=\"async\" class=\"size-medium wp-image-1797\" src=\"https:\/\/balidecor.net\/wp-content\/uploads\/2025\/04\/Photoroom_20240918_175811-169x300.jpg\" alt=\"\" width=\"169\" height=\"300\" \/><\/a><figcaption id=\"caption-attachment-1797\" class=\"wp-caption-text\">su s\u00fcmb\u00fcl\u00fc bank\u0131m\u0131z<\/figcaption><\/figure>\n<p>\ud83c\udf3f <strong>Bali Adas\u0131\u2019ndan gelen do\u011fall\u0131k \u015fimdi evinizde&#8230;<\/strong><br \/>Tamamen el yap\u0131m\u0131 olan bu \u00f6zel par\u00e7alar, su s\u00fcmb\u00fcl\u00fc bitkisinden \u00f6r\u00fclerek, Bali\u2019nin usta zanaatkarlar\u0131 taraf\u0131ndan titizlikle \u00fcretiliyor. \u0130ster <strong>fasulye \u015feklindeki 120 cm\u2019lik has\u0131r bench<\/strong>, ister daha kompakt olan <strong>90 cm\u2019lik bank modelimiz<\/strong>, ister <strong>50 cm \u00e7ap\u0131ndaki yuvarlak su s\u00fcmb\u00fcl\u00fc taburemiz<\/strong> olsun; her biri hem g\u00f6z al\u0131c\u0131 bir g\u00f6r\u00fcn\u00fcm hem de son derece rahat bir oturum sunuyor.<\/p>\n\n<figure id=\"attachment_1888\" aria-describedby=\"caption-attachment-1888\" style=\"width: 274px\" class=\"wp-caption alignnone\"><a href=\"https:\/\/balidecor.net\/wp-content\/uploads\/2025\/05\/fullsizeoutput_1b05.jpeg\"><img decoding=\"async\" class=\"size-medium wp-image-1888\" src=\"https:\/\/balidecor.net\/wp-content\/uploads\/2025\/05\/fullsizeoutput_1b05-274x300.jpeg\" alt=\"su s\u00fcmb\u00fcl\u00fc 90 cm benchimiz\" width=\"274\" height=\"300\" srcset=\"https:\/\/balidecor.net\/wp-content\/uploads\/2025\/05\/fullsizeoutput_1b05-274x300.jpeg 274w, https:\/\/balidecor.net\/wp-content\/uploads\/2025\/05\/fullsizeoutput_1b05-768x840.jpeg 768w, https:\/\/balidecor.net\/wp-content\/uploads\/2025\/05\/fullsizeoutput_1b05-600x656.jpeg 600w, https:\/\/balidecor.net\/wp-content\/uploads\/2025\/05\/fullsizeoutput_1b05.jpeg 790w\" sizes=\"(max-width: 274px) 100vw, 274px\" \/><\/a><figcaption id=\"caption-attachment-1888\" class=\"wp-caption-text\">90 cm su s\u00fcmb\u00fcl\u00fc benchimiz<\/figcaption><\/figure>\n<p><strong>Nerelerde kullanabilirsiniz? \u0130lham dolu fikirler:<\/strong><\/p>\n\n<ul class=\"wp-block-list\">\n<li><strong>Salonunuzda<\/strong> \u015f\u0131k bir tamamlay\u0131c\u0131 par\u00e7a olarak,<\/li>\n\n<li><strong>Yatak odan\u0131z\u0131n ayak ucunda<\/strong> zarif bir dinlenme k\u00f6\u015fesi yaratmak i\u00e7in,<\/li>\n\n<li><strong>Antrede<\/strong> ya da <strong>holde<\/strong> ayakkab\u0131lar\u0131n\u0131z\u0131 rahat\u00e7a giyebilece\u011finiz pratik bir \u00e7\u00f6z\u00fcm olarak,<\/li>\n\n<li><strong>Bah\u00e7enizde<\/strong> ya da <strong>balkonunuzda<\/strong> do\u011fayla uyum i\u00e7inde bir oturma alan\u0131 i\u00e7in,<\/li>\n\n<li>\n<figure id=\"attachment_1897\" aria-describedby=\"caption-attachment-1897\" style=\"width: 138px\" class=\"wp-caption alignnone\"><a href=\"https:\/\/balidecor.net\/wp-content\/uploads\/2025\/05\/fullsizeoutput_1a53.jpeg\"><img decoding=\"async\" class=\"size-medium wp-image-1897\" src=\"https:\/\/balidecor.net\/wp-content\/uploads\/2025\/05\/fullsizeoutput_1a53-138x300.jpeg\" alt=\"\" width=\"138\" height=\"300\" srcset=\"https:\/\/balidecor.net\/wp-content\/uploads\/2025\/05\/fullsizeoutput_1a53-138x300.jpeg 138w, https:\/\/balidecor.net\/wp-content\/uploads\/2025\/05\/fullsizeoutput_1a53-472x1024.jpeg 472w, https:\/\/balidecor.net\/wp-content\/uploads\/2025\/05\/fullsizeoutput_1a53-768x1665.jpeg 768w, https:\/\/balidecor.net\/wp-content\/uploads\/2025\/05\/fullsizeoutput_1a53-709x1536.jpeg 709w, https:\/\/balidecor.net\/wp-content\/uploads\/2025\/05\/fullsizeoutput_1a53-945x2048.jpeg 945w, https:\/\/balidecor.net\/wp-content\/uploads\/2025\/05\/fullsizeoutput_1a53-600x1301.jpeg 600w, https:\/\/balidecor.net\/wp-content\/uploads\/2025\/05\/fullsizeoutput_1a53.jpeg 1179w\" sizes=\"(max-width: 138px) 100vw, 138px\" \/><\/a><figcaption id=\"caption-attachment-1897\" class=\"wp-caption-text\">su s\u00fcmb\u00fcl\u00fc tabure-puf<\/figcaption><\/figure>\nYuvarlak taburemizi ise ister <strong>sehpa<\/strong>, ister <strong>abajur altl\u0131\u011f\u0131<\/strong>, isterseniz de <strong>ayak uzatma pufu<\/strong> olarak kullanabilirsiniz.\n<p><div style=\"width: 480px;\" class=\"wp-video\"><video class=\"wp-video-shortcode\" id=\"video-1886-1\" width=\"480\" height=\"848\" preload=\"metadata\" controls=\"controls\"><source type=\"video\/mp4\" src=\"https:\/\/balidecor.net\/wp-content\/uploads\/2025\/05\/WhatsApp-Video-2025-04-24-at-12.01.172-1.mp4?_=1\" \/><a href=\"https:\/\/balidecor.net\/wp-content\/uploads\/2025\/05\/WhatsApp-Video-2025-04-24-at-12.01.172-1.mp4\">https:\/\/balidecor.net\/wp-content\/uploads\/2025\/05\/WhatsApp-Video-2025-04-24-at-12.01.172-1.mp4<\/a><\/video><\/div><\/p>\n<\/li>\n<\/ul>\n\n<p>\ud83d\udcab <strong>Bohem ve \u0130skandinav stilin m\u00fckemmel birle\u015fimi<\/strong><br \/>Bu \u00fcr\u00fcnler, evinizde <strong>\u0130skandinav sadeli\u011fi<\/strong> ile <strong>bohem s\u0131cakl\u0131\u011f\u0131n\u0131<\/strong> bir araya getirir. Hem fonksiyonel hem de dekoratif olan bu has\u0131r puf ve banklar, her ya\u015fam alan\u0131na zarafet kat\u0131yor.<\/p>\n\n<p>\ud83d\udccd <strong>Bizi nerede bulabilirsiniz?<\/strong><br \/>E\u011fer siz de bu e\u015fsiz \u00fcr\u00fcnlere dokunmak, yak\u0131ndan g\u00f6rmek isterseniz sizi <strong>Bak\u0131rk\u00f6y, \u0130stanbul<\/strong>\u2019da bulunan ma\u011fazam\u0131za bekliyoruz.<br \/><strong>Bali Dekor \u2013 Ru\u015fenbey Sokak, No: 14\/B, Kartaltepe Mahallesi \u2013 Bak\u0131rk\u00f6y<\/strong><br \/>\ud83d\udcde \u0130leti\u015fim ve sipari\u015f i\u00e7in: <strong>0532 563 37 95<\/strong> (WhatsApp \u00fczerinden ula\u015fabilirsiniz)<\/p>\n\n<ul class=\"wp-block-list\">\n<li>su s\u00fcmb\u00fcl\u00fc tabure<\/li>\n\n<li>has\u0131r tabure<\/li>\n\n<li>su s\u00fcmb\u00fcl\u00fc bench<\/li>\n\n<li>has\u0131r bank<\/li>\n\n<li>Bohem \u0130skandinav tarz\u0131 mobilya<\/li>\n\n<li>Bak\u0131rk\u00f6y do\u011fal mobilya<\/li>\n\n<li>Bali Dekor Bak\u0131rk\u00f6y<\/li>\n\n<li>\u0130stanbul\u2019da su s\u00fcmb\u00fcl\u00fc mobilya<\/li>\n\n<li>el yap\u0131m\u0131 has\u0131r mobilya<\/li>\n\n<li>dekoratif has\u0131r puf<\/li>\n\n<li>Boho tarz bank<\/li>\n<\/ul>\n<hr class=\"wp-block-separator has-alpha-channel-opacity\" \/>\n<p>Evinize do\u011fall\u0131\u011f\u0131 ve huzuru ta\u015f\u0131mak istiyorsan\u0131z, <strong>Bak\u0131rk\u00f6y\u2019deki Bali Dekor<\/strong> ma\u011fazam\u0131zda sizi bekliyoruz. \u00dcr\u00fcnlerimizin her biri bir hik\u00e2ye anlat\u0131yor; \u015fimdi bu hik\u00e2yeyi sizinle birlikte yazal\u0131m.<\/p>\n<hr class=\"wp-block-separator has-alpha-channel-opacity\" \/>\t\t\t\t\t\t\t\t<\/div>\n\t\t\t\t<\/div>\n\t\t\t\t\t<\/div>\n\t\t\t\t<\/div>\n\t\t\t\t<\/div>","protected":false},"excerpt":{"rendered":"<p>Ev dekorasyonunda hem do\u011fall\u0131\u011f\u0131 hem de modernli\u011fi bir arada ya\u015famak isteyenler i\u00e7in yepyeni bir alternatif sunuyoruz: su s\u00fcmb\u00fcl\u00fc el i\u015f\u00e7ili\u011fi banklar ve tabureler art\u0131k Bak\u0131rk\u00f6y\u2019de, Bali Decor ma\u011fazam\u0131zda sizlerle bulu\u015fuyor. &#x1f33f; Bali Adas\u0131\u2019ndan gelen do\u011fall\u0131k \u015fimdi evinizde&#8230;Tamamen el yap\u0131m\u0131 olan bu \u00f6zel par\u00e7alar, su s\u00fcmb\u00fcl\u00fc bitkisinden \u00f6r\u00fclerek, Bali\u2019nin usta zanaatkarlar\u0131 taraf\u0131ndan titizlikle \u00fcretiliyor. \u0130ster fasulye [&hellip;]<\/p>","protected":false},"author":6,"featured_media":2425,"comment_status":"open","ping_status":"open","sticky":false,"template":"","format":"standard","meta":{"_monsterinsights_skip_tracking":false,"_monsterinsights_sitenote_active":false,"_monsterinsights_sitenote_note":"","_monsterinsights_sitenote_category":0,"footnotes":""},"categories":[370],"tags":[264,265,261,263,286,284,285,259,274,262],"class_list":["post-1886","post","type-post","status-publish","format-standard","has-post-thumbnail","hentry","category-ev-dekorasyon-fikirleri","tag-ahsap-yuvarlak-sehpa","tag-bahce-ve-balkon-mobilyalari","tag-bohem-ev-dekorasyonu","tag-masif-ahsap","tag-masif-ahsap-mobilya-modelleri","tag-modern-ev-dekorasyonu","tag-rattan-mobilya-modelleri","tag-rattan-sandalye","tag-su-sumbulu-bench","tag-tasarim-evler"],"yoast_head":"<!-- This site is optimized with the Yoast SEO plugin v26.7 - https:\/\/yoast.com\/wordpress\/plugins\/seo\/ -->\n<title>&quot;El Yap\u0131m\u0131 Su S\u00fcmb\u00fcl\u00fc Bank ve Tabureler \u2013 Bak\u0131rk\u00f6y Bali Decor&#039;da!&quot; - Bali Decor<\/title>\n<meta name=\"description\" content=\"E\u011fer siz de bu e\u015fsiz \u00fcr\u00fcnlere dokunmak, yak\u0131ndan g\u00f6rmek isterseniz sizi Bak\u0131rk\u00f6y, \u0130stanbul\u2019da bulunan ma\u011fazam\u0131za bekliyoruz.\" \/>\n<meta name=\"robots\" content=\"index, follow, max-snippet:-1, max-image-preview:large, max-video-preview:-1\" \/>\n<link rel=\"canonical\" href=\"https:\/\/balidecor.net\/en\/ev-dekorasyon-fikirleri\/el-yapimi-su-sumbulu-bank-ve-tabureler-bakirkoy-bali-decorda\/\" \/>\n<meta property=\"og:locale\" content=\"en_US\" \/>\n<meta property=\"og:type\" content=\"article\" \/>\n<meta property=\"og:title\" content=\"&quot;El Yap\u0131m\u0131 Su S\u00fcmb\u00fcl\u00fc Bank ve Tabureler \u2013 Bak\u0131rk\u00f6y Bali Decor&#039;da!&quot; - Bali Decor\" \/>\n<meta property=\"og:description\" content=\"E\u011fer siz de bu e\u015fsiz \u00fcr\u00fcnlere dokunmak, yak\u0131ndan g\u00f6rmek isterseniz sizi Bak\u0131rk\u00f6y, \u0130stanbul\u2019da bulunan ma\u011fazam\u0131za bekliyoruz.\" \/>\n<meta property=\"og:url\" content=\"https:\/\/balidecor.net\/en\/ev-dekorasyon-fikirleri\/el-yapimi-su-sumbulu-bank-ve-tabureler-bakirkoy-bali-decorda\/\" \/>\n<meta property=\"og:site_name\" content=\"Bali Decor\" \/>\n<meta property=\"article:published_time\" content=\"2025-05-11T13:38:44+00:00\" \/>\n<meta property=\"article:modified_time\" content=\"2026-01-23T07:38:17+00:00\" \/>\n<meta property=\"og:image\" content=\"https:\/\/balidecor.net\/wp-content\/uploads\/2025\/11\/Frame-491.png\" \/>\n\t<meta property=\"og:image:width\" content=\"1520\" \/>\n\t<meta property=\"og:image:height\" content=\"861\" \/>\n\t<meta property=\"og:image:type\" content=\"image\/png\" \/>\n<meta name=\"author\" content=\"Verda\" \/>\n<meta name=\"twitter:card\" content=\"summary_large_image\" \/>\n<meta name=\"twitter:label1\" content=\"Written by\" \/>\n\t<meta name=\"twitter:data1\" content=\"Verda\" \/>\n\t<meta name=\"twitter:label2\" content=\"Est. reading time\" \/>\n\t<meta name=\"twitter:data2\" content=\"3 minutes\" \/>\n<script type=\"application\/ld+json\" class=\"yoast-schema-graph\">{\"@context\":\"https:\/\/schema.org\",\"@graph\":[{\"@type\":\"Article\",\"@id\":\"https:\/\/balidecor.net\/ev-dekorasyon-fikirleri\/el-yapimi-su-sumbulu-bank-ve-tabureler-bakirkoy-bali-decorda\/#article\",\"isPartOf\":{\"@id\":\"https:\/\/balidecor.net\/ev-dekorasyon-fikirleri\/el-yapimi-su-sumbulu-bank-ve-tabureler-bakirkoy-bali-decorda\/\"},\"author\":{\"name\":\"Verda\",\"@id\":\"https:\/\/balidecor.net\/#\/schema\/person\/5894ed19f8915a9018748da97b30cbd0\"},\"headline\":\"&#8220;El Yap\u0131m\u0131 Su S\u00fcmb\u00fcl\u00fc Bank ve Tabureler \u2013 Bak\u0131rk\u00f6y Bali Decor&#8217;da!&#8221;\",\"datePublished\":\"2025-05-11T13:38:44+00:00\",\"dateModified\":\"2026-01-23T07:38:17+00:00\",\"mainEntityOfPage\":{\"@id\":\"https:\/\/balidecor.net\/ev-dekorasyon-fikirleri\/el-yapimi-su-sumbulu-bank-ve-tabureler-bakirkoy-bali-decorda\/\"},\"wordCount\":463,\"commentCount\":0,\"publisher\":{\"@id\":\"https:\/\/balidecor.net\/#organization\"},\"image\":{\"@id\":\"https:\/\/balidecor.net\/ev-dekorasyon-fikirleri\/el-yapimi-su-sumbulu-bank-ve-tabureler-bakirkoy-bali-decorda\/#primaryimage\"},\"thumbnailUrl\":\"https:\/\/balidecor.net\/wp-content\/uploads\/2025\/11\/Frame-491.png\",\"keywords\":[\"ah\u015fap yuvarlak sehpa\",\"bah\u00e7e ve balkon mobilyalar\u0131\",\"bohem ev dekorasyonu\",\"masif ah\u015fap\",\"masif ah\u015fap mobilya modelleri\",\"modern ev dekorasyonu\",\"rattan mobilya modelleri\",\"rattan sandalye\",\"su s\u00fcmb\u00fcl\u00fc bench\",\"tasar\u0131m evler\"],\"articleSection\":[\"Ev Dekorasyon\"],\"inLanguage\":\"en-US\",\"potentialAction\":[{\"@type\":\"CommentAction\",\"name\":\"Comment\",\"target\":[\"https:\/\/balidecor.net\/ev-dekorasyon-fikirleri\/el-yapimi-su-sumbulu-bank-ve-tabureler-bakirkoy-bali-decorda\/#respond\"]}]},{\"@type\":\"WebPage\",\"@id\":\"https:\/\/balidecor.net\/ev-dekorasyon-fikirleri\/el-yapimi-su-sumbulu-bank-ve-tabureler-bakirkoy-bali-decorda\/\",\"url\":\"https:\/\/balidecor.net\/ev-dekorasyon-fikirleri\/el-yapimi-su-sumbulu-bank-ve-tabureler-bakirkoy-bali-decorda\/\",\"name\":\"\\\"El Yap\u0131m\u0131 Su S\u00fcmb\u00fcl\u00fc Bank ve Tabureler \u2013 Bak\u0131rk\u00f6y Bali Decor'da!\\\" - Bali Decor\",\"isPartOf\":{\"@id\":\"https:\/\/balidecor.net\/#website\"},\"primaryImageOfPage\":{\"@id\":\"https:\/\/balidecor.net\/ev-dekorasyon-fikirleri\/el-yapimi-su-sumbulu-bank-ve-tabureler-bakirkoy-bali-decorda\/#primaryimage\"},\"image\":{\"@id\":\"https:\/\/balidecor.net\/ev-dekorasyon-fikirleri\/el-yapimi-su-sumbulu-bank-ve-tabureler-bakirkoy-bali-decorda\/#primaryimage\"},\"thumbnailUrl\":\"https:\/\/balidecor.net\/wp-content\/uploads\/2025\/11\/Frame-491.png\",\"datePublished\":\"2025-05-11T13:38:44+00:00\",\"dateModified\":\"2026-01-23T07:38:17+00:00\",\"description\":\"E\u011fer siz de bu e\u015fsiz \u00fcr\u00fcnlere dokunmak, yak\u0131ndan g\u00f6rmek isterseniz sizi Bak\u0131rk\u00f6y, \u0130stanbul\u2019da bulunan ma\u011fazam\u0131za bekliyoruz.\",\"breadcrumb\":{\"@id\":\"https:\/\/balidecor.net\/ev-dekorasyon-fikirleri\/el-yapimi-su-sumbulu-bank-ve-tabureler-bakirkoy-bali-decorda\/#breadcrumb\"},\"inLanguage\":\"en-US\",\"potentialAction\":[{\"@type\":\"ReadAction\",\"target\":[\"https:\/\/balidecor.net\/ev-dekorasyon-fikirleri\/el-yapimi-su-sumbulu-bank-ve-tabureler-bakirkoy-bali-decorda\/\"]}]},{\"@type\":\"ImageObject\",\"inLanguage\":\"en-US\",\"@id\":\"https:\/\/balidecor.net\/ev-dekorasyon-fikirleri\/el-yapimi-su-sumbulu-bank-ve-tabureler-bakirkoy-bali-decorda\/#primaryimage\",\"url\":\"https:\/\/balidecor.net\/wp-content\/uploads\/2025\/11\/Frame-491.png\",\"contentUrl\":\"https:\/\/balidecor.net\/wp-content\/uploads\/2025\/11\/Frame-491.png\",\"width\":1520,\"height\":861,\"caption\":\"balidecor\"},{\"@type\":\"BreadcrumbList\",\"@id\":\"https:\/\/balidecor.net\/ev-dekorasyon-fikirleri\/el-yapimi-su-sumbulu-bank-ve-tabureler-bakirkoy-bali-decorda\/#breadcrumb\",\"itemListElement\":[{\"@type\":\"ListItem\",\"position\":1,\"name\":\"Ev\",\"item\":\"https:\/\/balidecor.net\/\"},{\"@type\":\"ListItem\",\"position\":2,\"name\":\"Ev Dekorasyon\",\"item\":\"https:\/\/balidecor.net\/en\/blog\/ev-dekorasyon-fikirleri\/\"},{\"@type\":\"ListItem\",\"position\":3,\"name\":\"&#8220;El Yap\u0131m\u0131 Su S\u00fcmb\u00fcl\u00fc Bank ve Tabureler \u2013 Bak\u0131rk\u00f6y Bali Decor&#8217;da!&#8221;\"}]},{\"@type\":\"WebSite\",\"@id\":\"https:\/\/balidecor.net\/#website\",\"url\":\"https:\/\/balidecor.net\/\",\"name\":\"Bali Decor\",\"description\":\"\",\"publisher\":{\"@id\":\"https:\/\/balidecor.net\/#organization\"},\"potentialAction\":[{\"@type\":\"SearchAction\",\"target\":{\"@type\":\"EntryPoint\",\"urlTemplate\":\"https:\/\/balidecor.net\/?s={search_term_string}\"},\"query-input\":{\"@type\":\"PropertyValueSpecification\",\"valueRequired\":true,\"valueName\":\"search_term_string\"}}],\"inLanguage\":\"en-US\"},{\"@type\":\"Organization\",\"@id\":\"https:\/\/balidecor.net\/#organization\",\"name\":\"Bali Decor\",\"url\":\"https:\/\/balidecor.net\/\",\"logo\":{\"@type\":\"ImageObject\",\"inLanguage\":\"en-US\",\"@id\":\"https:\/\/balidecor.net\/#\/schema\/logo\/image\/\",\"url\":\"https:\/\/balidecor.net\/wp-content\/uploads\/2024\/02\/cropped-cropped-cropped-Rectangle-3-1-1-2.png\",\"contentUrl\":\"https:\/\/balidecor.net\/wp-content\/uploads\/2024\/02\/cropped-cropped-cropped-Rectangle-3-1-1-2.png\",\"width\":149,\"height\":109,\"caption\":\"Bali Decor\"},\"image\":{\"@id\":\"https:\/\/balidecor.net\/#\/schema\/logo\/image\/\"},\"sameAs\":[\"https:\/\/www.instagram.com\/baliidecor\"]},{\"@type\":\"Person\",\"@id\":\"https:\/\/balidecor.net\/#\/schema\/person\/5894ed19f8915a9018748da97b30cbd0\",\"name\":\"Verda\",\"image\":{\"@type\":\"ImageObject\",\"inLanguage\":\"en-US\",\"@id\":\"https:\/\/balidecor.net\/#\/schema\/person\/image\/\",\"url\":\"https:\/\/secure.gravatar.com\/avatar\/c0551e5cc12c483aae0da052cda1e3829236976522aba16a17de9b2ebf4324eb?s=96&d=mm&r=g\",\"contentUrl\":\"https:\/\/secure.gravatar.com\/avatar\/c0551e5cc12c483aae0da052cda1e3829236976522aba16a17de9b2ebf4324eb?s=96&d=mm&r=g\",\"caption\":\"Verda\"},\"url\":\"https:\/\/balidecor.net\/en\/author\/verda\/\"}]}<\/script>\n<!-- \/ Yoast SEO plugin. -->","yoast_head_json":{"title":"\"El Yap\u0131m\u0131 Su S\u00fcmb\u00fcl\u00fc Bank ve Tabureler \u2013 Bak\u0131rk\u00f6y Bali Decor'da!\" - Bali Decor","description":"E\u011fer siz de bu e\u015fsiz \u00fcr\u00fcnlere dokunmak, yak\u0131ndan g\u00f6rmek isterseniz sizi Bak\u0131rk\u00f6y, \u0130stanbul\u2019da bulunan ma\u011fazam\u0131za bekliyoruz.","robots":{"index":"index","follow":"follow","max-snippet":"max-snippet:-1","max-image-preview":"max-image-preview:large","max-video-preview":"max-video-preview:-1"},"canonical":"https:\/\/balidecor.net\/en\/ev-dekorasyon-fikirleri\/el-yapimi-su-sumbulu-bank-ve-tabureler-bakirkoy-bali-decorda\/","og_locale":"en_US","og_type":"article","og_title":"\"El Yap\u0131m\u0131 Su S\u00fcmb\u00fcl\u00fc Bank ve Tabureler \u2013 Bak\u0131rk\u00f6y Bali Decor'da!\" - Bali Decor","og_description":"E\u011fer siz de bu e\u015fsiz \u00fcr\u00fcnlere dokunmak, yak\u0131ndan g\u00f6rmek isterseniz sizi Bak\u0131rk\u00f6y, \u0130stanbul\u2019da bulunan ma\u011fazam\u0131za bekliyoruz.","og_url":"https:\/\/balidecor.net\/en\/ev-dekorasyon-fikirleri\/el-yapimi-su-sumbulu-bank-ve-tabureler-bakirkoy-bali-decorda\/","og_site_name":"Bali Decor","article_published_time":"2025-05-11T13:38:44+00:00","article_modified_time":"2026-01-23T07:38:17+00:00","og_image":[{"width":1520,"height":861,"url":"https:\/\/balidecor.net\/wp-content\/uploads\/2025\/11\/Frame-491.png","type":"image\/png"}],"author":"Verda","twitter_card":"summary_large_image","twitter_misc":{"Written by":"Verda","Est. reading time":"3 minutes"},"schema":{"@context":"https:\/\/schema.org","@graph":[{"@type":"Article","@id":"https:\/\/balidecor.net\/ev-dekorasyon-fikirleri\/el-yapimi-su-sumbulu-bank-ve-tabureler-bakirkoy-bali-decorda\/#article","isPartOf":{"@id":"https:\/\/balidecor.net\/ev-dekorasyon-fikirleri\/el-yapimi-su-sumbulu-bank-ve-tabureler-bakirkoy-bali-decorda\/"},"author":{"name":"Verda","@id":"https:\/\/balidecor.net\/#\/schema\/person\/5894ed19f8915a9018748da97b30cbd0"},"headline":"&#8220;El Yap\u0131m\u0131 Su S\u00fcmb\u00fcl\u00fc Bank ve Tabureler \u2013 Bak\u0131rk\u00f6y Bali Decor&#8217;da!&#8221;","datePublished":"2025-05-11T13:38:44+00:00","dateModified":"2026-01-23T07:38:17+00:00","mainEntityOfPage":{"@id":"https:\/\/balidecor.net\/ev-dekorasyon-fikirleri\/el-yapimi-su-sumbulu-bank-ve-tabureler-bakirkoy-bali-decorda\/"},"wordCount":463,"commentCount":0,"publisher":{"@id":"https:\/\/balidecor.net\/#organization"},"image":{"@id":"https:\/\/balidecor.net\/ev-dekorasyon-fikirleri\/el-yapimi-su-sumbulu-bank-ve-tabureler-bakirkoy-bali-decorda\/#primaryimage"},"thumbnailUrl":"https:\/\/balidecor.net\/wp-content\/uploads\/2025\/11\/Frame-491.png","keywords":["ah\u015fap yuvarlak sehpa","bah\u00e7e ve balkon mobilyalar\u0131","bohem ev dekorasyonu","masif ah\u015fap","masif ah\u015fap mobilya modelleri","modern ev dekorasyonu","rattan mobilya modelleri","rattan sandalye","su s\u00fcmb\u00fcl\u00fc bench","tasar\u0131m evler"],"articleSection":["Ev Dekorasyon"],"inLanguage":"en-US","potentialAction":[{"@type":"CommentAction","name":"Comment","target":["https:\/\/balidecor.net\/ev-dekorasyon-fikirleri\/el-yapimi-su-sumbulu-bank-ve-tabureler-bakirkoy-bali-decorda\/#respond"]}]},{"@type":"WebPage","@id":"https:\/\/balidecor.net\/ev-dekorasyon-fikirleri\/el-yapimi-su-sumbulu-bank-ve-tabureler-bakirkoy-bali-decorda\/","url":"https:\/\/balidecor.net\/ev-dekorasyon-fikirleri\/el-yapimi-su-sumbulu-bank-ve-tabureler-bakirkoy-bali-decorda\/","name":"\"El Yap\u0131m\u0131 Su S\u00fcmb\u00fcl\u00fc Bank ve Tabureler \u2013 Bak\u0131rk\u00f6y Bali Decor'da!\" - Bali Decor","isPartOf":{"@id":"https:\/\/balidecor.net\/#website"},"primaryImageOfPage":{"@id":"https:\/\/balidecor.net\/ev-dekorasyon-fikirleri\/el-yapimi-su-sumbulu-bank-ve-tabureler-bakirkoy-bali-decorda\/#primaryimage"},"image":{"@id":"https:\/\/balidecor.net\/ev-dekorasyon-fikirleri\/el-yapimi-su-sumbulu-bank-ve-tabureler-bakirkoy-bali-decorda\/#primaryimage"},"thumbnailUrl":"https:\/\/balidecor.net\/wp-content\/uploads\/2025\/11\/Frame-491.png","datePublished":"2025-05-11T13:38:44+00:00","dateModified":"2026-01-23T07:38:17+00:00","description":"E\u011fer siz de bu e\u015fsiz \u00fcr\u00fcnlere dokunmak, yak\u0131ndan g\u00f6rmek isterseniz sizi Bak\u0131rk\u00f6y, \u0130stanbul\u2019da bulunan ma\u011fazam\u0131za bekliyoruz.","breadcrumb":{"@id":"https:\/\/balidecor.net\/ev-dekorasyon-fikirleri\/el-yapimi-su-sumbulu-bank-ve-tabureler-bakirkoy-bali-decorda\/#breadcrumb"},"inLanguage":"en-US","potentialAction":[{"@type":"ReadAction","target":["https:\/\/balidecor.net\/ev-dekorasyon-fikirleri\/el-yapimi-su-sumbulu-bank-ve-tabureler-bakirkoy-bali-decorda\/"]}]},{"@type":"ImageObject","inLanguage":"en-US","@id":"https:\/\/balidecor.net\/ev-dekorasyon-fikirleri\/el-yapimi-su-sumbulu-bank-ve-tabureler-bakirkoy-bali-decorda\/#primaryimage","url":"https:\/\/balidecor.net\/wp-content\/uploads\/2025\/11\/Frame-491.png","contentUrl":"https:\/\/balidecor.net\/wp-content\/uploads\/2025\/11\/Frame-491.png","width":1520,"height":861,"caption":"balidecor"},{"@type":"BreadcrumbList","@id":"https:\/\/balidecor.net\/ev-dekorasyon-fikirleri\/el-yapimi-su-sumbulu-bank-ve-tabureler-bakirkoy-bali-decorda\/#breadcrumb","itemListElement":[{"@type":"ListItem","position":1,"name":"Ev","item":"https:\/\/balidecor.net\/"},{"@type":"ListItem","position":2,"name":"Ev Dekorasyon","item":"https:\/\/balidecor.net\/en\/blog\/ev-dekorasyon-fikirleri\/"},{"@type":"ListItem","position":3,"name":"&#8220;El Yap\u0131m\u0131 Su S\u00fcmb\u00fcl\u00fc Bank ve Tabureler \u2013 Bak\u0131rk\u00f6y Bali Decor&#8217;da!&#8221;"}]},{"@type":"WebSite","@id":"https:\/\/balidecor.net\/#website","url":"https:\/\/balidecor.net\/","name":"Bali Decor","description":"","publisher":{"@id":"https:\/\/balidecor.net\/#organization"},"potentialAction":[{"@type":"SearchAction","target":{"@type":"EntryPoint","urlTemplate":"https:\/\/balidecor.net\/?s={search_term_string}"},"query-input":{"@type":"PropertyValueSpecification","valueRequired":true,"valueName":"search_term_string"}}],"inLanguage":"en-US"},{"@type":"Organization","@id":"https:\/\/balidecor.net\/#organization","name":"Bali Decor","url":"https:\/\/balidecor.net\/","logo":{"@type":"ImageObject","inLanguage":"en-US","@id":"https:\/\/balidecor.net\/#\/schema\/logo\/image\/","url":"https:\/\/balidecor.net\/wp-content\/uploads\/2024\/02\/cropped-cropped-cropped-Rectangle-3-1-1-2.png","contentUrl":"https:\/\/balidecor.net\/wp-content\/uploads\/2024\/02\/cropped-cropped-cropped-Rectangle-3-1-1-2.png","width":149,"height":109,"caption":"Bali Decor"},"image":{"@id":"https:\/\/balidecor.net\/#\/schema\/logo\/image\/"},"sameAs":["https:\/\/www.instagram.com\/baliidecor"]},{"@type":"Person","@id":"https:\/\/balidecor.net\/#\/schema\/person\/5894ed19f8915a9018748da97b30cbd0","name":"Verda","image":{"@type":"ImageObject","inLanguage":"en-US","@id":"https:\/\/balidecor.net\/#\/schema\/person\/image\/","url":"https:\/\/secure.gravatar.com\/avatar\/c0551e5cc12c483aae0da052cda1e3829236976522aba16a17de9b2ebf4324eb?s=96&d=mm&r=g","contentUrl":"https:\/\/secure.gravatar.com\/avatar\/c0551e5cc12c483aae0da052cda1e3829236976522aba16a17de9b2ebf4324eb?s=96&d=mm&r=g","caption":"Verda"},"url":"https:\/\/balidecor.net\/en\/author\/verda\/"}]}},"_links":{"self":[{"href":"https:\/\/balidecor.net\/en\/wp-json\/wp\/v2\/posts\/1886","targetHints":{"allow":["GET"]}}],"collection":[{"href":"https:\/\/balidecor.net\/en\/wp-json\/wp\/v2\/posts"}],"about":[{"href":"https:\/\/balidecor.net\/en\/wp-json\/wp\/v2\/types\/post"}],"author":[{"embeddable":true,"href":"https:\/\/balidecor.net\/en\/wp-json\/wp\/v2\/users\/6"}],"replies":[{"embeddable":true,"href":"https:\/\/balidecor.net\/en\/wp-json\/wp\/v2\/comments?post=1886"}],"version-history":[{"count":14,"href":"https:\/\/balidecor.net\/en\/wp-json\/wp\/v2\/posts\/1886\/revisions"}],"predecessor-version":[{"id":3193,"href":"https:\/\/balidecor.net\/en\/wp-json\/wp\/v2\/posts\/1886\/revisions\/3193"}],"wp:featuredmedia":[{"embeddable":true,"href":"https:\/\/balidecor.net\/en\/wp-json\/wp\/v2\/media\/2425"}],"wp:attachment":[{"href":"https:\/\/balidecor.net\/en\/wp-json\/wp\/v2\/media?parent=1886"}],"wp:term":[{"taxonomy":"category","embeddable":true,"href":"https:\/\/balidecor.net\/en\/wp-json\/wp\/v2\/categories?post=1886"},{"taxonomy":"post_tag","embeddable":true,"href":"https:\/\/balidecor.net\/en\/wp-json\/wp\/v2\/tags?post=1886"}],"curies":[{"name":"wp","href":"https:\/\/api.w.org\/{rel}","templated":true}]}}