{"id":1905,"date":"2025-05-15T13:57:05","date_gmt":"2025-05-15T13:57:05","guid":{"rendered":"https:\/\/balidecor.net\/?p=1905"},"modified":"2026-01-23T10:08:33","modified_gmt":"2026-01-23T07:08:33","slug":"%f0%9f%8c%bf-el-yapimi-uclu-rattan-sehpa-bohem-dokunusun-adresi-bali-dekor-bakirkoy","status":"publish","type":"post","link":"https:\/\/balidecor.net\/en\/mobilya\/%f0%9f%8c%bf-el-yapimi-uclu-rattan-sehpa-bohem-dokunusun-adresi-bali-dekor-bakirkoy\/","title":{"rendered":"&#x1f33f; El Yap\u0131m\u0131 \u00dc\u00e7l\u00fc Rattan Sehpa \u2013 Bohem Dokunu\u015fun Adresi: Bali Dekor, Bak\u0131rk\u00f6y"},"content":{"rendered":"<div data-elementor-type=\"wp-post\" data-elementor-id=\"1905\" class=\"elementor elementor-1905\" data-elementor-settings=\"{&quot;ha_cmc_init_switcher&quot;:&quot;no&quot;}\" data-elementor-post-type=\"post\">\n\t\t\t\t<div class=\"elementor-element elementor-element-553ec06b e-flex e-con-boxed e-con e-parent\" data-id=\"553ec06b\" data-element_type=\"container\" data-settings=\"{&quot;_ha_eqh_enable&quot;:false}\">\n\t\t\t\t\t<div class=\"e-con-inner\">\n\t\t\t\t<div class=\"elementor-element elementor-element-594177d4 elementor-widget elementor-widget-text-editor\" data-id=\"594177d4\" data-element_type=\"widget\" data-widget_type=\"text-editor.default\">\n\t\t\t\t<div class=\"elementor-widget-container\">\n\t\t\t\t\t\t\t\t\t\n<p>Evinizde do\u011fal bir s\u0131cakl\u0131k, zarif bir dokunu\u015f ve pratik bir \u00e7\u00f6z\u00fcm ar\u0131yorsan\u0131z, <strong>\u00fc\u00e7l\u00fc rattan sehpa seti<\/strong> tam size g\u00f6re!<br \/><strong>Bali Adas\u0131\u2019ndan el i\u015f\u00e7ili\u011fiyle ithal edilen<\/strong> bu \u015f\u0131k zigon sehpa tak\u0131m\u0131, hem <strong>dekoratif<\/strong> hem <strong>fonksiyonel<\/strong>.<\/p>\n\n<p>\u00a0<\/p>\n<p>60 cm, 50 cm ve 40 cm \u00e7aplar\u0131nda olan bu <strong>i\u00e7i\u00e7e ge\u00e7en sehpa seti<\/strong>, yerden tasarruf sa\u011flarken stilinizi de konu\u015fturur.<\/p>\n\n<p>\ud83d\udd38 <strong>%100 do\u011fal rattan<\/strong> kullan\u0131lm\u0131\u015ft\u0131r.<br \/>\ud83d\udd38 Masif ah\u015fap iskeletli, sa\u011flam ve uzun \u00f6m\u00fcrl\u00fcd\u00fcr.<br \/>\ud83d\udd38 Hem <strong>orta sehpa<\/strong>, hem <strong>zigon sehpa<\/strong> olarak kullan\u0131labilir.<br \/>\ud83d\udd38 Balkon, salon, oturma odas\u0131 ya da yatak ucu i\u00e7in idealdir.<br \/>\ud83d\udd38 <strong>Bohem ve \u0130skandinav dekorasyon tarzlar\u0131yla<\/strong> m\u00fckemmel uyum sa\u011flar.<\/p>\n\n<div class=\"mceTemp\"><a href=\"https:\/\/balidecor.net\/wp-content\/uploads\/2025\/05\/Photoroom_20240829_162236.jpg\"><img fetchpriority=\"high\" decoding=\"async\" class=\"size-medium wp-image-1908\" src=\"https:\/\/balidecor.net\/wp-content\/uploads\/2025\/05\/Photoroom_20240829_162236-169x300.jpg\" alt=\"\" width=\"169\" height=\"300\" \/><\/a>\n<ul id=\"attachment_1908\" class=\"wp-caption alignnone\" style=\"width: 169px;\">Rattan \u00dc\u00e7l\u00fc Orta Sehpa<\/ul>\n<\/div>\n<p>Bu \u00f6zel \u00fcr\u00fcn\u00fc, \u0130stanbul <strong>Bak\u0131rk\u00f6y<\/strong>\u2019deki ma\u011fazam\u0131z <strong>Bali Dekor<\/strong>\u2019da yak\u0131ndan inceleyebilir, dilerseniz hemen sat\u0131n alabilirsiniz.<br \/>\ud83d\udccd <strong>Adres:<\/strong> Ru\u015fenbey Sokak No:14\/B Blok, <strong>Kartaltepe Mahallesi \u2013 Bak\u0131rk\u00f6y<\/strong><\/p>\n\n<p>Ayr\u0131ca online al\u0131\u015fveri\u015f i\u00e7in:<br \/>\ud83d\uded2 <strong>Instagram sayfam\u0131z \u00fczerinden DM ile sipari\u015f verebilir<\/strong>,<a href=\"https:\/\/www.instagram.com\/baliidecor\/\">Bali Decor<\/a><br \/>\ud83d\udce6 <strong>T\u00fcrkiye\u2019nin her yerine kargo ile g\u00f6nderim<\/strong> talep edebilirsiniz.<br \/>\ud83d\udcbb Veya hemen <strong>Trendyol ma\u011fazam\u0131zdan<\/strong> sipari\u015f olu\u015fturabilirsiniz.<a href=\"https:\/\/www.trendyol.com\/magaza\/bali-decor-m-822501?sst=0\">Bali Decor<\/a><\/p>\n\n<p><strong>rattan sehpa<\/strong>, <strong>\u00fc\u00e7l\u00fc sehpa<\/strong>, <strong>zigon sehpa<\/strong>, <strong>orta sehpa<\/strong>, <strong>el yap\u0131m\u0131 sehpa<\/strong>, <strong>Bali dekor<\/strong>, <strong>Bak\u0131rk\u00f6y mobilya ma\u011fazas\u0131<\/strong>, <strong>Bohem tarz sehpa<\/strong>, <strong>i\u00e7i\u00e7e ge\u00e7en sehpa<\/strong>, <strong>do\u011fal rattan mobilya<\/strong>, <strong>\u0130skandinav stil<\/strong>, <strong>el i\u015f\u00e7ili\u011fi mobilya<\/strong>, <strong>Bali&#8217;den ithal<\/strong>, <strong>masif iskeletli sehpa<\/strong>, <strong>rattan zigon<\/strong>, <strong>salon sehpas\u0131<\/strong>, <strong>bohem ev dekorasyonu<\/strong>, <strong>istanbul i\u00e7i teslimat<\/strong>, <strong>trendyol sehpa<\/strong>, <strong>instagram \u00fczerinden sipari\u015f<\/strong><\/p>\n<div class=\"ctui-manual-instruction\">\n<div class=\"snippet-card\">\n<div class=\"snippet-card__body\">\n<div class=\"ogt-snippet\" role=\"region\" data-ng-class=\"{'ogt-text-area': ctrl.isTextarea}\" data-ng-if=\"ctrl.snippet\" data-copy-text=\"\" aria-label=\"Google tag snippet\">&lt;!&#8211; Google tag (gtag.js) &#8211;&gt; &lt;script async src=&#8221;https:\/\/www.googletagmanager.com\/gtag\/js?id=AW-16999174887&#8243;&gt;&lt;\/script&gt; &lt;script&gt; window.dataLayer = window.dataLayer || []; function gtag(){dataLayer.push(arguments);} gtag(&#8216;js&#8217;, new Date()); gtag(&#8216;config&#8217;, &#8216;AW-16999174887&#8217;); &lt;\/script&gt; <i class=\"ogt-content-copy-button\" tabindex=\"0\" title=\"Copy\" aria-label=\"Copy\"><\/i><\/div>\n<\/div>\n<\/div>\n<\/div>\n<div class=\"blg-spacer2\">\u00a0<\/div>\n<hr class=\"wp-block-separator has-alpha-channel-opacity\" \/>\n<p>\u00a0<\/p>\n\t\t\t\t\t\t\t\t<\/div>\n\t\t\t\t<\/div>\n\t\t\t\t\t<\/div>\n\t\t\t\t<\/div>\n\t\t\t\t<\/div>","protected":false},"excerpt":{"rendered":"<p>Evinizde do\u011fal bir s\u0131cakl\u0131k, zarif bir dokunu\u015f ve pratik bir \u00e7\u00f6z\u00fcm ar\u0131yorsan\u0131z, \u00fc\u00e7l\u00fc rattan sehpa seti tam size g\u00f6re!Bali Adas\u0131\u2019ndan el i\u015f\u00e7ili\u011fiyle ithal edilen bu \u015f\u0131k zigon sehpa tak\u0131m\u0131, hem dekoratif hem fonksiyonel. &nbsp; 60 cm, 50 cm ve 40 cm \u00e7aplar\u0131nda olan bu i\u00e7i\u00e7e ge\u00e7en sehpa seti, yerden tasarruf sa\u011flarken stilinizi de konu\u015fturur. &#x1f538; [&hellip;]<\/p>","protected":false},"author":6,"featured_media":2425,"comment_status":"open","ping_status":"open","sticky":false,"template":"","format":"standard","meta":{"_monsterinsights_skip_tracking":false,"_monsterinsights_sitenote_active":false,"_monsterinsights_sitenote_note":"","_monsterinsights_sitenote_category":0,"footnotes":""},"categories":[54],"tags":[264,265,261,263,286,284,285,259,274,262,299],"class_list":["post-1905","post","type-post","status-publish","format-standard","has-post-thumbnail","hentry","category-mobilya","tag-ahsap-yuvarlak-sehpa","tag-bahce-ve-balkon-mobilyalari","tag-bohem-ev-dekorasyonu","tag-masif-ahsap","tag-masif-ahsap-mobilya-modelleri","tag-modern-ev-dekorasyonu","tag-rattan-mobilya-modelleri","tag-rattan-sandalye","tag-su-sumbulu-bench","tag-tasarim-evler","tag-uclu-rattan-orta-sehpa"],"yoast_head":"<!-- This site is optimized with the Yoast SEO plugin v26.7 - https:\/\/yoast.com\/wordpress\/plugins\/seo\/ -->\n<title>&#x1f33f; El Yap\u0131m\u0131 \u00dc\u00e7l\u00fc Rattan Sehpa \u2013 Bohem Dokunu\u015fun Adresi: Bali Dekor, Bak\u0131rk\u00f6y - Bali Decor<\/title>\n<meta name=\"robots\" content=\"index, follow, max-snippet:-1, max-image-preview:large, max-video-preview:-1\" \/>\n<link rel=\"canonical\" href=\"https:\/\/balidecor.net\/en\/mobilya\/\ud83c\udf3f-el-yapimi-uclu-rattan-sehpa-bohem-dokunusun-adresi-bali-dekor-bakirkoy\/\" \/>\n<meta property=\"og:locale\" content=\"en_US\" \/>\n<meta property=\"og:type\" content=\"article\" \/>\n<meta property=\"og:title\" content=\"&#x1f33f; El Yap\u0131m\u0131 \u00dc\u00e7l\u00fc Rattan Sehpa \u2013 Bohem Dokunu\u015fun Adresi: Bali Dekor, Bak\u0131rk\u00f6y - Bali Decor\" \/>\n<meta property=\"og:description\" content=\"Evinizde do\u011fal bir s\u0131cakl\u0131k, zarif bir dokunu\u015f ve pratik bir \u00e7\u00f6z\u00fcm ar\u0131yorsan\u0131z, \u00fc\u00e7l\u00fc rattan sehpa seti tam size g\u00f6re!Bali Adas\u0131\u2019ndan el i\u015f\u00e7ili\u011fiyle ithal edilen bu \u015f\u0131k zigon sehpa tak\u0131m\u0131, hem dekoratif hem fonksiyonel. &nbsp; 60 cm, 50 cm ve 40 cm \u00e7aplar\u0131nda olan bu i\u00e7i\u00e7e ge\u00e7en sehpa seti, yerden tasarruf sa\u011flarken stilinizi de konu\u015fturur. &#x1f538; [&hellip;]\" \/>\n<meta property=\"og:url\" content=\"https:\/\/balidecor.net\/en\/mobilya\/\ud83c\udf3f-el-yapimi-uclu-rattan-sehpa-bohem-dokunusun-adresi-bali-dekor-bakirkoy\/\" \/>\n<meta property=\"og:site_name\" content=\"Bali Decor\" \/>\n<meta property=\"article:published_time\" content=\"2025-05-15T13:57:05+00:00\" \/>\n<meta property=\"article:modified_time\" content=\"2026-01-23T07:08:33+00:00\" \/>\n<meta property=\"og:image\" content=\"https:\/\/balidecor.net\/wp-content\/uploads\/2025\/11\/Frame-491.png\" \/>\n\t<meta property=\"og:image:width\" content=\"1520\" \/>\n\t<meta property=\"og:image:height\" content=\"861\" \/>\n\t<meta property=\"og:image:type\" content=\"image\/png\" \/>\n<meta name=\"author\" content=\"Verda\" \/>\n<meta name=\"twitter:card\" content=\"summary_large_image\" \/>\n<meta name=\"twitter:label1\" content=\"Written by\" \/>\n\t<meta name=\"twitter:data1\" content=\"Verda\" \/>\n\t<meta name=\"twitter:label2\" content=\"Est. reading time\" \/>\n\t<meta name=\"twitter:data2\" content=\"2 minutes\" \/>\n<script type=\"application\/ld+json\" class=\"yoast-schema-graph\">{\"@context\":\"https:\/\/schema.org\",\"@graph\":[{\"@type\":\"Article\",\"@id\":\"https:\/\/balidecor.net\/mobilya\/%f0%9f%8c%bf-el-yapimi-uclu-rattan-sehpa-bohem-dokunusun-adresi-bali-dekor-bakirkoy\/#article\",\"isPartOf\":{\"@id\":\"https:\/\/balidecor.net\/mobilya\/%f0%9f%8c%bf-el-yapimi-uclu-rattan-sehpa-bohem-dokunusun-adresi-bali-dekor-bakirkoy\/\"},\"author\":{\"name\":\"Verda\",\"@id\":\"https:\/\/balidecor.net\/#\/schema\/person\/5894ed19f8915a9018748da97b30cbd0\"},\"headline\":\"&#x1f33f; El Yap\u0131m\u0131 \u00dc\u00e7l\u00fc Rattan Sehpa \u2013 Bohem Dokunu\u015fun Adresi: Bali Dekor, Bak\u0131rk\u00f6y\",\"datePublished\":\"2025-05-15T13:57:05+00:00\",\"dateModified\":\"2026-01-23T07:08:33+00:00\",\"mainEntityOfPage\":{\"@id\":\"https:\/\/balidecor.net\/mobilya\/%f0%9f%8c%bf-el-yapimi-uclu-rattan-sehpa-bohem-dokunusun-adresi-bali-dekor-bakirkoy\/\"},\"wordCount\":346,\"commentCount\":0,\"publisher\":{\"@id\":\"https:\/\/balidecor.net\/#organization\"},\"image\":{\"@id\":\"https:\/\/balidecor.net\/mobilya\/%f0%9f%8c%bf-el-yapimi-uclu-rattan-sehpa-bohem-dokunusun-adresi-bali-dekor-bakirkoy\/#primaryimage\"},\"thumbnailUrl\":\"https:\/\/balidecor.net\/wp-content\/uploads\/2025\/11\/Frame-491.png\",\"keywords\":[\"ah\u015fap yuvarlak sehpa\",\"bah\u00e7e ve balkon mobilyalar\u0131\",\"bohem ev dekorasyonu\",\"masif ah\u015fap\",\"masif ah\u015fap mobilya modelleri\",\"modern ev dekorasyonu\",\"rattan mobilya modelleri\",\"rattan sandalye\",\"su s\u00fcmb\u00fcl\u00fc bench\",\"tasar\u0131m evler\",\"\u00fc\u00e7l\u00fc rattan orta sehpa\"],\"articleSection\":[\"Mobilya\"],\"inLanguage\":\"en-US\",\"potentialAction\":[{\"@type\":\"CommentAction\",\"name\":\"Comment\",\"target\":[\"https:\/\/balidecor.net\/mobilya\/%f0%9f%8c%bf-el-yapimi-uclu-rattan-sehpa-bohem-dokunusun-adresi-bali-dekor-bakirkoy\/#respond\"]}]},{\"@type\":\"WebPage\",\"@id\":\"https:\/\/balidecor.net\/mobilya\/%f0%9f%8c%bf-el-yapimi-uclu-rattan-sehpa-bohem-dokunusun-adresi-bali-dekor-bakirkoy\/\",\"url\":\"https:\/\/balidecor.net\/mobilya\/%f0%9f%8c%bf-el-yapimi-uclu-rattan-sehpa-bohem-dokunusun-adresi-bali-dekor-bakirkoy\/\",\"name\":\"&#x1f33f; El Yap\u0131m\u0131 \u00dc\u00e7l\u00fc Rattan Sehpa \u2013 Bohem Dokunu\u015fun Adresi: Bali Dekor, Bak\u0131rk\u00f6y - Bali Decor\",\"isPartOf\":{\"@id\":\"https:\/\/balidecor.net\/#website\"},\"primaryImageOfPage\":{\"@id\":\"https:\/\/balidecor.net\/mobilya\/%f0%9f%8c%bf-el-yapimi-uclu-rattan-sehpa-bohem-dokunusun-adresi-bali-dekor-bakirkoy\/#primaryimage\"},\"image\":{\"@id\":\"https:\/\/balidecor.net\/mobilya\/%f0%9f%8c%bf-el-yapimi-uclu-rattan-sehpa-bohem-dokunusun-adresi-bali-dekor-bakirkoy\/#primaryimage\"},\"thumbnailUrl\":\"https:\/\/balidecor.net\/wp-content\/uploads\/2025\/11\/Frame-491.png\",\"datePublished\":\"2025-05-15T13:57:05+00:00\",\"dateModified\":\"2026-01-23T07:08:33+00:00\",\"breadcrumb\":{\"@id\":\"https:\/\/balidecor.net\/mobilya\/%f0%9f%8c%bf-el-yapimi-uclu-rattan-sehpa-bohem-dokunusun-adresi-bali-dekor-bakirkoy\/#breadcrumb\"},\"inLanguage\":\"en-US\",\"potentialAction\":[{\"@type\":\"ReadAction\",\"target\":[\"https:\/\/balidecor.net\/mobilya\/%f0%9f%8c%bf-el-yapimi-uclu-rattan-sehpa-bohem-dokunusun-adresi-bali-dekor-bakirkoy\/\"]}]},{\"@type\":\"ImageObject\",\"inLanguage\":\"en-US\",\"@id\":\"https:\/\/balidecor.net\/mobilya\/%f0%9f%8c%bf-el-yapimi-uclu-rattan-sehpa-bohem-dokunusun-adresi-bali-dekor-bakirkoy\/#primaryimage\",\"url\":\"https:\/\/balidecor.net\/wp-content\/uploads\/2025\/11\/Frame-491.png\",\"contentUrl\":\"https:\/\/balidecor.net\/wp-content\/uploads\/2025\/11\/Frame-491.png\",\"width\":1520,\"height\":861,\"caption\":\"balidecor\"},{\"@type\":\"BreadcrumbList\",\"@id\":\"https:\/\/balidecor.net\/mobilya\/%f0%9f%8c%bf-el-yapimi-uclu-rattan-sehpa-bohem-dokunusun-adresi-bali-dekor-bakirkoy\/#breadcrumb\",\"itemListElement\":[{\"@type\":\"ListItem\",\"position\":1,\"name\":\"Ev\",\"item\":\"https:\/\/balidecor.net\/\"},{\"@type\":\"ListItem\",\"position\":2,\"name\":\"Mobilya\",\"item\":\"https:\/\/balidecor.net\/blog\/mobilya\/\"},{\"@type\":\"ListItem\",\"position\":3,\"name\":\"&#x1f33f; El Yap\u0131m\u0131 \u00dc\u00e7l\u00fc Rattan Sehpa \u2013 Bohem Dokunu\u015fun Adresi: Bali Dekor, Bak\u0131rk\u00f6y\"}]},{\"@type\":\"WebSite\",\"@id\":\"https:\/\/balidecor.net\/#website\",\"url\":\"https:\/\/balidecor.net\/\",\"name\":\"Bali Decor\",\"description\":\"\",\"publisher\":{\"@id\":\"https:\/\/balidecor.net\/#organization\"},\"potentialAction\":[{\"@type\":\"SearchAction\",\"target\":{\"@type\":\"EntryPoint\",\"urlTemplate\":\"https:\/\/balidecor.net\/?s={search_term_string}\"},\"query-input\":{\"@type\":\"PropertyValueSpecification\",\"valueRequired\":true,\"valueName\":\"search_term_string\"}}],\"inLanguage\":\"en-US\"},{\"@type\":\"Organization\",\"@id\":\"https:\/\/balidecor.net\/#organization\",\"name\":\"Bali Decor\",\"url\":\"https:\/\/balidecor.net\/\",\"logo\":{\"@type\":\"ImageObject\",\"inLanguage\":\"en-US\",\"@id\":\"https:\/\/balidecor.net\/#\/schema\/logo\/image\/\",\"url\":\"https:\/\/balidecor.net\/wp-content\/uploads\/2024\/02\/cropped-cropped-cropped-Rectangle-3-1-1-2.png\",\"contentUrl\":\"https:\/\/balidecor.net\/wp-content\/uploads\/2024\/02\/cropped-cropped-cropped-Rectangle-3-1-1-2.png\",\"width\":149,\"height\":109,\"caption\":\"Bali Decor\"},\"image\":{\"@id\":\"https:\/\/balidecor.net\/#\/schema\/logo\/image\/\"},\"sameAs\":[\"https:\/\/www.instagram.com\/baliidecor\"]},{\"@type\":\"Person\",\"@id\":\"https:\/\/balidecor.net\/#\/schema\/person\/5894ed19f8915a9018748da97b30cbd0\",\"name\":\"Verda\",\"image\":{\"@type\":\"ImageObject\",\"inLanguage\":\"en-US\",\"@id\":\"https:\/\/balidecor.net\/#\/schema\/person\/image\/\",\"url\":\"https:\/\/secure.gravatar.com\/avatar\/c0551e5cc12c483aae0da052cda1e3829236976522aba16a17de9b2ebf4324eb?s=96&d=mm&r=g\",\"contentUrl\":\"https:\/\/secure.gravatar.com\/avatar\/c0551e5cc12c483aae0da052cda1e3829236976522aba16a17de9b2ebf4324eb?s=96&d=mm&r=g\",\"caption\":\"Verda\"},\"url\":\"https:\/\/balidecor.net\/en\/author\/verda\/\"}]}<\/script>\n<!-- \/ Yoast SEO plugin. -->","yoast_head_json":{"title":"&#x1f33f; El Yap\u0131m\u0131 \u00dc\u00e7l\u00fc Rattan Sehpa \u2013 Bohem Dokunu\u015fun Adresi: Bali Dekor, Bak\u0131rk\u00f6y - Bali Decor","robots":{"index":"index","follow":"follow","max-snippet":"max-snippet:-1","max-image-preview":"max-image-preview:large","max-video-preview":"max-video-preview:-1"},"canonical":"https:\/\/balidecor.net\/en\/mobilya\/\ud83c\udf3f-el-yapimi-uclu-rattan-sehpa-bohem-dokunusun-adresi-bali-dekor-bakirkoy\/","og_locale":"en_US","og_type":"article","og_title":"&#x1f33f; El Yap\u0131m\u0131 \u00dc\u00e7l\u00fc Rattan Sehpa \u2013 Bohem Dokunu\u015fun Adresi: Bali Dekor, Bak\u0131rk\u00f6y - Bali Decor","og_description":"Evinizde do\u011fal bir s\u0131cakl\u0131k, zarif bir dokunu\u015f ve pratik bir \u00e7\u00f6z\u00fcm ar\u0131yorsan\u0131z, \u00fc\u00e7l\u00fc rattan sehpa seti tam size g\u00f6re!Bali Adas\u0131\u2019ndan el i\u015f\u00e7ili\u011fiyle ithal edilen bu \u015f\u0131k zigon sehpa tak\u0131m\u0131, hem dekoratif hem fonksiyonel. &nbsp; 60 cm, 50 cm ve 40 cm \u00e7aplar\u0131nda olan bu i\u00e7i\u00e7e ge\u00e7en sehpa seti, yerden tasarruf sa\u011flarken stilinizi de konu\u015fturur. &#x1f538; [&hellip;]","og_url":"https:\/\/balidecor.net\/en\/mobilya\/\ud83c\udf3f-el-yapimi-uclu-rattan-sehpa-bohem-dokunusun-adresi-bali-dekor-bakirkoy\/","og_site_name":"Bali Decor","article_published_time":"2025-05-15T13:57:05+00:00","article_modified_time":"2026-01-23T07:08:33+00:00","og_image":[{"width":1520,"height":861,"url":"https:\/\/balidecor.net\/wp-content\/uploads\/2025\/11\/Frame-491.png","type":"image\/png"}],"author":"Verda","twitter_card":"summary_large_image","twitter_misc":{"Written by":"Verda","Est. reading time":"2 minutes"},"schema":{"@context":"https:\/\/schema.org","@graph":[{"@type":"Article","@id":"https:\/\/balidecor.net\/mobilya\/%f0%9f%8c%bf-el-yapimi-uclu-rattan-sehpa-bohem-dokunusun-adresi-bali-dekor-bakirkoy\/#article","isPartOf":{"@id":"https:\/\/balidecor.net\/mobilya\/%f0%9f%8c%bf-el-yapimi-uclu-rattan-sehpa-bohem-dokunusun-adresi-bali-dekor-bakirkoy\/"},"author":{"name":"Verda","@id":"https:\/\/balidecor.net\/#\/schema\/person\/5894ed19f8915a9018748da97b30cbd0"},"headline":"&#x1f33f; El Yap\u0131m\u0131 \u00dc\u00e7l\u00fc Rattan Sehpa \u2013 Bohem Dokunu\u015fun Adresi: Bali Dekor, Bak\u0131rk\u00f6y","datePublished":"2025-05-15T13:57:05+00:00","dateModified":"2026-01-23T07:08:33+00:00","mainEntityOfPage":{"@id":"https:\/\/balidecor.net\/mobilya\/%f0%9f%8c%bf-el-yapimi-uclu-rattan-sehpa-bohem-dokunusun-adresi-bali-dekor-bakirkoy\/"},"wordCount":346,"commentCount":0,"publisher":{"@id":"https:\/\/balidecor.net\/#organization"},"image":{"@id":"https:\/\/balidecor.net\/mobilya\/%f0%9f%8c%bf-el-yapimi-uclu-rattan-sehpa-bohem-dokunusun-adresi-bali-dekor-bakirkoy\/#primaryimage"},"thumbnailUrl":"https:\/\/balidecor.net\/wp-content\/uploads\/2025\/11\/Frame-491.png","keywords":["ah\u015fap yuvarlak sehpa","bah\u00e7e ve balkon mobilyalar\u0131","bohem ev dekorasyonu","masif ah\u015fap","masif ah\u015fap mobilya modelleri","modern ev dekorasyonu","rattan mobilya modelleri","rattan sandalye","su s\u00fcmb\u00fcl\u00fc bench","tasar\u0131m evler","\u00fc\u00e7l\u00fc rattan orta sehpa"],"articleSection":["Mobilya"],"inLanguage":"en-US","potentialAction":[{"@type":"CommentAction","name":"Comment","target":["https:\/\/balidecor.net\/mobilya\/%f0%9f%8c%bf-el-yapimi-uclu-rattan-sehpa-bohem-dokunusun-adresi-bali-dekor-bakirkoy\/#respond"]}]},{"@type":"WebPage","@id":"https:\/\/balidecor.net\/mobilya\/%f0%9f%8c%bf-el-yapimi-uclu-rattan-sehpa-bohem-dokunusun-adresi-bali-dekor-bakirkoy\/","url":"https:\/\/balidecor.net\/mobilya\/%f0%9f%8c%bf-el-yapimi-uclu-rattan-sehpa-bohem-dokunusun-adresi-bali-dekor-bakirkoy\/","name":"&#x1f33f; El Yap\u0131m\u0131 \u00dc\u00e7l\u00fc Rattan Sehpa \u2013 Bohem Dokunu\u015fun Adresi: Bali Dekor, Bak\u0131rk\u00f6y - Bali Decor","isPartOf":{"@id":"https:\/\/balidecor.net\/#website"},"primaryImageOfPage":{"@id":"https:\/\/balidecor.net\/mobilya\/%f0%9f%8c%bf-el-yapimi-uclu-rattan-sehpa-bohem-dokunusun-adresi-bali-dekor-bakirkoy\/#primaryimage"},"image":{"@id":"https:\/\/balidecor.net\/mobilya\/%f0%9f%8c%bf-el-yapimi-uclu-rattan-sehpa-bohem-dokunusun-adresi-bali-dekor-bakirkoy\/#primaryimage"},"thumbnailUrl":"https:\/\/balidecor.net\/wp-content\/uploads\/2025\/11\/Frame-491.png","datePublished":"2025-05-15T13:57:05+00:00","dateModified":"2026-01-23T07:08:33+00:00","breadcrumb":{"@id":"https:\/\/balidecor.net\/mobilya\/%f0%9f%8c%bf-el-yapimi-uclu-rattan-sehpa-bohem-dokunusun-adresi-bali-dekor-bakirkoy\/#breadcrumb"},"inLanguage":"en-US","potentialAction":[{"@type":"ReadAction","target":["https:\/\/balidecor.net\/mobilya\/%f0%9f%8c%bf-el-yapimi-uclu-rattan-sehpa-bohem-dokunusun-adresi-bali-dekor-bakirkoy\/"]}]},{"@type":"ImageObject","inLanguage":"en-US","@id":"https:\/\/balidecor.net\/mobilya\/%f0%9f%8c%bf-el-yapimi-uclu-rattan-sehpa-bohem-dokunusun-adresi-bali-dekor-bakirkoy\/#primaryimage","url":"https:\/\/balidecor.net\/wp-content\/uploads\/2025\/11\/Frame-491.png","contentUrl":"https:\/\/balidecor.net\/wp-content\/uploads\/2025\/11\/Frame-491.png","width":1520,"height":861,"caption":"balidecor"},{"@type":"BreadcrumbList","@id":"https:\/\/balidecor.net\/mobilya\/%f0%9f%8c%bf-el-yapimi-uclu-rattan-sehpa-bohem-dokunusun-adresi-bali-dekor-bakirkoy\/#breadcrumb","itemListElement":[{"@type":"ListItem","position":1,"name":"Ev","item":"https:\/\/balidecor.net\/"},{"@type":"ListItem","position":2,"name":"Mobilya","item":"https:\/\/balidecor.net\/blog\/mobilya\/"},{"@type":"ListItem","position":3,"name":"&#x1f33f; El Yap\u0131m\u0131 \u00dc\u00e7l\u00fc Rattan Sehpa \u2013 Bohem Dokunu\u015fun Adresi: Bali Dekor, Bak\u0131rk\u00f6y"}]},{"@type":"WebSite","@id":"https:\/\/balidecor.net\/#website","url":"https:\/\/balidecor.net\/","name":"Bali Decor","description":"","publisher":{"@id":"https:\/\/balidecor.net\/#organization"},"potentialAction":[{"@type":"SearchAction","target":{"@type":"EntryPoint","urlTemplate":"https:\/\/balidecor.net\/?s={search_term_string}"},"query-input":{"@type":"PropertyValueSpecification","valueRequired":true,"valueName":"search_term_string"}}],"inLanguage":"en-US"},{"@type":"Organization","@id":"https:\/\/balidecor.net\/#organization","name":"Bali Decor","url":"https:\/\/balidecor.net\/","logo":{"@type":"ImageObject","inLanguage":"en-US","@id":"https:\/\/balidecor.net\/#\/schema\/logo\/image\/","url":"https:\/\/balidecor.net\/wp-content\/uploads\/2024\/02\/cropped-cropped-cropped-Rectangle-3-1-1-2.png","contentUrl":"https:\/\/balidecor.net\/wp-content\/uploads\/2024\/02\/cropped-cropped-cropped-Rectangle-3-1-1-2.png","width":149,"height":109,"caption":"Bali Decor"},"image":{"@id":"https:\/\/balidecor.net\/#\/schema\/logo\/image\/"},"sameAs":["https:\/\/www.instagram.com\/baliidecor"]},{"@type":"Person","@id":"https:\/\/balidecor.net\/#\/schema\/person\/5894ed19f8915a9018748da97b30cbd0","name":"Verda","image":{"@type":"ImageObject","inLanguage":"en-US","@id":"https:\/\/balidecor.net\/#\/schema\/person\/image\/","url":"https:\/\/secure.gravatar.com\/avatar\/c0551e5cc12c483aae0da052cda1e3829236976522aba16a17de9b2ebf4324eb?s=96&d=mm&r=g","contentUrl":"https:\/\/secure.gravatar.com\/avatar\/c0551e5cc12c483aae0da052cda1e3829236976522aba16a17de9b2ebf4324eb?s=96&d=mm&r=g","caption":"Verda"},"url":"https:\/\/balidecor.net\/en\/author\/verda\/"}]}},"_links":{"self":[{"href":"https:\/\/balidecor.net\/en\/wp-json\/wp\/v2\/posts\/1905","targetHints":{"allow":["GET"]}}],"collection":[{"href":"https:\/\/balidecor.net\/en\/wp-json\/wp\/v2\/posts"}],"about":[{"href":"https:\/\/balidecor.net\/en\/wp-json\/wp\/v2\/types\/post"}],"author":[{"embeddable":true,"href":"https:\/\/balidecor.net\/en\/wp-json\/wp\/v2\/users\/6"}],"replies":[{"embeddable":true,"href":"https:\/\/balidecor.net\/en\/wp-json\/wp\/v2\/comments?post=1905"}],"version-history":[{"count":17,"href":"https:\/\/balidecor.net\/en\/wp-json\/wp\/v2\/posts\/1905\/revisions"}],"predecessor-version":[{"id":3181,"href":"https:\/\/balidecor.net\/en\/wp-json\/wp\/v2\/posts\/1905\/revisions\/3181"}],"wp:featuredmedia":[{"embeddable":true,"href":"https:\/\/balidecor.net\/en\/wp-json\/wp\/v2\/media\/2425"}],"wp:attachment":[{"href":"https:\/\/balidecor.net\/en\/wp-json\/wp\/v2\/media?parent=1905"}],"wp:term":[{"taxonomy":"category","embeddable":true,"href":"https:\/\/balidecor.net\/en\/wp-json\/wp\/v2\/categories?post=1905"},{"taxonomy":"post_tag","embeddable":true,"href":"https:\/\/balidecor.net\/en\/wp-json\/wp\/v2\/tags?post=1905"}],"curies":[{"name":"wp","href":"https:\/\/api.w.org\/{rel}","templated":true}]}}