{"id":1944,"date":"2025-07-03T07:39:01","date_gmt":"2025-07-03T07:39:01","guid":{"rendered":"https:\/\/balidecor.net\/?p=1944"},"modified":"2026-01-23T10:05:39","modified_gmt":"2026-01-23T07:05:39","slug":"dogalligin-ve-zarafetin-simgesi-rattan-yatak-basliklari-ile-yatak-odalarinda-hafiflik-ve-ferahlik","status":"publish","type":"post","link":"https:\/\/balidecor.net\/en\/rattan-dekorasyon\/dogalligin-ve-zarafetin-simgesi-rattan-yatak-basliklari-ile-yatak-odalarinda-hafiflik-ve-ferahlik\/","title":{"rendered":"Do\u011fall\u0131\u011f\u0131n ve Zarafetin Simgesi: Rattan Yatak Ba\u015fl\u0131klar\u0131 ile Yatak Odalar\u0131nda Hafiflik ve Ferahl\u0131k"},"content":{"rendered":"<div data-elementor-type=\"wp-post\" data-elementor-id=\"1944\" class=\"elementor elementor-1944\" data-elementor-settings=\"{&quot;ha_cmc_init_switcher&quot;:&quot;no&quot;}\" data-elementor-post-type=\"post\">\n\t\t\t\t<div class=\"elementor-element elementor-element-5179e26c e-flex e-con-boxed e-con e-parent\" data-id=\"5179e26c\" data-element_type=\"container\" data-settings=\"{&quot;_ha_eqh_enable&quot;:false}\">\n\t\t\t\t\t<div class=\"e-con-inner\">\n\t\t\t\t<div class=\"elementor-element elementor-element-47b0c0f1 elementor-widget elementor-widget-text-editor\" data-id=\"47b0c0f1\" data-element_type=\"widget\" data-widget_type=\"text-editor.default\">\n\t\t\t\t<div class=\"elementor-widget-container\">\n\t\t\t\t\t\t\t\t\t\n<ul>\n<li>Yatak odas\u0131, evimizin en \u00f6zel alanlar\u0131ndan biridir. Buras\u0131 sadece uykuya dald\u0131\u011f\u0131m\u0131z bir yer de\u011fil, ayn\u0131 zamanda enerjimizi yeniledi\u011fimiz, ruhumuzu dinlendirdi\u011fimiz ve g\u00fcn\u00fcn yorgunlu\u011funu geride b\u0131rakt\u0131\u011f\u0131m\u0131z ki\u015fisel bir s\u0131\u011f\u0131nakt\u0131r. \u0130\u015fte tam da bu noktada, yatak odas\u0131 dekorasyonunda do\u011fal ve hafif malzemelerin \u00f6nemi giderek art\u0131yor. \u00d6zellikle Rattan yatak ba\u015fl\u0131klar\u0131, hem estetik hem fonksiyonellik a\u00e7\u0131s\u0131ndan benzersiz avantajlar sunuyor.<\/li>\n<\/ul>\n\n<figure id=\"attachment_1946\" aria-describedby=\"caption-attachment-1946\" style=\"width: 257px\" class=\"wp-caption alignnone\"><a href=\"https:\/\/balidecor.net\/wp-content\/uploads\/2025\/07\/Photoroom_20250508_130247-e1751527412851.jpg\"><img fetchpriority=\"high\" decoding=\"async\" class=\"size-medium wp-image-1946\" src=\"https:\/\/balidecor.net\/wp-content\/uploads\/2025\/07\/Photoroom_20250508_130247-e1751527412851-257x300.jpg\" alt=\"\" width=\"257\" height=\"300\" srcset=\"https:\/\/balidecor.net\/wp-content\/uploads\/2025\/07\/Photoroom_20250508_130247-e1751527412851-257x300.jpg 257w, https:\/\/balidecor.net\/wp-content\/uploads\/2025\/07\/Photoroom_20250508_130247-e1751527412851-876x1024.jpg 876w, https:\/\/balidecor.net\/wp-content\/uploads\/2025\/07\/Photoroom_20250508_130247-e1751527412851-768x897.jpg 768w, https:\/\/balidecor.net\/wp-content\/uploads\/2025\/07\/Photoroom_20250508_130247-e1751527412851-1314x1536.jpg 1314w, https:\/\/balidecor.net\/wp-content\/uploads\/2025\/07\/Photoroom_20250508_130247-e1751527412851-600x701.jpg 600w, https:\/\/balidecor.net\/wp-content\/uploads\/2025\/07\/Photoroom_20250508_130247-e1751527412851.jpg 1495w\" sizes=\"(max-width: 257px) 100vw, 257px\" \/><\/a><figcaption id=\"caption-attachment-1946\" class=\"wp-caption-text\">Rattan \u00e7ift ki\u015filik 160 cm yatak ba\u015fl\u0131\u011f\u0131<\/figcaption><\/figure>\n<p>Neden Rattan Yatak Ba\u015fl\u0131\u011f\u0131 Tercih Edilmeli?<\/p>\n\n<p>Rattan, tamamen do\u011fal ve s\u00fcrd\u00fcr\u00fclebilir bir malzemedir. Palmiye t\u00fcr\u00fc bitkilerden elde edilen bu \u00f6zel lif, esnek yap\u0131s\u0131 sayesinde hem hafif hem de son derece dayan\u0131kl\u0131d\u0131r. \u0130\u015flenmesi olduk\u00e7a zahmetsizdir, bu da onu ta\u015f\u0131nabilir, pratik ve fonksiyonel bir se\u00e7enek haline getirir.<\/p>\n\n<p>Bug\u00fcn pek \u00e7ok ki\u015fi, klasik a\u011f\u0131r ve hantal yatak ba\u015fl\u0131klar\u0131 yerine, Rattan yatak ba\u015fl\u0131\u011f\u0131 tercih ediyor. Bunun en \u00f6nemli sebebi ise Rattan\u2019\u0131n sa\u011flad\u0131\u011f\u0131 e\u015fsiz avantajlar:<\/p>\n\n<pre class=\"wp-block-code\"><code>\u2022   Hafiflik: A\u011f\u0131r yatak ba\u015fl\u0131klar\u0131na veda edin! Rattan yatak ba\u015fl\u0131klar\u0131, kolayca ta\u015f\u0131nabilir, yer de\u011fi\u015ftirebilir.\n\u2022   Pratik Kullan\u0131m: Dilerseniz odan\u0131zda konumunu de\u011fi\u015ftirebilir, dilerseniz farkl\u0131 bir alanda de\u011ferlendirebilirsiniz.\n\u2022   Do\u011fal G\u00f6r\u00fcn\u00fcm: Otantik ve do\u011fal yap\u0131s\u0131 sayesinde yatak odalar\u0131na s\u0131cak, samimi ve rahat bir hava katar.\n\u2022   S\u00fcrd\u00fcr\u00fclebilirlik: Do\u011faya dost yap\u0131s\u0131yla \u00e7evre bilinci y\u00fcksek bir tercih olur.<\/code><\/pre>\n\n<p>Yatak Odas\u0131nda Enerji Dengesine Dair Bir Dokunu\u015f<\/p>\n\n<p>Dekorasyon yaln\u0131zca estetik de\u011fildir; ayn\u0131 zamanda ya\u015fam enerjisini de etkiler. \u00d6zellikle Japon felsefesinde, yatak odas\u0131nda a\u011f\u0131r ve kapal\u0131 bazalar\u0131n kullan\u0131lmamas\u0131, enerji ak\u0131\u015f\u0131n\u0131 serbest b\u0131rakmak ad\u0131na olduk\u00e7a \u00f6nemlidir. Yatak alt\u0131n\u0131n bo\u015f olmas\u0131 ve hava ak\u0131m\u0131n\u0131n rahat\u00e7a ge\u00e7mesi, ortamda taze enerji dola\u015f\u0131m\u0131n\u0131 sa\u011flar.<\/p>\n\n<p>\u0130\u015fte bu noktada, Rattan baza ba\u015fl\u0131\u011f\u0131 gibi hafif par\u00e7alar, yatak odas\u0131nda fazla a\u011f\u0131rl\u0131k yaratmadan, mek\u00e2n\u0131n enerjisini dengeleyen \u00f6nemli bir rol \u00fcstlenir. Rattan\u2019\u0131n do\u011fal ve a\u00e7\u0131k dokusu, havan\u0131n rahat ge\u00e7i\u015fine izin vererek yatak odas\u0131nda adeta bir nefes alan\u0131 yarat\u0131r.<\/p>\n\n<p>Bali Dekor\u2019dan \u015e\u0131k Rattan Yatak Ba\u015fl\u0131klar\u0131<\/p>\n\n<p>Bak\u0131rk\u00f6y, \u0130stanbul\u2019da, Kartaltepe Mahallesi, Ru\u015fen Bey Sokak, No:14\/B adresinde yer alan tasar\u0131m ma\u011fazam Bali Dekor olarak, do\u011fall\u0131\u011f\u0131 ve zarafeti ya\u015fam alanlar\u0131na ta\u015f\u0131yoruz. \u00d6zel koleksiyonumuzda yer alan Rattan yatak ba\u015fl\u0131klar\u0131, yatak odalar\u0131n\u0131za benzersiz bir s\u0131cakl\u0131k ve ferahl\u0131k kat\u0131yor.<\/p>\n\n<p>\u015eu anda ma\u011fazam\u0131zda bulunan 160 cm \u00e7ift ki\u015filik yatak ba\u015fl\u0131\u011f\u0131 modellerimiz, \u00f6zellikle bazal\u0131 yataklar i\u00e7in m\u00fckemmel bir tamamlay\u0131c\u0131. \u00dcstelik tek ebatta, sade ve do\u011fal tasar\u0131m\u0131yla her tarza uyum sa\u011fl\u0131yor.<\/p>\n\n<p>Arad\u0131\u011f\u0131n\u0131z kelimeleri unutmay\u0131n:<\/p>\n\n<pre class=\"wp-block-code\"><code>\u2022   Rattan yatak ba\u015fl\u0131\u011f\u0131\n\u2022   Baza ba\u015fl\u0131\u011f\u0131\n\u2022   \u00c7ift ki\u015filik yatak ba\u015fl\u0131\u011f\u0131\n\u2022   160 cm yatak ba\u015fl\u0131\u011f\u0131<\/code><\/pre>\n\n<p>Bu yatak ba\u015fl\u0131klar\u0131 sayesinde, yatak odan\u0131zda sadece g\u00f6rsel bir \u015f\u0131kl\u0131k de\u011fil, ayn\u0131 zamanda do\u011fal ve huzurlu bir atmosfer de yakalayacaks\u0131n\u0131z.<\/p>\n\n<p>Do\u011fall\u0131\u011f\u0131n \u0130\u00e7inde Zarafet: Rattan\u2019\u0131n B\u00fcy\u00fcs\u00fc<\/p>\n\n<p>Rattan, yaln\u0131zca bir dekorasyon malzemesi de\u011fil; ayn\u0131 zamanda binlerce y\u0131ll\u0131k bir hik\u00e2yenin temsilcisidir. Tropik b\u00f6lgelerin bereketli ormanlar\u0131ndan gelen bu \u00f6zel bitki, s\u0131cak iklimlerde yeti\u015fir ve her lifinde do\u011fan\u0131n izini ta\u015f\u0131r. Bu y\u00fczden Rattan baza ba\u015fl\u0131\u011f\u0131 veya Rattan yatak ba\u015fl\u0131\u011f\u0131 kulland\u0131\u011f\u0131n\u0131zda, asl\u0131nda do\u011fan\u0131n enerjisini evinize davet etmi\u015f olursunuz.<\/p>\n\n<p>\u00dcstelik her bir par\u00e7a, ustalar\u0131n elinden \u00e7\u0131kma, \u00f6zg\u00fcn ve ki\u015fisel bir dokunu\u015fla \u015fekillenir. Her Rattan yatak ba\u015fl\u0131\u011f\u0131, adeta bir sanat eseri gibi, her mek\u00e2na kendine has bir ruh katar.<\/p>\n\n<p>Bali Dekor\u2019a U\u011fray\u0131n!<\/p>\n\n<p>E\u011fer siz de yatak odan\u0131zda hafif, pratik, ta\u015f\u0131nabilir, do\u011fal ve s\u00fcrd\u00fcr\u00fclebilir bir dokunu\u015f ar\u0131yorsan\u0131z, Bali Dekor Bak\u0131rk\u00f6y\u2019e mutlaka u\u011fray\u0131n.<br \/>Adres: Kartaltepe Mahallesi, Ru\u015fen Bey Sokak, No:14\/B, Bak\u0131rk\u00f6y, \u0130stanbul<br \/>Telefon: 0532-563-3795<\/p>\n\n<p>Instagram sayfam\u0131zdan ve ma\u011fazam\u0131zdan en yeni \u00fcr\u00fcnlerimizi takip edebilir, yatak odan\u0131za \u00f6zel rattan dokunu\u015flar\u0131 ke\u015ffedebilirsiniz.<\/p>\n\t\t\t\t\t\t\t\t<\/div>\n\t\t\t\t<\/div>\n\t\t\t\t\t<\/div>\n\t\t\t\t<\/div>\n\t\t\t\t<\/div>","protected":false},"excerpt":{"rendered":"<p>Yatak odas\u0131, evimizin en \u00f6zel alanlar\u0131ndan biridir. Buras\u0131 sadece uykuya dald\u0131\u011f\u0131m\u0131z bir yer de\u011fil, ayn\u0131 zamanda enerjimizi yeniledi\u011fimiz, ruhumuzu dinlendirdi\u011fimiz ve g\u00fcn\u00fcn yorgunlu\u011funu geride b\u0131rakt\u0131\u011f\u0131m\u0131z ki\u015fisel bir s\u0131\u011f\u0131nakt\u0131r. \u0130\u015fte tam da bu noktada, yatak odas\u0131 dekorasyonunda do\u011fal ve hafif malzemelerin \u00f6nemi giderek art\u0131yor. \u00d6zellikle Rattan yatak ba\u015fl\u0131klar\u0131, hem estetik hem fonksiyonellik a\u00e7\u0131s\u0131ndan benzersiz avantajlar sunuyor. [&hellip;]<\/p>","protected":false},"author":6,"featured_media":1946,"comment_status":"open","ping_status":"open","sticky":false,"template":"","format":"standard","meta":{"_monsterinsights_skip_tracking":false,"_monsterinsights_sitenote_active":false,"_monsterinsights_sitenote_note":"","_monsterinsights_sitenote_category":0,"footnotes":""},"categories":[369],"tags":[],"class_list":["post-1944","post","type-post","status-publish","format-standard","has-post-thumbnail","hentry","category-rattan-dekorasyon"],"yoast_head":"<!-- This site is optimized with the Yoast SEO plugin v26.7 - https:\/\/yoast.com\/wordpress\/plugins\/seo\/ -->\n<title>Do\u011fall\u0131\u011f\u0131n ve Zarafetin Simgesi: Rattan Yatak Ba\u015fl\u0131klar\u0131 ile Yatak Odalar\u0131nda Hafiflik ve Ferahl\u0131k - Bali Decor<\/title>\n<meta name=\"description\" content=\"\u00d6zellikle Rattan yatak ba\u015fl\u0131klar\u0131, hem estetik hem fonksiyonellik a\u00e7\u0131s\u0131ndan benzersiz avantajlar sunuyor.\" \/>\n<meta name=\"robots\" content=\"index, follow, max-snippet:-1, max-image-preview:large, max-video-preview:-1\" \/>\n<link rel=\"canonical\" href=\"https:\/\/balidecor.net\/en\/rattan-dekorasyon\/dogalligin-ve-zarafetin-simgesi-rattan-yatak-basliklari-ile-yatak-odalarinda-hafiflik-ve-ferahlik\/\" \/>\n<meta property=\"og:locale\" content=\"en_US\" \/>\n<meta property=\"og:type\" content=\"article\" \/>\n<meta property=\"og:title\" content=\"Do\u011fall\u0131\u011f\u0131n ve Zarafetin Simgesi: Rattan Yatak Ba\u015fl\u0131klar\u0131 ile Yatak Odalar\u0131nda Hafiflik ve Ferahl\u0131k - Bali Decor\" \/>\n<meta property=\"og:description\" content=\"\u00d6zellikle Rattan yatak ba\u015fl\u0131klar\u0131, hem estetik hem fonksiyonellik a\u00e7\u0131s\u0131ndan benzersiz avantajlar sunuyor.\" \/>\n<meta property=\"og:url\" content=\"https:\/\/balidecor.net\/en\/rattan-dekorasyon\/dogalligin-ve-zarafetin-simgesi-rattan-yatak-basliklari-ile-yatak-odalarinda-hafiflik-ve-ferahlik\/\" \/>\n<meta property=\"og:site_name\" content=\"Bali Decor\" \/>\n<meta property=\"article:published_time\" content=\"2025-07-03T07:39:01+00:00\" \/>\n<meta property=\"article:modified_time\" content=\"2026-01-23T07:05:39+00:00\" \/>\n<meta property=\"og:image\" content=\"https:\/\/balidecor.net\/wp-content\/uploads\/2025\/07\/Photoroom_20250508_130247-e1751527412851.jpg\" \/>\n\t<meta property=\"og:image:width\" content=\"1495\" \/>\n\t<meta property=\"og:image:height\" content=\"1747\" \/>\n\t<meta property=\"og:image:type\" content=\"image\/jpeg\" \/>\n<meta name=\"author\" content=\"Verda\" \/>\n<meta name=\"twitter:card\" content=\"summary_large_image\" \/>\n<meta name=\"twitter:label1\" content=\"Written by\" \/>\n\t<meta name=\"twitter:data1\" content=\"Verda\" \/>\n\t<meta name=\"twitter:label2\" content=\"Est. reading time\" \/>\n\t<meta name=\"twitter:data2\" content=\"3 minutes\" \/>\n<script type=\"application\/ld+json\" class=\"yoast-schema-graph\">{\"@context\":\"https:\/\/schema.org\",\"@graph\":[{\"@type\":\"Article\",\"@id\":\"https:\/\/balidecor.net\/rattan-dekorasyon\/dogalligin-ve-zarafetin-simgesi-rattan-yatak-basliklari-ile-yatak-odalarinda-hafiflik-ve-ferahlik\/#article\",\"isPartOf\":{\"@id\":\"https:\/\/balidecor.net\/rattan-dekorasyon\/dogalligin-ve-zarafetin-simgesi-rattan-yatak-basliklari-ile-yatak-odalarinda-hafiflik-ve-ferahlik\/\"},\"author\":{\"name\":\"Verda\",\"@id\":\"https:\/\/balidecor.net\/#\/schema\/person\/5894ed19f8915a9018748da97b30cbd0\"},\"headline\":\"Do\u011fall\u0131\u011f\u0131n ve Zarafetin Simgesi: Rattan Yatak Ba\u015fl\u0131klar\u0131 ile Yatak Odalar\u0131nda Hafiflik ve Ferahl\u0131k\",\"datePublished\":\"2025-07-03T07:39:01+00:00\",\"dateModified\":\"2026-01-23T07:05:39+00:00\",\"mainEntityOfPage\":{\"@id\":\"https:\/\/balidecor.net\/rattan-dekorasyon\/dogalligin-ve-zarafetin-simgesi-rattan-yatak-basliklari-ile-yatak-odalarinda-hafiflik-ve-ferahlik\/\"},\"wordCount\":654,\"commentCount\":0,\"publisher\":{\"@id\":\"https:\/\/balidecor.net\/#organization\"},\"image\":{\"@id\":\"https:\/\/balidecor.net\/rattan-dekorasyon\/dogalligin-ve-zarafetin-simgesi-rattan-yatak-basliklari-ile-yatak-odalarinda-hafiflik-ve-ferahlik\/#primaryimage\"},\"thumbnailUrl\":\"https:\/\/balidecor.net\/wp-content\/uploads\/2025\/07\/Photoroom_20250508_130247-e1751527412851.jpg\",\"articleSection\":[\"Rattan\"],\"inLanguage\":\"en-US\",\"potentialAction\":[{\"@type\":\"CommentAction\",\"name\":\"Comment\",\"target\":[\"https:\/\/balidecor.net\/rattan-dekorasyon\/dogalligin-ve-zarafetin-simgesi-rattan-yatak-basliklari-ile-yatak-odalarinda-hafiflik-ve-ferahlik\/#respond\"]}]},{\"@type\":\"WebPage\",\"@id\":\"https:\/\/balidecor.net\/rattan-dekorasyon\/dogalligin-ve-zarafetin-simgesi-rattan-yatak-basliklari-ile-yatak-odalarinda-hafiflik-ve-ferahlik\/\",\"url\":\"https:\/\/balidecor.net\/rattan-dekorasyon\/dogalligin-ve-zarafetin-simgesi-rattan-yatak-basliklari-ile-yatak-odalarinda-hafiflik-ve-ferahlik\/\",\"name\":\"Do\u011fall\u0131\u011f\u0131n ve Zarafetin Simgesi: Rattan Yatak Ba\u015fl\u0131klar\u0131 ile Yatak Odalar\u0131nda Hafiflik ve Ferahl\u0131k - Bali Decor\",\"isPartOf\":{\"@id\":\"https:\/\/balidecor.net\/#website\"},\"primaryImageOfPage\":{\"@id\":\"https:\/\/balidecor.net\/rattan-dekorasyon\/dogalligin-ve-zarafetin-simgesi-rattan-yatak-basliklari-ile-yatak-odalarinda-hafiflik-ve-ferahlik\/#primaryimage\"},\"image\":{\"@id\":\"https:\/\/balidecor.net\/rattan-dekorasyon\/dogalligin-ve-zarafetin-simgesi-rattan-yatak-basliklari-ile-yatak-odalarinda-hafiflik-ve-ferahlik\/#primaryimage\"},\"thumbnailUrl\":\"https:\/\/balidecor.net\/wp-content\/uploads\/2025\/07\/Photoroom_20250508_130247-e1751527412851.jpg\",\"datePublished\":\"2025-07-03T07:39:01+00:00\",\"dateModified\":\"2026-01-23T07:05:39+00:00\",\"description\":\"\u00d6zellikle Rattan yatak ba\u015fl\u0131klar\u0131, hem estetik hem fonksiyonellik a\u00e7\u0131s\u0131ndan benzersiz avantajlar sunuyor.\",\"breadcrumb\":{\"@id\":\"https:\/\/balidecor.net\/rattan-dekorasyon\/dogalligin-ve-zarafetin-simgesi-rattan-yatak-basliklari-ile-yatak-odalarinda-hafiflik-ve-ferahlik\/#breadcrumb\"},\"inLanguage\":\"en-US\",\"potentialAction\":[{\"@type\":\"ReadAction\",\"target\":[\"https:\/\/balidecor.net\/rattan-dekorasyon\/dogalligin-ve-zarafetin-simgesi-rattan-yatak-basliklari-ile-yatak-odalarinda-hafiflik-ve-ferahlik\/\"]}]},{\"@type\":\"ImageObject\",\"inLanguage\":\"en-US\",\"@id\":\"https:\/\/balidecor.net\/rattan-dekorasyon\/dogalligin-ve-zarafetin-simgesi-rattan-yatak-basliklari-ile-yatak-odalarinda-hafiflik-ve-ferahlik\/#primaryimage\",\"url\":\"https:\/\/balidecor.net\/wp-content\/uploads\/2025\/07\/Photoroom_20250508_130247-e1751527412851.jpg\",\"contentUrl\":\"https:\/\/balidecor.net\/wp-content\/uploads\/2025\/07\/Photoroom_20250508_130247-e1751527412851.jpg\",\"width\":1495,\"height\":1747,\"caption\":\"El i\u015f\u00e7ili\u011fiyle \u00fcretilmi\u015f do\u011fal rattan 160 cm yatak ba\u015fl\u0131\u011f\u0131 \u2013 Bali Dekor\"},{\"@type\":\"BreadcrumbList\",\"@id\":\"https:\/\/balidecor.net\/rattan-dekorasyon\/dogalligin-ve-zarafetin-simgesi-rattan-yatak-basliklari-ile-yatak-odalarinda-hafiflik-ve-ferahlik\/#breadcrumb\",\"itemListElement\":[{\"@type\":\"ListItem\",\"position\":1,\"name\":\"Ev\",\"item\":\"https:\/\/balidecor.net\/\"},{\"@type\":\"ListItem\",\"position\":2,\"name\":\"Rattan\",\"item\":\"https:\/\/balidecor.net\/blog\/rattan-dekorasyon\/\"},{\"@type\":\"ListItem\",\"position\":3,\"name\":\"Do\u011fall\u0131\u011f\u0131n ve Zarafetin Simgesi: Rattan Yatak Ba\u015fl\u0131klar\u0131 ile Yatak Odalar\u0131nda Hafiflik ve Ferahl\u0131k\"}]},{\"@type\":\"WebSite\",\"@id\":\"https:\/\/balidecor.net\/#website\",\"url\":\"https:\/\/balidecor.net\/\",\"name\":\"Bali Decor\",\"description\":\"\",\"publisher\":{\"@id\":\"https:\/\/balidecor.net\/#organization\"},\"potentialAction\":[{\"@type\":\"SearchAction\",\"target\":{\"@type\":\"EntryPoint\",\"urlTemplate\":\"https:\/\/balidecor.net\/?s={search_term_string}\"},\"query-input\":{\"@type\":\"PropertyValueSpecification\",\"valueRequired\":true,\"valueName\":\"search_term_string\"}}],\"inLanguage\":\"en-US\"},{\"@type\":\"Organization\",\"@id\":\"https:\/\/balidecor.net\/#organization\",\"name\":\"Bali Decor\",\"url\":\"https:\/\/balidecor.net\/\",\"logo\":{\"@type\":\"ImageObject\",\"inLanguage\":\"en-US\",\"@id\":\"https:\/\/balidecor.net\/#\/schema\/logo\/image\/\",\"url\":\"https:\/\/balidecor.net\/wp-content\/uploads\/2024\/02\/cropped-cropped-cropped-Rectangle-3-1-1-2.png\",\"contentUrl\":\"https:\/\/balidecor.net\/wp-content\/uploads\/2024\/02\/cropped-cropped-cropped-Rectangle-3-1-1-2.png\",\"width\":149,\"height\":109,\"caption\":\"Bali Decor\"},\"image\":{\"@id\":\"https:\/\/balidecor.net\/#\/schema\/logo\/image\/\"},\"sameAs\":[\"https:\/\/www.instagram.com\/baliidecor\"]},{\"@type\":\"Person\",\"@id\":\"https:\/\/balidecor.net\/#\/schema\/person\/5894ed19f8915a9018748da97b30cbd0\",\"name\":\"Verda\",\"image\":{\"@type\":\"ImageObject\",\"inLanguage\":\"en-US\",\"@id\":\"https:\/\/balidecor.net\/#\/schema\/person\/image\/\",\"url\":\"https:\/\/secure.gravatar.com\/avatar\/c0551e5cc12c483aae0da052cda1e3829236976522aba16a17de9b2ebf4324eb?s=96&d=mm&r=g\",\"contentUrl\":\"https:\/\/secure.gravatar.com\/avatar\/c0551e5cc12c483aae0da052cda1e3829236976522aba16a17de9b2ebf4324eb?s=96&d=mm&r=g\",\"caption\":\"Verda\"},\"url\":\"https:\/\/balidecor.net\/en\/author\/verda\/\"}]}<\/script>\n<!-- \/ Yoast SEO plugin. -->","yoast_head_json":{"title":"Do\u011fall\u0131\u011f\u0131n ve Zarafetin Simgesi: Rattan Yatak Ba\u015fl\u0131klar\u0131 ile Yatak Odalar\u0131nda Hafiflik ve Ferahl\u0131k - Bali Decor","description":"\u00d6zellikle Rattan yatak ba\u015fl\u0131klar\u0131, hem estetik hem fonksiyonellik a\u00e7\u0131s\u0131ndan benzersiz avantajlar sunuyor.","robots":{"index":"index","follow":"follow","max-snippet":"max-snippet:-1","max-image-preview":"max-image-preview:large","max-video-preview":"max-video-preview:-1"},"canonical":"https:\/\/balidecor.net\/en\/rattan-dekorasyon\/dogalligin-ve-zarafetin-simgesi-rattan-yatak-basliklari-ile-yatak-odalarinda-hafiflik-ve-ferahlik\/","og_locale":"en_US","og_type":"article","og_title":"Do\u011fall\u0131\u011f\u0131n ve Zarafetin Simgesi: Rattan Yatak Ba\u015fl\u0131klar\u0131 ile Yatak Odalar\u0131nda Hafiflik ve Ferahl\u0131k - Bali Decor","og_description":"\u00d6zellikle Rattan yatak ba\u015fl\u0131klar\u0131, hem estetik hem fonksiyonellik a\u00e7\u0131s\u0131ndan benzersiz avantajlar sunuyor.","og_url":"https:\/\/balidecor.net\/en\/rattan-dekorasyon\/dogalligin-ve-zarafetin-simgesi-rattan-yatak-basliklari-ile-yatak-odalarinda-hafiflik-ve-ferahlik\/","og_site_name":"Bali Decor","article_published_time":"2025-07-03T07:39:01+00:00","article_modified_time":"2026-01-23T07:05:39+00:00","og_image":[{"width":1495,"height":1747,"url":"https:\/\/balidecor.net\/wp-content\/uploads\/2025\/07\/Photoroom_20250508_130247-e1751527412851.jpg","type":"image\/jpeg"}],"author":"Verda","twitter_card":"summary_large_image","twitter_misc":{"Written by":"Verda","Est. reading time":"3 minutes"},"schema":{"@context":"https:\/\/schema.org","@graph":[{"@type":"Article","@id":"https:\/\/balidecor.net\/rattan-dekorasyon\/dogalligin-ve-zarafetin-simgesi-rattan-yatak-basliklari-ile-yatak-odalarinda-hafiflik-ve-ferahlik\/#article","isPartOf":{"@id":"https:\/\/balidecor.net\/rattan-dekorasyon\/dogalligin-ve-zarafetin-simgesi-rattan-yatak-basliklari-ile-yatak-odalarinda-hafiflik-ve-ferahlik\/"},"author":{"name":"Verda","@id":"https:\/\/balidecor.net\/#\/schema\/person\/5894ed19f8915a9018748da97b30cbd0"},"headline":"Do\u011fall\u0131\u011f\u0131n ve Zarafetin Simgesi: Rattan Yatak Ba\u015fl\u0131klar\u0131 ile Yatak Odalar\u0131nda Hafiflik ve Ferahl\u0131k","datePublished":"2025-07-03T07:39:01+00:00","dateModified":"2026-01-23T07:05:39+00:00","mainEntityOfPage":{"@id":"https:\/\/balidecor.net\/rattan-dekorasyon\/dogalligin-ve-zarafetin-simgesi-rattan-yatak-basliklari-ile-yatak-odalarinda-hafiflik-ve-ferahlik\/"},"wordCount":654,"commentCount":0,"publisher":{"@id":"https:\/\/balidecor.net\/#organization"},"image":{"@id":"https:\/\/balidecor.net\/rattan-dekorasyon\/dogalligin-ve-zarafetin-simgesi-rattan-yatak-basliklari-ile-yatak-odalarinda-hafiflik-ve-ferahlik\/#primaryimage"},"thumbnailUrl":"https:\/\/balidecor.net\/wp-content\/uploads\/2025\/07\/Photoroom_20250508_130247-e1751527412851.jpg","articleSection":["Rattan"],"inLanguage":"en-US","potentialAction":[{"@type":"CommentAction","name":"Comment","target":["https:\/\/balidecor.net\/rattan-dekorasyon\/dogalligin-ve-zarafetin-simgesi-rattan-yatak-basliklari-ile-yatak-odalarinda-hafiflik-ve-ferahlik\/#respond"]}]},{"@type":"WebPage","@id":"https:\/\/balidecor.net\/rattan-dekorasyon\/dogalligin-ve-zarafetin-simgesi-rattan-yatak-basliklari-ile-yatak-odalarinda-hafiflik-ve-ferahlik\/","url":"https:\/\/balidecor.net\/rattan-dekorasyon\/dogalligin-ve-zarafetin-simgesi-rattan-yatak-basliklari-ile-yatak-odalarinda-hafiflik-ve-ferahlik\/","name":"Do\u011fall\u0131\u011f\u0131n ve Zarafetin Simgesi: Rattan Yatak Ba\u015fl\u0131klar\u0131 ile Yatak Odalar\u0131nda Hafiflik ve Ferahl\u0131k - Bali Decor","isPartOf":{"@id":"https:\/\/balidecor.net\/#website"},"primaryImageOfPage":{"@id":"https:\/\/balidecor.net\/rattan-dekorasyon\/dogalligin-ve-zarafetin-simgesi-rattan-yatak-basliklari-ile-yatak-odalarinda-hafiflik-ve-ferahlik\/#primaryimage"},"image":{"@id":"https:\/\/balidecor.net\/rattan-dekorasyon\/dogalligin-ve-zarafetin-simgesi-rattan-yatak-basliklari-ile-yatak-odalarinda-hafiflik-ve-ferahlik\/#primaryimage"},"thumbnailUrl":"https:\/\/balidecor.net\/wp-content\/uploads\/2025\/07\/Photoroom_20250508_130247-e1751527412851.jpg","datePublished":"2025-07-03T07:39:01+00:00","dateModified":"2026-01-23T07:05:39+00:00","description":"\u00d6zellikle Rattan yatak ba\u015fl\u0131klar\u0131, hem estetik hem fonksiyonellik a\u00e7\u0131s\u0131ndan benzersiz avantajlar sunuyor.","breadcrumb":{"@id":"https:\/\/balidecor.net\/rattan-dekorasyon\/dogalligin-ve-zarafetin-simgesi-rattan-yatak-basliklari-ile-yatak-odalarinda-hafiflik-ve-ferahlik\/#breadcrumb"},"inLanguage":"en-US","potentialAction":[{"@type":"ReadAction","target":["https:\/\/balidecor.net\/rattan-dekorasyon\/dogalligin-ve-zarafetin-simgesi-rattan-yatak-basliklari-ile-yatak-odalarinda-hafiflik-ve-ferahlik\/"]}]},{"@type":"ImageObject","inLanguage":"en-US","@id":"https:\/\/balidecor.net\/rattan-dekorasyon\/dogalligin-ve-zarafetin-simgesi-rattan-yatak-basliklari-ile-yatak-odalarinda-hafiflik-ve-ferahlik\/#primaryimage","url":"https:\/\/balidecor.net\/wp-content\/uploads\/2025\/07\/Photoroom_20250508_130247-e1751527412851.jpg","contentUrl":"https:\/\/balidecor.net\/wp-content\/uploads\/2025\/07\/Photoroom_20250508_130247-e1751527412851.jpg","width":1495,"height":1747,"caption":"El i\u015f\u00e7ili\u011fiyle \u00fcretilmi\u015f do\u011fal rattan 160 cm yatak ba\u015fl\u0131\u011f\u0131 \u2013 Bali Dekor"},{"@type":"BreadcrumbList","@id":"https:\/\/balidecor.net\/rattan-dekorasyon\/dogalligin-ve-zarafetin-simgesi-rattan-yatak-basliklari-ile-yatak-odalarinda-hafiflik-ve-ferahlik\/#breadcrumb","itemListElement":[{"@type":"ListItem","position":1,"name":"Ev","item":"https:\/\/balidecor.net\/"},{"@type":"ListItem","position":2,"name":"Rattan","item":"https:\/\/balidecor.net\/blog\/rattan-dekorasyon\/"},{"@type":"ListItem","position":3,"name":"Do\u011fall\u0131\u011f\u0131n ve Zarafetin Simgesi: Rattan Yatak Ba\u015fl\u0131klar\u0131 ile Yatak Odalar\u0131nda Hafiflik ve Ferahl\u0131k"}]},{"@type":"WebSite","@id":"https:\/\/balidecor.net\/#website","url":"https:\/\/balidecor.net\/","name":"Bali Decor","description":"","publisher":{"@id":"https:\/\/balidecor.net\/#organization"},"potentialAction":[{"@type":"SearchAction","target":{"@type":"EntryPoint","urlTemplate":"https:\/\/balidecor.net\/?s={search_term_string}"},"query-input":{"@type":"PropertyValueSpecification","valueRequired":true,"valueName":"search_term_string"}}],"inLanguage":"en-US"},{"@type":"Organization","@id":"https:\/\/balidecor.net\/#organization","name":"Bali Decor","url":"https:\/\/balidecor.net\/","logo":{"@type":"ImageObject","inLanguage":"en-US","@id":"https:\/\/balidecor.net\/#\/schema\/logo\/image\/","url":"https:\/\/balidecor.net\/wp-content\/uploads\/2024\/02\/cropped-cropped-cropped-Rectangle-3-1-1-2.png","contentUrl":"https:\/\/balidecor.net\/wp-content\/uploads\/2024\/02\/cropped-cropped-cropped-Rectangle-3-1-1-2.png","width":149,"height":109,"caption":"Bali Decor"},"image":{"@id":"https:\/\/balidecor.net\/#\/schema\/logo\/image\/"},"sameAs":["https:\/\/www.instagram.com\/baliidecor"]},{"@type":"Person","@id":"https:\/\/balidecor.net\/#\/schema\/person\/5894ed19f8915a9018748da97b30cbd0","name":"Verda","image":{"@type":"ImageObject","inLanguage":"en-US","@id":"https:\/\/balidecor.net\/#\/schema\/person\/image\/","url":"https:\/\/secure.gravatar.com\/avatar\/c0551e5cc12c483aae0da052cda1e3829236976522aba16a17de9b2ebf4324eb?s=96&d=mm&r=g","contentUrl":"https:\/\/secure.gravatar.com\/avatar\/c0551e5cc12c483aae0da052cda1e3829236976522aba16a17de9b2ebf4324eb?s=96&d=mm&r=g","caption":"Verda"},"url":"https:\/\/balidecor.net\/en\/author\/verda\/"}]}},"_links":{"self":[{"href":"https:\/\/balidecor.net\/en\/wp-json\/wp\/v2\/posts\/1944","targetHints":{"allow":["GET"]}}],"collection":[{"href":"https:\/\/balidecor.net\/en\/wp-json\/wp\/v2\/posts"}],"about":[{"href":"https:\/\/balidecor.net\/en\/wp-json\/wp\/v2\/types\/post"}],"author":[{"embeddable":true,"href":"https:\/\/balidecor.net\/en\/wp-json\/wp\/v2\/users\/6"}],"replies":[{"embeddable":true,"href":"https:\/\/balidecor.net\/en\/wp-json\/wp\/v2\/comments?post=1944"}],"version-history":[{"count":5,"href":"https:\/\/balidecor.net\/en\/wp-json\/wp\/v2\/posts\/1944\/revisions"}],"predecessor-version":[{"id":3179,"href":"https:\/\/balidecor.net\/en\/wp-json\/wp\/v2\/posts\/1944\/revisions\/3179"}],"wp:featuredmedia":[{"embeddable":true,"href":"https:\/\/balidecor.net\/en\/wp-json\/wp\/v2\/media\/1946"}],"wp:attachment":[{"href":"https:\/\/balidecor.net\/en\/wp-json\/wp\/v2\/media?parent=1944"}],"wp:term":[{"taxonomy":"category","embeddable":true,"href":"https:\/\/balidecor.net\/en\/wp-json\/wp\/v2\/categories?post=1944"},{"taxonomy":"post_tag","embeddable":true,"href":"https:\/\/balidecor.net\/en\/wp-json\/wp\/v2\/tags?post=1944"}],"curies":[{"name":"wp","href":"https:\/\/api.w.org\/{rel}","templated":true}]}}