{"id":1952,"date":"2025-07-08T12:50:26","date_gmt":"2025-07-08T12:50:26","guid":{"rendered":"https:\/\/balidecor.net\/?p=1952"},"modified":"2025-07-08T13:02:56","modified_gmt":"2025-07-08T13:02:56","slug":"turkiyede-yaz-kampanyalari-neden-bu-kadar-seviliyorbali-decordan-buyuk-indirim-firsatlari","status":"publish","type":"post","link":"https:\/\/balidecor.net\/en\/mobilya\/turkiyede-yaz-kampanyalari-neden-bu-kadar-seviliyorbali-decordan-buyuk-indirim-firsatlari\/","title":{"rendered":"T\u00fcrkiye\u2019de Yaz Kampanyalar\u0131 Neden Bu Kadar Seviliyor?Bali Decor\u2019dan B\u00fcy\u00fck \u0130ndirim F\u0131rsatlar\u0131!"},"content":{"rendered":"<div data-elementor-type=\"wp-post\" data-elementor-id=\"1952\" class=\"elementor elementor-1952\" data-elementor-settings=\"{&quot;ha_cmc_init_switcher&quot;:&quot;no&quot;}\" data-elementor-post-type=\"post\">\n\t\t\t\t<div class=\"elementor-element elementor-element-e5abb27 e-flex e-con-boxed e-con e-parent\" data-id=\"e5abb27\" data-element_type=\"container\" data-settings=\"{&quot;_ha_eqh_enable&quot;:false}\">\n\t\t\t\t\t<div class=\"e-con-inner\">\n\t\t\t\t<div class=\"elementor-element elementor-element-10aea86c elementor-widget elementor-widget-text-editor\" data-id=\"10aea86c\" data-element_type=\"widget\" data-widget_type=\"text-editor.default\">\n\t\t\t\t<div class=\"elementor-widget-container\">\n\t\t\t\t\t\t\t\t\t\n<p>T\u00fcrkiye\u2019de her yaz, sab\u0131rs\u0131zl\u0131kla beklenen kampanyalar aras\u0131nda \u00f6zellikle yaz kampanyalar\u0131 ba\u015f\u0131 \u00e7ekiyor.<br \/>Hem evinde de\u011fi\u015fiklik yapmak isteyenler hem de dekorasyon tutkunlar\u0131 i\u00e7in bu d\u00f6nem, ka\u00e7\u0131r\u0131lmayacak f\u0131rsatlar sunuyor.<\/p>\n\n<p>\u00d6zellikle bohem ve \u0130skandinav tarz\u0131 dekorasyon \u00fcr\u00fcnleri arayanlar i\u00e7in yaz kampanyalar\u0131, benzersiz bir al\u0131\u015fveri\u015f zaman\u0131!<br \/>\u00dcstelik bu y\u0131l, Trendyol ba\u015fta olmak \u00fczere bir\u00e7ok platformda, \u00e7ok geni\u015f \u00fcr\u00fcn yelpazesiyle b\u00fcy\u00fck kampanyalar ba\u015flad\u0131.<\/p>\n\n<p>Trendyol Yaz Kampanyalar\u0131yla Do\u011fal Dokunu\u015flar Evinizde!<\/p>\n\n<p>T\u00fcrkiye\u2019nin en pop\u00fcler al\u0131\u015fveri\u015f platformlar\u0131ndan biri olan Trendyol, yaz kampanyalar\u0131nda \u00f6ne \u00e7\u0131kmaya devam ediyor.<br \/>Birbirinden \u015f\u0131k \u00fcr\u00fcnleri uygun fiyatlarla sunan Trendyol\u2019da, art\u0131k Bali Decor \u00fcr\u00fcnleri de avantajl\u0131 fiyatlarla sat\u0131\u015fta!<\/p>\n\n<p>Bali Decor Yaz Kampanyas\u0131nda Neler Var?<\/p>\n\n<div class=\"mceTemp\"><a href=\"https:\/\/balidecor.net\/wp-content\/uploads\/2025\/07\/Photoroom_20250704_140014.jpg\"><img fetchpriority=\"high\" decoding=\"async\" class=\"size-medium wp-image-1954\" src=\"https:\/\/balidecor.net\/wp-content\/uploads\/2025\/07\/Photoroom_20250704_140014-225x300.jpg\" alt=\"rattam boy aynas\u0131\" width=\"225\" height=\"300\" srcset=\"https:\/\/balidecor.net\/wp-content\/uploads\/2025\/07\/Photoroom_20250704_140014-225x300.jpg 225w, https:\/\/balidecor.net\/wp-content\/uploads\/2025\/07\/Photoroom_20250704_140014-768x1024.jpg 768w, https:\/\/balidecor.net\/wp-content\/uploads\/2025\/07\/Photoroom_20250704_140014-1152x1536.jpg 1152w, https:\/\/balidecor.net\/wp-content\/uploads\/2025\/07\/Photoroom_20250704_140014-1536x2048.jpg 1536w, https:\/\/balidecor.net\/wp-content\/uploads\/2025\/07\/Photoroom_20250704_140014-600x800.jpg 600w, https:\/\/balidecor.net\/wp-content\/uploads\/2025\/07\/Photoroom_20250704_140014.jpg 1800w\" sizes=\"(max-width: 225px) 100vw, 225px\" \/><\/a>\n<ul id=\"attachment_1954\" class=\"wp-caption alignnone\" style=\"width: 225px;\">bohem ev i\u00e7in her\u015fey Bali Decor Ma\u011fazam\u0131zda sizleri bekliyor<\/ul>\n<\/div>\n<p>Biz, Bali Decor olarak \u00f6zellikle do\u011fal, bohem ve \u0130skandinav tarz\u0131 dekorasyon severlere \u00f6zel \u00fcr\u00fcnleri yaz kampanyas\u0131na dahil ettik.<br \/>\u0130\u015fte kampanyam\u0131zda \u00f6ne \u00e7\u0131kan baz\u0131 \u00fcr\u00fcnlerimiz:<\/p>\n\n<pre class=\"wp-block-code\"><code>\u2022   %100 do\u011fal rattan ve bambu yatak ba\u015fl\u0131klar\u0131 (\u00d6zellikle \u00e7ift ki\u015filik, 160 cm boyutunda modeller)\n\u2022   \u015e\u0131k ve do\u011fal rattan sehpalar, orta sehpalar\n\u2022   Zarif ve sade bambu ve rattan boy aynalar\u0131\n\u2022   El yap\u0131m\u0131 masif ah\u015fap aynalar ve simetrik ayna \u00e7e\u015fitleri\n\u2022   Do\u011fal malzemelerden \u00fcretilmi\u015f rattan sandalyeler ve oturma gruplar\u0131<\/code><\/pre>\n\n<p>T\u00fcm bu \u00fcr\u00fcnler \u015fu anda b\u00fcy\u00fck indirimlerle sat\u0131\u015fta! \u00dcstelik tamam\u0131 el i\u015f\u00e7ili\u011fi \u00fcr\u00fcnler olup, s\u00fcrd\u00fcr\u00fclebilir ve do\u011fal malzemelerden \u00fcretiliyor.<br \/>Dekorasyonunuza do\u011fan\u0131n s\u0131cakl\u0131\u011f\u0131n\u0131 ve ferahl\u0131\u011f\u0131n\u0131 ta\u015f\u0131mak i\u00e7in harika bir f\u0131rsat!<\/p>\n\n<figure id=\"attachment_1507\" aria-describedby=\"caption-attachment-1507\" style=\"width: 195px\" class=\"wp-caption alignnone\"><a href=\"https:\/\/balidecor.net\/wp-content\/uploads\/2024\/12\/zs1.png\"><img decoding=\"async\" class=\"size-medium wp-image-1507\" src=\"https:\/\/balidecor.net\/wp-content\/uploads\/2024\/12\/zs1-195x300.png\" alt=\"\u00fc\u00e7l\u00fc rattan zigon yada orta sehpa\" width=\"195\" height=\"300\" srcset=\"https:\/\/balidecor.net\/wp-content\/uploads\/2024\/12\/zs1-195x300.png 195w, https:\/\/balidecor.net\/wp-content\/uploads\/2024\/12\/zs1.png 366w\" sizes=\"(max-width: 195px) 100vw, 195px\" \/><\/a><figcaption id=\"caption-attachment-1507\" class=\"wp-caption-text\">Rattan Yuvarlak \u00dc\u00e7l\u00fc Orta Sehpa<\/figcaption><\/figure>\n<p>Neden Bali Decor?<\/p>\n\n<p>Bali Decor olarak, y\u0131llard\u0131r Bak\u0131rk\u00f6y, \u0130stanbul ma\u011fazam\u0131zda do\u011fal dekorasyon \u00fcr\u00fcnleri sunuyoruz.<br \/>\u00dcr\u00fcnlerimizin tamam\u0131 el yap\u0131m\u0131 ve \u00e7evre dostu.<br \/>Do\u011fal rattan, bambu, driftwood ve masif ah\u015fap malzemelerle \u00fcretilen tasar\u0131mlar\u0131m\u0131z, bohem ve \u0130skandinav tarz\u0131 dekorasyon sevenlerin favorisi haline geldi.<\/p>\n\n<p>Hemen \u0130ndirimli \u00dcr\u00fcnlerimizi Ke\u015ffedin!<\/p>\n\n<p>T\u00fcm kampanya \u00fcr\u00fcnlerimizi g\u00f6rmek i\u00e7in ma\u011fazam\u0131z\u0131 ziyaret edebilirsiniz:<br \/>\ud83d\udc49 Trendyol Ma\u011fazam\u0131z\u0131 Ziyaret Etmek \u0130\u00e7in T\u0131klay\u0131n<a href=\"https:\/\/www.trendyol.com\/magaza\/bali-decor-m-822501?sst=0\">https:\/\/www.trendyol.com\/magaza\/bali-decor-m-822501?sst=0<\/a><\/p>\n\n<p>Ayr\u0131ca bizi Instagram\u2019dan da takip ederek yeni koleksiyonlar\u0131m\u0131zdan ve \u00f6zel indirimlerden an\u0131nda haberdar olabilirsiniz:<br \/>\ud83d\udc49 Instagram Sayfam\u0131z<a href=\"https:\/\/www.instagram.com\/baliidecor?igsh=MWpvdmEyMnZtcTVoNQ%3D%3D&amp;utm_source=qr\">https:\/\/www.instagram.com\/baliidecor?igsh=MWpvdmEyMnZtcTVoNQ%3D%3D&amp;utm_source=qr<\/a><\/p>\n\n<p>\u0130leti\u015fim ve Ma\u011faza Bilgilerimiz:<\/p>\n\n<p>Bali Decor \u2013 Do\u011fal ve Bohem Dekorasyon Ma\u011fazas\u0131<br \/>\ud83d\udccd Adres: Kartaltepe Mahallesi, Ru\u015fen Bey Sokak, No:14\/B, Bak\u0131rk\u00f6y, \u0130stanbul, T\u00fcrkiye<br \/>\ud83d\udcde Telefon: 0532 563 3795<br \/>\ud83d\udcac \u0130sterseniz hemen arayabilir veya ma\u011fazam\u0131z\u0131 ziyaret edebilirsiniz!<\/p>\n\n<p>Bohem ve \u0130skandinav Dekorasyon Tutkunlar\u0131na \u00d6zel<\/p>\n\n<p>E\u011fer siz de evinizde bohem ya da \u0130skandinav esintileri yaratmak, rattan, bambu, driftwood ve masif ah\u015fap gibi do\u011fal malzemelerden yap\u0131lm\u0131\u015f e\u015fsiz dekorasyon \u00fcr\u00fcnleriyle ya\u015fam alan\u0131n\u0131za \u00f6zg\u00fcn bir hava katmak istiyorsan\u0131z, Bali Decor sizin i\u00e7in en do\u011fru adres!<\/p>\n\n<p>\u00a0<\/p>\n\t\t\t\t\t\t\t\t<\/div>\n\t\t\t\t<\/div>\n\t\t\t\t\t<\/div>\n\t\t\t\t<\/div>\n\t\t\t\t<\/div>","protected":false},"excerpt":{"rendered":"<p>T\u00fcrkiye\u2019de her yaz, sab\u0131rs\u0131zl\u0131kla beklenen kampanyalar aras\u0131nda \u00f6zellikle yaz kampanyalar\u0131 ba\u015f\u0131 \u00e7ekiyor.Hem evinde de\u011fi\u015fiklik yapmak isteyenler hem de dekorasyon tutkunlar\u0131 i\u00e7in bu d\u00f6nem, ka\u00e7\u0131r\u0131lmayacak f\u0131rsatlar sunuyor. \u00d6zellikle bohem ve \u0130skandinav tarz\u0131 dekorasyon \u00fcr\u00fcnleri arayanlar i\u00e7in yaz kampanyalar\u0131, benzersiz bir al\u0131\u015fveri\u015f zaman\u0131!\u00dcstelik bu y\u0131l, Trendyol ba\u015fta olmak \u00fczere bir\u00e7ok platformda, \u00e7ok geni\u015f \u00fcr\u00fcn yelpazesiyle b\u00fcy\u00fck kampanyalar [&hellip;]<\/p>","protected":false},"author":6,"featured_media":0,"comment_status":"open","ping_status":"open","sticky":false,"template":"","format":"standard","meta":{"_monsterinsights_skip_tracking":false,"_monsterinsights_sitenote_active":false,"_monsterinsights_sitenote_note":"","_monsterinsights_sitenote_category":0,"footnotes":""},"categories":[54],"tags":[261,263,285,259,274,262],"class_list":["post-1952","post","type-post","status-publish","format-standard","hentry","category-mobilya","tag-bohem-ev-dekorasyonu","tag-masif-ahsap","tag-rattan-mobilya-modelleri","tag-rattan-sandalye","tag-su-sumbulu-bench","tag-tasarim-evler"],"yoast_head":"<!-- This site is optimized with the Yoast SEO plugin v26.7 - https:\/\/yoast.com\/wordpress\/plugins\/seo\/ -->\n<title>T\u00fcrkiye\u2019de Yaz Kampanyalar\u0131 Neden Bu Kadar Seviliyor?Bali Decor\u2019dan B\u00fcy\u00fck \u0130ndirim F\u0131rsatlar\u0131! - Bali Decor<\/title>\n<meta name=\"description\" content=\"Bali Decor\u2019un Trendyol ma\u011fazas\u0131nda yaz kampanyas\u0131 ba\u015flad\u0131! Rattan, bambu, masif ah\u015fap \u00fcr\u00fcnlerde b\u00fcy\u00fck indirim f\u0131rsatlar\u0131n\u0131 ka\u00e7\u0131rmay\u0131n.\" \/>\n<meta name=\"robots\" content=\"index, follow, max-snippet:-1, max-image-preview:large, max-video-preview:-1\" \/>\n<link rel=\"canonical\" href=\"https:\/\/balidecor.net\/en\/mobilya\/turkiyede-yaz-kampanyalari-neden-bu-kadar-seviliyorbali-decordan-buyuk-indirim-firsatlari\/\" \/>\n<meta property=\"og:locale\" content=\"en_US\" \/>\n<meta property=\"og:type\" content=\"article\" \/>\n<meta property=\"og:title\" content=\"T\u00fcrkiye\u2019de Yaz Kampanyalar\u0131 Neden Bu Kadar Seviliyor?Bali Decor\u2019dan B\u00fcy\u00fck \u0130ndirim F\u0131rsatlar\u0131! - Bali Decor\" \/>\n<meta property=\"og:description\" content=\"Bali Decor\u2019un Trendyol ma\u011fazas\u0131nda yaz kampanyas\u0131 ba\u015flad\u0131! Rattan, bambu, masif ah\u015fap \u00fcr\u00fcnlerde b\u00fcy\u00fck indirim f\u0131rsatlar\u0131n\u0131 ka\u00e7\u0131rmay\u0131n.\" \/>\n<meta property=\"og:url\" content=\"https:\/\/balidecor.net\/en\/mobilya\/turkiyede-yaz-kampanyalari-neden-bu-kadar-seviliyorbali-decordan-buyuk-indirim-firsatlari\/\" \/>\n<meta property=\"og:site_name\" content=\"Bali Decor\" \/>\n<meta property=\"article:published_time\" content=\"2025-07-08T12:50:26+00:00\" \/>\n<meta property=\"article:modified_time\" content=\"2025-07-08T13:02:56+00:00\" \/>\n<meta property=\"og:image\" content=\"https:\/\/balidecor.net\/wp-content\/uploads\/2025\/07\/Photoroom_20250704_140014-225x300.jpg\" \/>\n<meta name=\"author\" content=\"Verda\" \/>\n<meta name=\"twitter:card\" content=\"summary_large_image\" \/>\n<meta name=\"twitter:label1\" content=\"Written by\" \/>\n\t<meta name=\"twitter:data1\" content=\"Verda\" \/>\n\t<meta name=\"twitter:label2\" content=\"Est. reading time\" \/>\n\t<meta name=\"twitter:data2\" content=\"4 minutes\" \/>\n<script type=\"application\/ld+json\" class=\"yoast-schema-graph\">{\"@context\":\"https:\/\/schema.org\",\"@graph\":[{\"@type\":\"Article\",\"@id\":\"https:\/\/balidecor.net\/mobilya\/turkiyede-yaz-kampanyalari-neden-bu-kadar-seviliyorbali-decordan-buyuk-indirim-firsatlari\/#article\",\"isPartOf\":{\"@id\":\"https:\/\/balidecor.net\/mobilya\/turkiyede-yaz-kampanyalari-neden-bu-kadar-seviliyorbali-decordan-buyuk-indirim-firsatlari\/\"},\"author\":{\"name\":\"Verda\",\"@id\":\"https:\/\/balidecor.net\/#\/schema\/person\/5894ed19f8915a9018748da97b30cbd0\"},\"headline\":\"T\u00fcrkiye\u2019de Yaz Kampanyalar\u0131 Neden Bu Kadar Seviliyor?Bali Decor\u2019dan B\u00fcy\u00fck \u0130ndirim F\u0131rsatlar\u0131!\",\"datePublished\":\"2025-07-08T12:50:26+00:00\",\"dateModified\":\"2025-07-08T13:02:56+00:00\",\"mainEntityOfPage\":{\"@id\":\"https:\/\/balidecor.net\/mobilya\/turkiyede-yaz-kampanyalari-neden-bu-kadar-seviliyorbali-decordan-buyuk-indirim-firsatlari\/\"},\"wordCount\":493,\"commentCount\":0,\"publisher\":{\"@id\":\"https:\/\/balidecor.net\/#organization\"},\"image\":{\"@id\":\"https:\/\/balidecor.net\/mobilya\/turkiyede-yaz-kampanyalari-neden-bu-kadar-seviliyorbali-decordan-buyuk-indirim-firsatlari\/#primaryimage\"},\"thumbnailUrl\":\"https:\/\/balidecor.net\/wp-content\/uploads\/2025\/07\/Photoroom_20250704_140014-225x300.jpg\",\"keywords\":[\"bohem ev dekorasyonu\",\"masif ah\u015fap\",\"rattan mobilya modelleri\",\"rattan sandalye\",\"su s\u00fcmb\u00fcl\u00fc bench\",\"tasar\u0131m evler\"],\"articleSection\":[\"Mobilya\"],\"inLanguage\":\"en-US\",\"potentialAction\":[{\"@type\":\"CommentAction\",\"name\":\"Comment\",\"target\":[\"https:\/\/balidecor.net\/mobilya\/turkiyede-yaz-kampanyalari-neden-bu-kadar-seviliyorbali-decordan-buyuk-indirim-firsatlari\/#respond\"]}]},{\"@type\":\"WebPage\",\"@id\":\"https:\/\/balidecor.net\/mobilya\/turkiyede-yaz-kampanyalari-neden-bu-kadar-seviliyorbali-decordan-buyuk-indirim-firsatlari\/\",\"url\":\"https:\/\/balidecor.net\/mobilya\/turkiyede-yaz-kampanyalari-neden-bu-kadar-seviliyorbali-decordan-buyuk-indirim-firsatlari\/\",\"name\":\"T\u00fcrkiye\u2019de Yaz Kampanyalar\u0131 Neden Bu Kadar Seviliyor?Bali Decor\u2019dan B\u00fcy\u00fck \u0130ndirim F\u0131rsatlar\u0131! - Bali Decor\",\"isPartOf\":{\"@id\":\"https:\/\/balidecor.net\/#website\"},\"primaryImageOfPage\":{\"@id\":\"https:\/\/balidecor.net\/mobilya\/turkiyede-yaz-kampanyalari-neden-bu-kadar-seviliyorbali-decordan-buyuk-indirim-firsatlari\/#primaryimage\"},\"image\":{\"@id\":\"https:\/\/balidecor.net\/mobilya\/turkiyede-yaz-kampanyalari-neden-bu-kadar-seviliyorbali-decordan-buyuk-indirim-firsatlari\/#primaryimage\"},\"thumbnailUrl\":\"https:\/\/balidecor.net\/wp-content\/uploads\/2025\/07\/Photoroom_20250704_140014-225x300.jpg\",\"datePublished\":\"2025-07-08T12:50:26+00:00\",\"dateModified\":\"2025-07-08T13:02:56+00:00\",\"description\":\"Bali Decor\u2019un Trendyol ma\u011fazas\u0131nda yaz kampanyas\u0131 ba\u015flad\u0131! Rattan, bambu, masif ah\u015fap \u00fcr\u00fcnlerde b\u00fcy\u00fck indirim f\u0131rsatlar\u0131n\u0131 ka\u00e7\u0131rmay\u0131n.\",\"breadcrumb\":{\"@id\":\"https:\/\/balidecor.net\/mobilya\/turkiyede-yaz-kampanyalari-neden-bu-kadar-seviliyorbali-decordan-buyuk-indirim-firsatlari\/#breadcrumb\"},\"inLanguage\":\"en-US\",\"potentialAction\":[{\"@type\":\"ReadAction\",\"target\":[\"https:\/\/balidecor.net\/mobilya\/turkiyede-yaz-kampanyalari-neden-bu-kadar-seviliyorbali-decordan-buyuk-indirim-firsatlari\/\"]}]},{\"@type\":\"ImageObject\",\"inLanguage\":\"en-US\",\"@id\":\"https:\/\/balidecor.net\/mobilya\/turkiyede-yaz-kampanyalari-neden-bu-kadar-seviliyorbali-decordan-buyuk-indirim-firsatlari\/#primaryimage\",\"url\":\"https:\/\/balidecor.net\/wp-content\/uploads\/2025\/07\/Photoroom_20250704_140014-225x300.jpg\",\"contentUrl\":\"https:\/\/balidecor.net\/wp-content\/uploads\/2025\/07\/Photoroom_20250704_140014-225x300.jpg\"},{\"@type\":\"BreadcrumbList\",\"@id\":\"https:\/\/balidecor.net\/mobilya\/turkiyede-yaz-kampanyalari-neden-bu-kadar-seviliyorbali-decordan-buyuk-indirim-firsatlari\/#breadcrumb\",\"itemListElement\":[{\"@type\":\"ListItem\",\"position\":1,\"name\":\"Ev\",\"item\":\"https:\/\/balidecor.net\/\"},{\"@type\":\"ListItem\",\"position\":2,\"name\":\"Mobilya\",\"item\":\"https:\/\/balidecor.net\/blog\/mobilya\/\"},{\"@type\":\"ListItem\",\"position\":3,\"name\":\"T\u00fcrkiye\u2019de Yaz Kampanyalar\u0131 Neden Bu Kadar Seviliyor?Bali Decor\u2019dan B\u00fcy\u00fck \u0130ndirim F\u0131rsatlar\u0131!\"}]},{\"@type\":\"WebSite\",\"@id\":\"https:\/\/balidecor.net\/#website\",\"url\":\"https:\/\/balidecor.net\/\",\"name\":\"Bali Decor\",\"description\":\"\",\"publisher\":{\"@id\":\"https:\/\/balidecor.net\/#organization\"},\"potentialAction\":[{\"@type\":\"SearchAction\",\"target\":{\"@type\":\"EntryPoint\",\"urlTemplate\":\"https:\/\/balidecor.net\/?s={search_term_string}\"},\"query-input\":{\"@type\":\"PropertyValueSpecification\",\"valueRequired\":true,\"valueName\":\"search_term_string\"}}],\"inLanguage\":\"en-US\"},{\"@type\":\"Organization\",\"@id\":\"https:\/\/balidecor.net\/#organization\",\"name\":\"Bali Decor\",\"url\":\"https:\/\/balidecor.net\/\",\"logo\":{\"@type\":\"ImageObject\",\"inLanguage\":\"en-US\",\"@id\":\"https:\/\/balidecor.net\/#\/schema\/logo\/image\/\",\"url\":\"https:\/\/balidecor.net\/wp-content\/uploads\/2024\/02\/cropped-cropped-cropped-Rectangle-3-1-1-2.png\",\"contentUrl\":\"https:\/\/balidecor.net\/wp-content\/uploads\/2024\/02\/cropped-cropped-cropped-Rectangle-3-1-1-2.png\",\"width\":149,\"height\":109,\"caption\":\"Bali Decor\"},\"image\":{\"@id\":\"https:\/\/balidecor.net\/#\/schema\/logo\/image\/\"},\"sameAs\":[\"https:\/\/www.instagram.com\/baliidecor\"]},{\"@type\":\"Person\",\"@id\":\"https:\/\/balidecor.net\/#\/schema\/person\/5894ed19f8915a9018748da97b30cbd0\",\"name\":\"Verda\",\"image\":{\"@type\":\"ImageObject\",\"inLanguage\":\"en-US\",\"@id\":\"https:\/\/balidecor.net\/#\/schema\/person\/image\/\",\"url\":\"https:\/\/secure.gravatar.com\/avatar\/c0551e5cc12c483aae0da052cda1e3829236976522aba16a17de9b2ebf4324eb?s=96&d=mm&r=g\",\"contentUrl\":\"https:\/\/secure.gravatar.com\/avatar\/c0551e5cc12c483aae0da052cda1e3829236976522aba16a17de9b2ebf4324eb?s=96&d=mm&r=g\",\"caption\":\"Verda\"},\"url\":\"https:\/\/balidecor.net\/en\/author\/verda\/\"}]}<\/script>\n<!-- \/ Yoast SEO plugin. -->","yoast_head_json":{"title":"T\u00fcrkiye\u2019de Yaz Kampanyalar\u0131 Neden Bu Kadar Seviliyor?Bali Decor\u2019dan B\u00fcy\u00fck \u0130ndirim F\u0131rsatlar\u0131! - Bali Decor","description":"Bali Decor\u2019un Trendyol ma\u011fazas\u0131nda yaz kampanyas\u0131 ba\u015flad\u0131! Rattan, bambu, masif ah\u015fap \u00fcr\u00fcnlerde b\u00fcy\u00fck indirim f\u0131rsatlar\u0131n\u0131 ka\u00e7\u0131rmay\u0131n.","robots":{"index":"index","follow":"follow","max-snippet":"max-snippet:-1","max-image-preview":"max-image-preview:large","max-video-preview":"max-video-preview:-1"},"canonical":"https:\/\/balidecor.net\/en\/mobilya\/turkiyede-yaz-kampanyalari-neden-bu-kadar-seviliyorbali-decordan-buyuk-indirim-firsatlari\/","og_locale":"en_US","og_type":"article","og_title":"T\u00fcrkiye\u2019de Yaz Kampanyalar\u0131 Neden Bu Kadar Seviliyor?Bali Decor\u2019dan B\u00fcy\u00fck \u0130ndirim F\u0131rsatlar\u0131! - Bali Decor","og_description":"Bali Decor\u2019un Trendyol ma\u011fazas\u0131nda yaz kampanyas\u0131 ba\u015flad\u0131! Rattan, bambu, masif ah\u015fap \u00fcr\u00fcnlerde b\u00fcy\u00fck indirim f\u0131rsatlar\u0131n\u0131 ka\u00e7\u0131rmay\u0131n.","og_url":"https:\/\/balidecor.net\/en\/mobilya\/turkiyede-yaz-kampanyalari-neden-bu-kadar-seviliyorbali-decordan-buyuk-indirim-firsatlari\/","og_site_name":"Bali Decor","article_published_time":"2025-07-08T12:50:26+00:00","article_modified_time":"2025-07-08T13:02:56+00:00","og_image":[{"url":"https:\/\/balidecor.net\/wp-content\/uploads\/2025\/07\/Photoroom_20250704_140014-225x300.jpg","type":"","width":"","height":""}],"author":"Verda","twitter_card":"summary_large_image","twitter_misc":{"Written by":"Verda","Est. reading time":"4 minutes"},"schema":{"@context":"https:\/\/schema.org","@graph":[{"@type":"Article","@id":"https:\/\/balidecor.net\/mobilya\/turkiyede-yaz-kampanyalari-neden-bu-kadar-seviliyorbali-decordan-buyuk-indirim-firsatlari\/#article","isPartOf":{"@id":"https:\/\/balidecor.net\/mobilya\/turkiyede-yaz-kampanyalari-neden-bu-kadar-seviliyorbali-decordan-buyuk-indirim-firsatlari\/"},"author":{"name":"Verda","@id":"https:\/\/balidecor.net\/#\/schema\/person\/5894ed19f8915a9018748da97b30cbd0"},"headline":"T\u00fcrkiye\u2019de Yaz Kampanyalar\u0131 Neden Bu Kadar Seviliyor?Bali Decor\u2019dan B\u00fcy\u00fck \u0130ndirim F\u0131rsatlar\u0131!","datePublished":"2025-07-08T12:50:26+00:00","dateModified":"2025-07-08T13:02:56+00:00","mainEntityOfPage":{"@id":"https:\/\/balidecor.net\/mobilya\/turkiyede-yaz-kampanyalari-neden-bu-kadar-seviliyorbali-decordan-buyuk-indirim-firsatlari\/"},"wordCount":493,"commentCount":0,"publisher":{"@id":"https:\/\/balidecor.net\/#organization"},"image":{"@id":"https:\/\/balidecor.net\/mobilya\/turkiyede-yaz-kampanyalari-neden-bu-kadar-seviliyorbali-decordan-buyuk-indirim-firsatlari\/#primaryimage"},"thumbnailUrl":"https:\/\/balidecor.net\/wp-content\/uploads\/2025\/07\/Photoroom_20250704_140014-225x300.jpg","keywords":["bohem ev dekorasyonu","masif ah\u015fap","rattan mobilya modelleri","rattan sandalye","su s\u00fcmb\u00fcl\u00fc bench","tasar\u0131m evler"],"articleSection":["Mobilya"],"inLanguage":"en-US","potentialAction":[{"@type":"CommentAction","name":"Comment","target":["https:\/\/balidecor.net\/mobilya\/turkiyede-yaz-kampanyalari-neden-bu-kadar-seviliyorbali-decordan-buyuk-indirim-firsatlari\/#respond"]}]},{"@type":"WebPage","@id":"https:\/\/balidecor.net\/mobilya\/turkiyede-yaz-kampanyalari-neden-bu-kadar-seviliyorbali-decordan-buyuk-indirim-firsatlari\/","url":"https:\/\/balidecor.net\/mobilya\/turkiyede-yaz-kampanyalari-neden-bu-kadar-seviliyorbali-decordan-buyuk-indirim-firsatlari\/","name":"T\u00fcrkiye\u2019de Yaz Kampanyalar\u0131 Neden Bu Kadar Seviliyor?Bali Decor\u2019dan B\u00fcy\u00fck \u0130ndirim F\u0131rsatlar\u0131! - Bali Decor","isPartOf":{"@id":"https:\/\/balidecor.net\/#website"},"primaryImageOfPage":{"@id":"https:\/\/balidecor.net\/mobilya\/turkiyede-yaz-kampanyalari-neden-bu-kadar-seviliyorbali-decordan-buyuk-indirim-firsatlari\/#primaryimage"},"image":{"@id":"https:\/\/balidecor.net\/mobilya\/turkiyede-yaz-kampanyalari-neden-bu-kadar-seviliyorbali-decordan-buyuk-indirim-firsatlari\/#primaryimage"},"thumbnailUrl":"https:\/\/balidecor.net\/wp-content\/uploads\/2025\/07\/Photoroom_20250704_140014-225x300.jpg","datePublished":"2025-07-08T12:50:26+00:00","dateModified":"2025-07-08T13:02:56+00:00","description":"Bali Decor\u2019un Trendyol ma\u011fazas\u0131nda yaz kampanyas\u0131 ba\u015flad\u0131! Rattan, bambu, masif ah\u015fap \u00fcr\u00fcnlerde b\u00fcy\u00fck indirim f\u0131rsatlar\u0131n\u0131 ka\u00e7\u0131rmay\u0131n.","breadcrumb":{"@id":"https:\/\/balidecor.net\/mobilya\/turkiyede-yaz-kampanyalari-neden-bu-kadar-seviliyorbali-decordan-buyuk-indirim-firsatlari\/#breadcrumb"},"inLanguage":"en-US","potentialAction":[{"@type":"ReadAction","target":["https:\/\/balidecor.net\/mobilya\/turkiyede-yaz-kampanyalari-neden-bu-kadar-seviliyorbali-decordan-buyuk-indirim-firsatlari\/"]}]},{"@type":"ImageObject","inLanguage":"en-US","@id":"https:\/\/balidecor.net\/mobilya\/turkiyede-yaz-kampanyalari-neden-bu-kadar-seviliyorbali-decordan-buyuk-indirim-firsatlari\/#primaryimage","url":"https:\/\/balidecor.net\/wp-content\/uploads\/2025\/07\/Photoroom_20250704_140014-225x300.jpg","contentUrl":"https:\/\/balidecor.net\/wp-content\/uploads\/2025\/07\/Photoroom_20250704_140014-225x300.jpg"},{"@type":"BreadcrumbList","@id":"https:\/\/balidecor.net\/mobilya\/turkiyede-yaz-kampanyalari-neden-bu-kadar-seviliyorbali-decordan-buyuk-indirim-firsatlari\/#breadcrumb","itemListElement":[{"@type":"ListItem","position":1,"name":"Ev","item":"https:\/\/balidecor.net\/"},{"@type":"ListItem","position":2,"name":"Mobilya","item":"https:\/\/balidecor.net\/blog\/mobilya\/"},{"@type":"ListItem","position":3,"name":"T\u00fcrkiye\u2019de Yaz Kampanyalar\u0131 Neden Bu Kadar Seviliyor?Bali Decor\u2019dan B\u00fcy\u00fck \u0130ndirim F\u0131rsatlar\u0131!"}]},{"@type":"WebSite","@id":"https:\/\/balidecor.net\/#website","url":"https:\/\/balidecor.net\/","name":"Bali Decor","description":"","publisher":{"@id":"https:\/\/balidecor.net\/#organization"},"potentialAction":[{"@type":"SearchAction","target":{"@type":"EntryPoint","urlTemplate":"https:\/\/balidecor.net\/?s={search_term_string}"},"query-input":{"@type":"PropertyValueSpecification","valueRequired":true,"valueName":"search_term_string"}}],"inLanguage":"en-US"},{"@type":"Organization","@id":"https:\/\/balidecor.net\/#organization","name":"Bali Decor","url":"https:\/\/balidecor.net\/","logo":{"@type":"ImageObject","inLanguage":"en-US","@id":"https:\/\/balidecor.net\/#\/schema\/logo\/image\/","url":"https:\/\/balidecor.net\/wp-content\/uploads\/2024\/02\/cropped-cropped-cropped-Rectangle-3-1-1-2.png","contentUrl":"https:\/\/balidecor.net\/wp-content\/uploads\/2024\/02\/cropped-cropped-cropped-Rectangle-3-1-1-2.png","width":149,"height":109,"caption":"Bali Decor"},"image":{"@id":"https:\/\/balidecor.net\/#\/schema\/logo\/image\/"},"sameAs":["https:\/\/www.instagram.com\/baliidecor"]},{"@type":"Person","@id":"https:\/\/balidecor.net\/#\/schema\/person\/5894ed19f8915a9018748da97b30cbd0","name":"Verda","image":{"@type":"ImageObject","inLanguage":"en-US","@id":"https:\/\/balidecor.net\/#\/schema\/person\/image\/","url":"https:\/\/secure.gravatar.com\/avatar\/c0551e5cc12c483aae0da052cda1e3829236976522aba16a17de9b2ebf4324eb?s=96&d=mm&r=g","contentUrl":"https:\/\/secure.gravatar.com\/avatar\/c0551e5cc12c483aae0da052cda1e3829236976522aba16a17de9b2ebf4324eb?s=96&d=mm&r=g","caption":"Verda"},"url":"https:\/\/balidecor.net\/en\/author\/verda\/"}]}},"_links":{"self":[{"href":"https:\/\/balidecor.net\/en\/wp-json\/wp\/v2\/posts\/1952","targetHints":{"allow":["GET"]}}],"collection":[{"href":"https:\/\/balidecor.net\/en\/wp-json\/wp\/v2\/posts"}],"about":[{"href":"https:\/\/balidecor.net\/en\/wp-json\/wp\/v2\/types\/post"}],"author":[{"embeddable":true,"href":"https:\/\/balidecor.net\/en\/wp-json\/wp\/v2\/users\/6"}],"replies":[{"embeddable":true,"href":"https:\/\/balidecor.net\/en\/wp-json\/wp\/v2\/comments?post=1952"}],"version-history":[{"count":4,"href":"https:\/\/balidecor.net\/en\/wp-json\/wp\/v2\/posts\/1952\/revisions"}],"predecessor-version":[{"id":1958,"href":"https:\/\/balidecor.net\/en\/wp-json\/wp\/v2\/posts\/1952\/revisions\/1958"}],"wp:attachment":[{"href":"https:\/\/balidecor.net\/en\/wp-json\/wp\/v2\/media?parent=1952"}],"wp:term":[{"taxonomy":"category","embeddable":true,"href":"https:\/\/balidecor.net\/en\/wp-json\/wp\/v2\/categories?post=1952"},{"taxonomy":"post_tag","embeddable":true,"href":"https:\/\/balidecor.net\/en\/wp-json\/wp\/v2\/tags?post=1952"}],"curies":[{"name":"wp","href":"https:\/\/api.w.org\/{rel}","templated":true}]}}