{"id":1965,"date":"2025-08-08T16:08:12","date_gmt":"2025-08-08T16:08:12","guid":{"rendered":"https:\/\/balidecor.net\/?p=1965"},"modified":"2026-01-23T10:03:40","modified_gmt":"2026-01-23T07:03:40","slug":"rattan-boy-aynasi-ile-gelen-dogallik","status":"publish","type":"post","link":"https:\/\/balidecor.net\/en\/rattan-dekorasyon\/rattan-boy-aynasi-ile-gelen-dogallik\/","title":{"rendered":"Rattan Boy Aynas\u0131 \u0130le Gelen Do\u011fall\u0131k"},"content":{"rendered":"<div data-elementor-type=\"wp-post\" data-elementor-id=\"1965\" class=\"elementor elementor-1965\" data-elementor-settings=\"{&quot;ha_cmc_init_switcher&quot;:&quot;no&quot;}\" data-elementor-post-type=\"post\">\n\t\t\t\t<div class=\"elementor-element elementor-element-46bbc076 e-flex e-con-boxed e-con e-parent\" data-id=\"46bbc076\" data-element_type=\"container\" data-settings=\"{&quot;_ha_eqh_enable&quot;:false}\">\n\t\t\t\t\t<div class=\"e-con-inner\">\n\t\t\t\t<div class=\"elementor-element elementor-element-558f1482 elementor-widget elementor-widget-text-editor\" data-id=\"558f1482\" data-element_type=\"widget\" data-widget_type=\"text-editor.default\">\n\t\t\t\t<div class=\"elementor-widget-container\">\n\t\t\t\t\t\t\t\t\t<p>\u00a0<\/p><p>\ud83c\udf3f Rattan Boy Aynas\u0131 ile Evinize Do\u011fall\u0131k ve Ferahl\u0131k Kat\u0131n<\/p><p><a href=\"https:\/\/balidecor.net\/wp-content\/uploads\/2025\/08\/Photoroom_20250807_151756.jpg\"><img fetchpriority=\"high\" decoding=\"async\" class=\"alignnone size-medium wp-image-1968\" src=\"https:\/\/balidecor.net\/wp-content\/uploads\/2025\/08\/Photoroom_20250807_151756-240x300.jpg\" alt=\"\" width=\"240\" height=\"300\" srcset=\"https:\/\/balidecor.net\/wp-content\/uploads\/2025\/08\/Photoroom_20250807_151756-240x300.jpg 240w, https:\/\/balidecor.net\/wp-content\/uploads\/2025\/08\/Photoroom_20250807_151756-819x1024.jpg 819w, https:\/\/balidecor.net\/wp-content\/uploads\/2025\/08\/Photoroom_20250807_151756-768x960.jpg 768w, https:\/\/balidecor.net\/wp-content\/uploads\/2025\/08\/Photoroom_20250807_151756-600x750.jpg 600w, https:\/\/balidecor.net\/wp-content\/uploads\/2025\/08\/Photoroom_20250807_151756.jpg 1080w\" sizes=\"(max-width: 240px) 100vw, 240px\" \/><\/a>Ev dekorasyonunda do\u011fal malzemeler son y\u0131llarda b\u00fcy\u00fck ilgi g\u00f6r\u00fcyor. Bu <strong>rattan boy aynas\u0131<\/strong>, Bali adas\u0131n\u0131n usta zanaatk\u00e2rlar\u0131 taraf\u0131ndan el i\u015f\u00e7ili\u011fiyle \u00fcretilmi\u015f, hem estetik hem de i\u015flevsel bir dekorasyon par\u00e7as\u0131d\u0131r. Evinizdeki herhangi bir odaya s\u0131cakl\u0131k, do\u011fall\u0131k ve ferahl\u0131k katar.<\/p><p><!-- H2: Do\u011fal ve S\u00fcrd\u00fcr\u00fclebilir Malzeme --><\/p><h2>1. Do\u011fal ve S\u00fcrd\u00fcr\u00fclebilir Malzeme<\/h2><p>Rattan, tropikal b\u00f6lgelerde yeti\u015fen, esnek ve dayan\u0131kl\u0131 bir bitkidir. El i\u015f\u00e7ili\u011fi ile \u015fekillendirilen bu <strong>do\u011fal rattan ayna<\/strong>, zamans\u0131z tasar\u0131m\u0131yla hem modern hem de bohem dekorasyon stillerine uyum sa\u011flar. Ayn\u0131 zamanda <strong>bambu boy aynas\u0131<\/strong> ve <strong>rafya ayna<\/strong> gibi do\u011fal dokulu dekoratif \u00fcr\u00fcnler aras\u0131nda \u00f6ne \u00e7\u0131kar.<\/p><p><!-- H2: \u00c7ok Ama\u00e7l\u0131 Kullan\u0131m Alanlar\u0131 --><\/p><h2>2. \u00c7ok Ama\u00e7l\u0131 Kullan\u0131m Alanlar\u0131<\/h2><ul><li>Yatak odas\u0131nda giyinme aynas\u0131 olarak<\/li><li>Banyoda do\u011fal bir dokunu\u015f i\u00e7in<\/li><li>Hol ve antrede ferah bir giri\u015f yaratmak i\u00e7in<\/li><li>Bah\u00e7ede dekoratif bir k\u00f6\u015fe olu\u015fturmak i\u00e7in<\/li><li>Salon dekorasyonunda \u0131\u015f\u0131\u011f\u0131 art\u0131rmak i\u00e7in<\/li><\/ul><p><!-- H2: Dekorasyon \u00d6nerileri --><\/p><h2><a href=\"https:\/\/balidecor.net\/wp-content\/uploads\/2025\/08\/Photoroom_20250807_151620.jpg\"><img decoding=\"async\" class=\"alignnone size-medium wp-image-1967\" src=\"https:\/\/balidecor.net\/wp-content\/uploads\/2025\/08\/Photoroom_20250807_151620-240x300.jpg\" alt=\"\" width=\"240\" height=\"300\" srcset=\"https:\/\/balidecor.net\/wp-content\/uploads\/2025\/08\/Photoroom_20250807_151620-240x300.jpg 240w, https:\/\/balidecor.net\/wp-content\/uploads\/2025\/08\/Photoroom_20250807_151620-819x1024.jpg 819w, https:\/\/balidecor.net\/wp-content\/uploads\/2025\/08\/Photoroom_20250807_151620-768x960.jpg 768w, https:\/\/balidecor.net\/wp-content\/uploads\/2025\/08\/Photoroom_20250807_151620-600x750.jpg 600w, https:\/\/balidecor.net\/wp-content\/uploads\/2025\/08\/Photoroom_20250807_151620.jpg 1080w\" sizes=\"(max-width: 240px) 100vw, 240px\" \/><\/a>3. Dekorasyon \u00d6nerileri<\/h2><p>Bu rattan boy aynas\u0131n\u0131 has\u0131r sepetler, ye\u015fil bitkiler ve do\u011fal dokulu hal\u0131larla kombinleyerek bohem bir atmosfer yaratabilirsiniz. Minimalist bir dekorasyonda ise beyaz tonlarla ve sade mobilyalarla harika bir uyum sa\u011flar.<\/p><p><!-- H2: Bak\u0131m ve Temizlik --><\/p><h2>4. Bak\u0131m ve Temizlik<\/h2><p>Aynan\u0131z\u0131 nemli ve yumu\u015fak bir bezle temizleyin. Kimyasal deterjanlardan ka\u00e7\u0131n\u0131n ve \u0131slak b\u0131rakmamaya \u00f6zen g\u00f6sterin. B\u00f6ylece uzun y\u0131llar ilk g\u00fcnk\u00fc g\u00f6r\u00fcn\u00fcm\u00fcn\u00fc korur.<\/p><p><!-- H2: Sat\u0131n Alma ve Sipari\u015f --><\/p><h2>5. Sat\u0131n Alma ve Sipari\u015f<\/h2><p>Bu \u00f6zel tasar\u0131m <strong>rattan boy aynas\u0131<\/strong>n\u0131 Trendyol ma\u011fazam\u0131zdan g\u00fcvenle sat\u0131n alabilirsiniz. Do\u011fall\u0131\u011f\u0131, \u015f\u0131kl\u0131\u011f\u0131 ve el i\u015f\u00e7ili\u011fini evinize ta\u015f\u0131y\u0131n.<br \/>\ud83d\udc49 Trendyol Ma\u011fazam\u0131za Git<a href=\"https:\/\/www.trendyol.com\/versa\/boy-aynasi-160-cm-bohem-boy-aynasi-el-yapimi-bambu-cerceveli-160-cm-boy-aynasi-p-968622736?boutiqueId=61&amp;merchantId=822501&amp;filterOverPriceListings=false&amp;sav=true\">https:\/\/www.trendyol.com\/versa\/boy-aynasi-160-cm-bohem-boy-aynasi-el-yapimi-bambu-cerceveli-160-cm-boy-aynasi-p-968622736?boutiqueId=61&amp;merchantId=822501&amp;filterOverPriceListings=false&amp;sav=true<\/a><\/p>\t\t\t\t\t\t\t\t<\/div>\n\t\t\t\t<\/div>\n\t\t\t\t\t<\/div>\n\t\t\t\t<\/div>\n\t\t\t\t<\/div>","protected":false},"excerpt":{"rendered":"<p>&#x1f33f; Rattan Boy Aynas\u0131 ile Evinize Do\u011fall\u0131k ve Ferahl\u0131k Kat\u0131n Ev dekorasyonunda do\u011fal malzemeler son y\u0131llarda b\u00fcy\u00fck ilgi g\u00f6r\u00fcyor. Bu rattan boy aynas\u0131, Bali adas\u0131n\u0131n usta zanaatk\u00e2rlar\u0131 taraf\u0131ndan el i\u015f\u00e7ili\u011fiyle \u00fcretilmi\u015f, hem estetik hem de i\u015flevsel bir dekorasyon par\u00e7as\u0131d\u0131r. Evinizdeki herhangi bir odaya s\u0131cakl\u0131k, do\u011fall\u0131k ve ferahl\u0131k katar. 1. Do\u011fal ve S\u00fcrd\u00fcr\u00fclebilir Malzeme Rattan, tropikal [&hellip;]<\/p>","protected":false},"author":6,"featured_media":1968,"comment_status":"open","ping_status":"open","sticky":false,"template":"","format":"standard","meta":{"_monsterinsights_skip_tracking":false,"_monsterinsights_sitenote_active":false,"_monsterinsights_sitenote_note":"","_monsterinsights_sitenote_category":0,"footnotes":""},"categories":[369],"tags":[],"class_list":["post-1965","post","type-post","status-publish","format-standard","has-post-thumbnail","hentry","category-rattan-dekorasyon"],"yoast_head":"<!-- This site is optimized with the Yoast SEO plugin v26.7 - https:\/\/yoast.com\/wordpress\/plugins\/seo\/ -->\n<title>Rattan Boy Aynas\u0131 \u0130le Gelen Do\u011fall\u0131k - Bali Decor<\/title>\n<meta name=\"description\" content=\"Rattan Boy aynas\u0131 160 cm-Bali adas\u0131ndan evlerimize misafir e\u015fsiz bir rattan boy aynas\u0131\" \/>\n<meta name=\"robots\" content=\"index, follow, max-snippet:-1, max-image-preview:large, max-video-preview:-1\" \/>\n<link rel=\"canonical\" href=\"https:\/\/balidecor.net\/en\/rattan-dekorasyon\/rattan-boy-aynasi-ile-gelen-dogallik\/\" \/>\n<meta property=\"og:locale\" content=\"en_US\" \/>\n<meta property=\"og:type\" content=\"article\" \/>\n<meta property=\"og:title\" content=\"Rattan Boy Aynas\u0131 \u0130le Gelen Do\u011fall\u0131k - Bali Decor\" \/>\n<meta property=\"og:description\" content=\"Rattan Boy aynas\u0131 160 cm-Bali adas\u0131ndan evlerimize misafir e\u015fsiz bir rattan boy aynas\u0131\" \/>\n<meta property=\"og:url\" content=\"https:\/\/balidecor.net\/en\/rattan-dekorasyon\/rattan-boy-aynasi-ile-gelen-dogallik\/\" \/>\n<meta property=\"og:site_name\" content=\"Bali Decor\" \/>\n<meta property=\"article:published_time\" content=\"2025-08-08T16:08:12+00:00\" \/>\n<meta property=\"article:modified_time\" content=\"2026-01-23T07:03:40+00:00\" \/>\n<meta property=\"og:image\" content=\"https:\/\/balidecor.net\/wp-content\/uploads\/2025\/08\/Photoroom_20250807_151756.jpg\" \/>\n\t<meta property=\"og:image:width\" content=\"1080\" \/>\n\t<meta property=\"og:image:height\" content=\"1350\" \/>\n\t<meta property=\"og:image:type\" content=\"image\/jpeg\" \/>\n<meta name=\"author\" content=\"Verda\" \/>\n<meta name=\"twitter:card\" content=\"summary_large_image\" \/>\n<meta name=\"twitter:label1\" content=\"Written by\" \/>\n\t<meta name=\"twitter:data1\" content=\"Verda\" \/>\n\t<meta name=\"twitter:label2\" content=\"Est. reading time\" \/>\n\t<meta name=\"twitter:data2\" content=\"2 minutes\" \/>\n<script type=\"application\/ld+json\" class=\"yoast-schema-graph\">{\"@context\":\"https:\/\/schema.org\",\"@graph\":[{\"@type\":\"Article\",\"@id\":\"https:\/\/balidecor.net\/rattan-dekorasyon\/rattan-boy-aynasi-ile-gelen-dogallik\/#article\",\"isPartOf\":{\"@id\":\"https:\/\/balidecor.net\/rattan-dekorasyon\/rattan-boy-aynasi-ile-gelen-dogallik\/\"},\"author\":{\"name\":\"Verda\",\"@id\":\"https:\/\/balidecor.net\/#\/schema\/person\/5894ed19f8915a9018748da97b30cbd0\"},\"headline\":\"Rattan Boy Aynas\u0131 \u0130le Gelen Do\u011fall\u0131k\",\"datePublished\":\"2025-08-08T16:08:12+00:00\",\"dateModified\":\"2026-01-23T07:03:40+00:00\",\"mainEntityOfPage\":{\"@id\":\"https:\/\/balidecor.net\/rattan-dekorasyon\/rattan-boy-aynasi-ile-gelen-dogallik\/\"},\"wordCount\":326,\"commentCount\":0,\"publisher\":{\"@id\":\"https:\/\/balidecor.net\/#organization\"},\"image\":{\"@id\":\"https:\/\/balidecor.net\/rattan-dekorasyon\/rattan-boy-aynasi-ile-gelen-dogallik\/#primaryimage\"},\"thumbnailUrl\":\"https:\/\/balidecor.net\/wp-content\/uploads\/2025\/08\/Photoroom_20250807_151756.jpg\",\"articleSection\":[\"Rattan\"],\"inLanguage\":\"en-US\",\"potentialAction\":[{\"@type\":\"CommentAction\",\"name\":\"Comment\",\"target\":[\"https:\/\/balidecor.net\/rattan-dekorasyon\/rattan-boy-aynasi-ile-gelen-dogallik\/#respond\"]}]},{\"@type\":\"WebPage\",\"@id\":\"https:\/\/balidecor.net\/rattan-dekorasyon\/rattan-boy-aynasi-ile-gelen-dogallik\/\",\"url\":\"https:\/\/balidecor.net\/rattan-dekorasyon\/rattan-boy-aynasi-ile-gelen-dogallik\/\",\"name\":\"Rattan Boy Aynas\u0131 \u0130le Gelen Do\u011fall\u0131k - Bali Decor\",\"isPartOf\":{\"@id\":\"https:\/\/balidecor.net\/#website\"},\"primaryImageOfPage\":{\"@id\":\"https:\/\/balidecor.net\/rattan-dekorasyon\/rattan-boy-aynasi-ile-gelen-dogallik\/#primaryimage\"},\"image\":{\"@id\":\"https:\/\/balidecor.net\/rattan-dekorasyon\/rattan-boy-aynasi-ile-gelen-dogallik\/#primaryimage\"},\"thumbnailUrl\":\"https:\/\/balidecor.net\/wp-content\/uploads\/2025\/08\/Photoroom_20250807_151756.jpg\",\"datePublished\":\"2025-08-08T16:08:12+00:00\",\"dateModified\":\"2026-01-23T07:03:40+00:00\",\"description\":\"Rattan Boy aynas\u0131 160 cm-Bali adas\u0131ndan evlerimize misafir e\u015fsiz bir rattan boy aynas\u0131\",\"breadcrumb\":{\"@id\":\"https:\/\/balidecor.net\/rattan-dekorasyon\/rattan-boy-aynasi-ile-gelen-dogallik\/#breadcrumb\"},\"inLanguage\":\"en-US\",\"potentialAction\":[{\"@type\":\"ReadAction\",\"target\":[\"https:\/\/balidecor.net\/rattan-dekorasyon\/rattan-boy-aynasi-ile-gelen-dogallik\/\"]}]},{\"@type\":\"ImageObject\",\"inLanguage\":\"en-US\",\"@id\":\"https:\/\/balidecor.net\/rattan-dekorasyon\/rattan-boy-aynasi-ile-gelen-dogallik\/#primaryimage\",\"url\":\"https:\/\/balidecor.net\/wp-content\/uploads\/2025\/08\/Photoroom_20250807_151756.jpg\",\"contentUrl\":\"https:\/\/balidecor.net\/wp-content\/uploads\/2025\/08\/Photoroom_20250807_151756.jpg\",\"width\":1080,\"height\":1350,\"caption\":\"Bali\u2019den el i\u015f\u00e7ili\u011fiyle \u00fcretilmi\u015f do\u011fal rattan boy aynas\u0131\"},{\"@type\":\"BreadcrumbList\",\"@id\":\"https:\/\/balidecor.net\/rattan-dekorasyon\/rattan-boy-aynasi-ile-gelen-dogallik\/#breadcrumb\",\"itemListElement\":[{\"@type\":\"ListItem\",\"position\":1,\"name\":\"Ev\",\"item\":\"https:\/\/balidecor.net\/\"},{\"@type\":\"ListItem\",\"position\":2,\"name\":\"Rattan\",\"item\":\"https:\/\/balidecor.net\/blog\/rattan-dekorasyon\/\"},{\"@type\":\"ListItem\",\"position\":3,\"name\":\"Rattan Boy Aynas\u0131 \u0130le Gelen Do\u011fall\u0131k\"}]},{\"@type\":\"WebSite\",\"@id\":\"https:\/\/balidecor.net\/#website\",\"url\":\"https:\/\/balidecor.net\/\",\"name\":\"Bali Decor\",\"description\":\"\",\"publisher\":{\"@id\":\"https:\/\/balidecor.net\/#organization\"},\"potentialAction\":[{\"@type\":\"SearchAction\",\"target\":{\"@type\":\"EntryPoint\",\"urlTemplate\":\"https:\/\/balidecor.net\/?s={search_term_string}\"},\"query-input\":{\"@type\":\"PropertyValueSpecification\",\"valueRequired\":true,\"valueName\":\"search_term_string\"}}],\"inLanguage\":\"en-US\"},{\"@type\":\"Organization\",\"@id\":\"https:\/\/balidecor.net\/#organization\",\"name\":\"Bali Decor\",\"url\":\"https:\/\/balidecor.net\/\",\"logo\":{\"@type\":\"ImageObject\",\"inLanguage\":\"en-US\",\"@id\":\"https:\/\/balidecor.net\/#\/schema\/logo\/image\/\",\"url\":\"https:\/\/balidecor.net\/wp-content\/uploads\/2024\/02\/cropped-cropped-cropped-Rectangle-3-1-1-2.png\",\"contentUrl\":\"https:\/\/balidecor.net\/wp-content\/uploads\/2024\/02\/cropped-cropped-cropped-Rectangle-3-1-1-2.png\",\"width\":149,\"height\":109,\"caption\":\"Bali Decor\"},\"image\":{\"@id\":\"https:\/\/balidecor.net\/#\/schema\/logo\/image\/\"},\"sameAs\":[\"https:\/\/www.instagram.com\/baliidecor\"]},{\"@type\":\"Person\",\"@id\":\"https:\/\/balidecor.net\/#\/schema\/person\/5894ed19f8915a9018748da97b30cbd0\",\"name\":\"Verda\",\"image\":{\"@type\":\"ImageObject\",\"inLanguage\":\"en-US\",\"@id\":\"https:\/\/balidecor.net\/#\/schema\/person\/image\/\",\"url\":\"https:\/\/secure.gravatar.com\/avatar\/c0551e5cc12c483aae0da052cda1e3829236976522aba16a17de9b2ebf4324eb?s=96&d=mm&r=g\",\"contentUrl\":\"https:\/\/secure.gravatar.com\/avatar\/c0551e5cc12c483aae0da052cda1e3829236976522aba16a17de9b2ebf4324eb?s=96&d=mm&r=g\",\"caption\":\"Verda\"},\"url\":\"https:\/\/balidecor.net\/en\/author\/verda\/\"}]}<\/script>\n<!-- \/ Yoast SEO plugin. -->","yoast_head_json":{"title":"Rattan Boy Aynas\u0131 \u0130le Gelen Do\u011fall\u0131k - Bali Decor","description":"Rattan Boy aynas\u0131 160 cm-Bali adas\u0131ndan evlerimize misafir e\u015fsiz bir rattan boy aynas\u0131","robots":{"index":"index","follow":"follow","max-snippet":"max-snippet:-1","max-image-preview":"max-image-preview:large","max-video-preview":"max-video-preview:-1"},"canonical":"https:\/\/balidecor.net\/en\/rattan-dekorasyon\/rattan-boy-aynasi-ile-gelen-dogallik\/","og_locale":"en_US","og_type":"article","og_title":"Rattan Boy Aynas\u0131 \u0130le Gelen Do\u011fall\u0131k - Bali Decor","og_description":"Rattan Boy aynas\u0131 160 cm-Bali adas\u0131ndan evlerimize misafir e\u015fsiz bir rattan boy aynas\u0131","og_url":"https:\/\/balidecor.net\/en\/rattan-dekorasyon\/rattan-boy-aynasi-ile-gelen-dogallik\/","og_site_name":"Bali Decor","article_published_time":"2025-08-08T16:08:12+00:00","article_modified_time":"2026-01-23T07:03:40+00:00","og_image":[{"width":1080,"height":1350,"url":"https:\/\/balidecor.net\/wp-content\/uploads\/2025\/08\/Photoroom_20250807_151756.jpg","type":"image\/jpeg"}],"author":"Verda","twitter_card":"summary_large_image","twitter_misc":{"Written by":"Verda","Est. reading time":"2 minutes"},"schema":{"@context":"https:\/\/schema.org","@graph":[{"@type":"Article","@id":"https:\/\/balidecor.net\/rattan-dekorasyon\/rattan-boy-aynasi-ile-gelen-dogallik\/#article","isPartOf":{"@id":"https:\/\/balidecor.net\/rattan-dekorasyon\/rattan-boy-aynasi-ile-gelen-dogallik\/"},"author":{"name":"Verda","@id":"https:\/\/balidecor.net\/#\/schema\/person\/5894ed19f8915a9018748da97b30cbd0"},"headline":"Rattan Boy Aynas\u0131 \u0130le Gelen Do\u011fall\u0131k","datePublished":"2025-08-08T16:08:12+00:00","dateModified":"2026-01-23T07:03:40+00:00","mainEntityOfPage":{"@id":"https:\/\/balidecor.net\/rattan-dekorasyon\/rattan-boy-aynasi-ile-gelen-dogallik\/"},"wordCount":326,"commentCount":0,"publisher":{"@id":"https:\/\/balidecor.net\/#organization"},"image":{"@id":"https:\/\/balidecor.net\/rattan-dekorasyon\/rattan-boy-aynasi-ile-gelen-dogallik\/#primaryimage"},"thumbnailUrl":"https:\/\/balidecor.net\/wp-content\/uploads\/2025\/08\/Photoroom_20250807_151756.jpg","articleSection":["Rattan"],"inLanguage":"en-US","potentialAction":[{"@type":"CommentAction","name":"Comment","target":["https:\/\/balidecor.net\/rattan-dekorasyon\/rattan-boy-aynasi-ile-gelen-dogallik\/#respond"]}]},{"@type":"WebPage","@id":"https:\/\/balidecor.net\/rattan-dekorasyon\/rattan-boy-aynasi-ile-gelen-dogallik\/","url":"https:\/\/balidecor.net\/rattan-dekorasyon\/rattan-boy-aynasi-ile-gelen-dogallik\/","name":"Rattan Boy Aynas\u0131 \u0130le Gelen Do\u011fall\u0131k - Bali Decor","isPartOf":{"@id":"https:\/\/balidecor.net\/#website"},"primaryImageOfPage":{"@id":"https:\/\/balidecor.net\/rattan-dekorasyon\/rattan-boy-aynasi-ile-gelen-dogallik\/#primaryimage"},"image":{"@id":"https:\/\/balidecor.net\/rattan-dekorasyon\/rattan-boy-aynasi-ile-gelen-dogallik\/#primaryimage"},"thumbnailUrl":"https:\/\/balidecor.net\/wp-content\/uploads\/2025\/08\/Photoroom_20250807_151756.jpg","datePublished":"2025-08-08T16:08:12+00:00","dateModified":"2026-01-23T07:03:40+00:00","description":"Rattan Boy aynas\u0131 160 cm-Bali adas\u0131ndan evlerimize misafir e\u015fsiz bir rattan boy aynas\u0131","breadcrumb":{"@id":"https:\/\/balidecor.net\/rattan-dekorasyon\/rattan-boy-aynasi-ile-gelen-dogallik\/#breadcrumb"},"inLanguage":"en-US","potentialAction":[{"@type":"ReadAction","target":["https:\/\/balidecor.net\/rattan-dekorasyon\/rattan-boy-aynasi-ile-gelen-dogallik\/"]}]},{"@type":"ImageObject","inLanguage":"en-US","@id":"https:\/\/balidecor.net\/rattan-dekorasyon\/rattan-boy-aynasi-ile-gelen-dogallik\/#primaryimage","url":"https:\/\/balidecor.net\/wp-content\/uploads\/2025\/08\/Photoroom_20250807_151756.jpg","contentUrl":"https:\/\/balidecor.net\/wp-content\/uploads\/2025\/08\/Photoroom_20250807_151756.jpg","width":1080,"height":1350,"caption":"Bali\u2019den el i\u015f\u00e7ili\u011fiyle \u00fcretilmi\u015f do\u011fal rattan boy aynas\u0131"},{"@type":"BreadcrumbList","@id":"https:\/\/balidecor.net\/rattan-dekorasyon\/rattan-boy-aynasi-ile-gelen-dogallik\/#breadcrumb","itemListElement":[{"@type":"ListItem","position":1,"name":"Ev","item":"https:\/\/balidecor.net\/"},{"@type":"ListItem","position":2,"name":"Rattan","item":"https:\/\/balidecor.net\/blog\/rattan-dekorasyon\/"},{"@type":"ListItem","position":3,"name":"Rattan Boy Aynas\u0131 \u0130le Gelen Do\u011fall\u0131k"}]},{"@type":"WebSite","@id":"https:\/\/balidecor.net\/#website","url":"https:\/\/balidecor.net\/","name":"Bali Decor","description":"","publisher":{"@id":"https:\/\/balidecor.net\/#organization"},"potentialAction":[{"@type":"SearchAction","target":{"@type":"EntryPoint","urlTemplate":"https:\/\/balidecor.net\/?s={search_term_string}"},"query-input":{"@type":"PropertyValueSpecification","valueRequired":true,"valueName":"search_term_string"}}],"inLanguage":"en-US"},{"@type":"Organization","@id":"https:\/\/balidecor.net\/#organization","name":"Bali Decor","url":"https:\/\/balidecor.net\/","logo":{"@type":"ImageObject","inLanguage":"en-US","@id":"https:\/\/balidecor.net\/#\/schema\/logo\/image\/","url":"https:\/\/balidecor.net\/wp-content\/uploads\/2024\/02\/cropped-cropped-cropped-Rectangle-3-1-1-2.png","contentUrl":"https:\/\/balidecor.net\/wp-content\/uploads\/2024\/02\/cropped-cropped-cropped-Rectangle-3-1-1-2.png","width":149,"height":109,"caption":"Bali Decor"},"image":{"@id":"https:\/\/balidecor.net\/#\/schema\/logo\/image\/"},"sameAs":["https:\/\/www.instagram.com\/baliidecor"]},{"@type":"Person","@id":"https:\/\/balidecor.net\/#\/schema\/person\/5894ed19f8915a9018748da97b30cbd0","name":"Verda","image":{"@type":"ImageObject","inLanguage":"en-US","@id":"https:\/\/balidecor.net\/#\/schema\/person\/image\/","url":"https:\/\/secure.gravatar.com\/avatar\/c0551e5cc12c483aae0da052cda1e3829236976522aba16a17de9b2ebf4324eb?s=96&d=mm&r=g","contentUrl":"https:\/\/secure.gravatar.com\/avatar\/c0551e5cc12c483aae0da052cda1e3829236976522aba16a17de9b2ebf4324eb?s=96&d=mm&r=g","caption":"Verda"},"url":"https:\/\/balidecor.net\/en\/author\/verda\/"}]}},"_links":{"self":[{"href":"https:\/\/balidecor.net\/en\/wp-json\/wp\/v2\/posts\/1965","targetHints":{"allow":["GET"]}}],"collection":[{"href":"https:\/\/balidecor.net\/en\/wp-json\/wp\/v2\/posts"}],"about":[{"href":"https:\/\/balidecor.net\/en\/wp-json\/wp\/v2\/types\/post"}],"author":[{"embeddable":true,"href":"https:\/\/balidecor.net\/en\/wp-json\/wp\/v2\/users\/6"}],"replies":[{"embeddable":true,"href":"https:\/\/balidecor.net\/en\/wp-json\/wp\/v2\/comments?post=1965"}],"version-history":[{"count":21,"href":"https:\/\/balidecor.net\/en\/wp-json\/wp\/v2\/posts\/1965\/revisions"}],"predecessor-version":[{"id":3178,"href":"https:\/\/balidecor.net\/en\/wp-json\/wp\/v2\/posts\/1965\/revisions\/3178"}],"wp:featuredmedia":[{"embeddable":true,"href":"https:\/\/balidecor.net\/en\/wp-json\/wp\/v2\/media\/1968"}],"wp:attachment":[{"href":"https:\/\/balidecor.net\/en\/wp-json\/wp\/v2\/media?parent=1965"}],"wp:term":[{"taxonomy":"category","embeddable":true,"href":"https:\/\/balidecor.net\/en\/wp-json\/wp\/v2\/categories?post=1965"},{"taxonomy":"post_tag","embeddable":true,"href":"https:\/\/balidecor.net\/en\/wp-json\/wp\/v2\/tags?post=1965"}],"curies":[{"name":"wp","href":"https:\/\/api.w.org\/{rel}","templated":true}]}}