{"id":1992,"date":"2025-08-19T13:48:22","date_gmt":"2025-08-19T13:48:22","guid":{"rendered":"https:\/\/balidecor.net\/?p=1992"},"modified":"2026-01-02T18:41:44","modified_gmt":"2026-01-02T15:41:44","slug":"dogal-rattan-sandalyelerle-salonunuza-huzur-katin","status":"publish","type":"post","link":"https:\/\/balidecor.net\/en\/mobilya\/dogal-rattan-sandalyelerle-salonunuza-huzur-katin\/","title":{"rendered":"Do\u011fal Rattan Sandalyelerle Salonunuza Huzur Kat\u0131n"},"content":{"rendered":"<div data-elementor-type=\"wp-post\" data-elementor-id=\"1992\" class=\"elementor elementor-1992\" data-elementor-settings=\"{&quot;ha_cmc_init_switcher&quot;:&quot;no&quot;}\" data-elementor-post-type=\"post\">\n\t\t\t\t<div class=\"elementor-element elementor-element-2fe1260c e-flex e-con-boxed e-con e-parent\" data-id=\"2fe1260c\" data-element_type=\"container\" data-settings=\"{&quot;_ha_eqh_enable&quot;:false}\">\n\t\t\t\t\t<div class=\"e-con-inner\">\n\t\t\t\t<div class=\"elementor-element elementor-element-2c27f79c elementor-widget elementor-widget-text-editor\" data-id=\"2c27f79c\" data-element_type=\"widget\" data-widget_type=\"text-editor.default\">\n\t\t\t\t<div class=\"elementor-widget-container\">\n\t\t\t\t\t\t\t\t\t\n<p>Evlerimiz, d\u0131\u015far\u0131daki g\u00fcr\u00fclt\u00fc ve karma\u015fadan uzakla\u015ft\u0131\u011f\u0131m\u0131z en \u00f6zel alanlar\u0131m\u0131zd\u0131r. Do\u011fal ve el i\u015f\u00e7ili\u011fiyle \u00fcretilmi\u015f mobilyalar, sadece \u015f\u0131kl\u0131k katmakla kalmaz, ayn\u0131 zamanda huzurlu bir atmosfer yarat\u0131r. \u0130\u015fte tam da bu y\u00fczden rattan sandalyeler, son y\u0131llar\u0131n en \u00e7ok tercih edilen dekorasyon \u00fcr\u00fcnlerinden biri haline geldi.<\/p>\n<figure id=\"attachment_1395\" aria-describedby=\"caption-attachment-1395\" style=\"width: 197px\" class=\"wp-caption alignnone\"><a href=\"https:\/\/balidecor.net\/wp-content\/uploads\/2024\/12\/3-7.png\"><img fetchpriority=\"high\" decoding=\"async\" class=\"size-medium wp-image-1395\" src=\"https:\/\/balidecor.net\/wp-content\/uploads\/2024\/12\/3-7-197x300.png\" alt=\"\" width=\"197\" height=\"300\" srcset=\"https:\/\/balidecor.net\/wp-content\/uploads\/2024\/12\/3-7-197x300.png 197w, https:\/\/balidecor.net\/wp-content\/uploads\/2024\/12\/3-7.png 369w\" sizes=\"(max-width: 197px) 100vw, 197px\" \/><\/a><figcaption id=\"caption-attachment-1395\" class=\"wp-caption-text\">El Yap\u0131m\u0131 Do\u011fal Rattan Sandalye,Metal Ayakl\u0131 Modern Tasar\u0131m<\/figcaption><\/figure>\n\n<p>El \u0130\u015f\u00e7ili\u011fi ve Do\u011fall\u0131\u011f\u0131n Bulu\u015fmas\u0131<\/p>\n\n<p>Bali\u2019nin ustalar\u0131n\u0131n elinden \u00e7\u0131kan do\u011fal rattan sandalyeler, uzun \u00f6m\u00fcrl\u00fc kullan\u0131m\u0131yla dikkat \u00e7eker. Metal ayaklar\u0131 sayesinde sa\u011flam bir yap\u0131ya sahip olan bu sandalyeler, ayn\u0131 zamanda modern \u00e7izgilere de sahiptir. Hem dayan\u0131kl\u0131 hem de estetik olmas\u0131, rattan sandalyeleri salonlardan yemek odalar\u0131na, hatta balkonlara kadar pek \u00e7ok alanda vazge\u00e7ilmez k\u0131l\u0131yor.<\/p>\n\n<p>Bohem ve \u0130skandinav Tarz\u0131n\u0131n Vazge\u00e7ilmezi<\/p>\n\n<p>Rattan mobilyalar, \u00f6zellikle Bohem ve \u0130skandinav dekorasyon tarz\u0131n\u0131 sevenler i\u00e7in m\u00fckemmel bir se\u00e7imdir. Do\u011fal renk tonlar\u0131, keten \u00f6rt\u00fcler ve ah\u015fap objelerle birle\u015fti\u011finde, evinizde s\u0131cak ve samimi bir atmosfer olu\u015fturur. Minimalist \u00e7izgisiyle sadelik arayanlara da hitap eder.<\/p>\n\n<p>Son Stoklarla S\u0131n\u0131rl\u0131!<\/p>\n\n<p>\u015eu anda s\u0131n\u0131rl\u0131 say\u0131da bulunan bu \u00f6zel sandalyeler, hem evinize do\u011fall\u0131k katacak hem de uzun y\u0131llar keyifle kullanabilece\u011finiz bir yat\u0131r\u0131m par\u00e7as\u0131 olacak.<\/p>\n\n<p>\ud83d\udccd Bali Decor \u0130stanbul Bak\u0131rk\u00f6y Showroom\u2019umuzu ziyaret ederek sandalyeleri yak\u0131ndan g\u00f6rebilir veya web sitemiz \u00fczerinden g\u00fcvenle sipari\u015f verebilirsiniz.<a href=\"http:\/\/www.balidecor.net\">http:\/\/www.balidecor.net<\/a><\/p>\n\n<p>Yada Trendyol ma\u011fazam\u0131zdan sat\u0131n alabilirsiniz.<a href=\"https:\/\/www.trendyol.com\/pd\/versa\/metal-ayakli-rattan-sandalye-dogal-dayanikli-balkon-ve-teras-sandalyesi-p-974072108?boutiqueId=61&amp;merchantId=822501&amp;filterOverPriceListings=false&amp;sav=true\">https:\/\/www.trendyol.com\/pd\/versa\/metal-ayakli-rattan-sandalye-dogal-dayanikli-balkon-ve-teras-sandalyesi-p-974072108?boutiqueId=61&amp;merchantId=822501&amp;filterOverPriceListings=false&amp;sav=true<\/a><\/p>\n\n<p>Dilerseniz \u0130nstagram sayfam\u0131zdan ileti\u015fime ge\u00e7ebilirsiniz <a href=\"https:\/\/www.instagram.com\/baliidecor?igsh=MWpvdmEyMnZtcTVoNQ%3D%3D&amp;utm_source=qr\">https:\/\/www.instagram.com\/baliidecor?igsh=MWpvdmEyMnZtcTVoNQ%3D%3D&amp;utm_source=qr<\/a><\/p>\n\n<p>\u00a0<\/p>\n\t\t\t\t\t\t\t\t<\/div>\n\t\t\t\t<\/div>\n\t\t\t\t\t<\/div>\n\t\t\t\t<\/div>\n\t\t<div class=\"elementor-element elementor-element-9c6fb11 e-flex e-con-boxed e-con e-parent\" data-id=\"9c6fb11\" data-element_type=\"container\" data-settings=\"{&quot;_ha_eqh_enable&quot;:false}\">\n\t\t\t\t\t<div class=\"e-con-inner\">\n\t\t\t\t<div class=\"elementor-element elementor-element-315ac7c elementor-widget elementor-widget-image\" data-id=\"315ac7c\" data-element_type=\"widget\" data-widget_type=\"image.default\">\n\t\t\t\t<div class=\"elementor-widget-container\">\n\t\t\t\t\t\t\t\t\t\t\t\t\t\t\t<img decoding=\"async\" src=\"https:\/\/balidecor.net\/wp-content\/plugins\/elementor\/assets\/images\/placeholder.png\" title=\"\" alt=\"\" loading=\"lazy\" \/>\t\t\t\t\t\t\t\t\t\t\t\t\t\t\t<\/div>\n\t\t\t\t<\/div>\n\t\t\t\t\t<\/div>\n\t\t\t\t<\/div>\n\t\t<div class=\"elementor-element elementor-element-d8ff4d5 e-flex e-con-boxed e-con e-parent\" data-id=\"d8ff4d5\" data-element_type=\"container\" data-settings=\"{&quot;_ha_eqh_enable&quot;:false}\">\n\t\t\t\t\t<div class=\"e-con-inner\">\n\t\t\t\t<div class=\"elementor-element elementor-element-965a8f2 elementor-widget elementor-widget-video\" data-id=\"965a8f2\" data-element_type=\"widget\" data-settings=\"{&quot;youtube_url&quot;:&quot;https:\\\/\\\/www.youtube.com\\\/watch?v=XHOmBV4js_E&quot;,&quot;video_type&quot;:&quot;youtube&quot;}\" data-widget_type=\"video.default\">\n\t\t\t\t<div class=\"elementor-widget-container\">\n\t\t\t\t\t\t\t<div class=\"elementor-wrapper elementor-open-inline\">\n\t\t\t<div class=\"elementor-video\"><\/div>\t\t<\/div>\n\t\t\t\t\t\t<\/div>\n\t\t\t\t<\/div>\n\t\t\t\t\t<\/div>\n\t\t\t\t<\/div>\n\t\t\t\t<\/div>","protected":false},"excerpt":{"rendered":"<p>Evlerimiz, d\u0131\u015far\u0131daki g\u00fcr\u00fclt\u00fc ve karma\u015fadan uzakla\u015ft\u0131\u011f\u0131m\u0131z en \u00f6zel alanlar\u0131m\u0131zd\u0131r. Do\u011fal ve el i\u015f\u00e7ili\u011fiyle \u00fcretilmi\u015f mobilyalar, sadece \u015f\u0131kl\u0131k katmakla kalmaz, ayn\u0131 zamanda huzurlu bir atmosfer yarat\u0131r. \u0130\u015fte tam da bu y\u00fczden rattan sandalyeler, son y\u0131llar\u0131n en \u00e7ok tercih edilen dekorasyon \u00fcr\u00fcnlerinden biri haline geldi. El \u0130\u015f\u00e7ili\u011fi ve Do\u011fall\u0131\u011f\u0131n Bulu\u015fmas\u0131 Bali\u2019nin ustalar\u0131n\u0131n elinden \u00e7\u0131kan do\u011fal rattan sandalyeler, [&hellip;]<\/p>","protected":false},"author":6,"featured_media":2475,"comment_status":"open","ping_status":"open","sticky":false,"template":"","format":"standard","meta":{"_monsterinsights_skip_tracking":false,"_monsterinsights_sitenote_active":false,"_monsterinsights_sitenote_note":"","_monsterinsights_sitenote_category":0,"footnotes":""},"categories":[54],"tags":[309,308,306,304,311,305,307,259,310,312],"class_list":["post-1992","post","type-post","status-publish","format-standard","has-post-thumbnail","hentry","category-mobilya","tag-bakirkoy-mobilya","tag-bali-dekor","tag-bohem-dekorasyon","tag-dogal-sandalye","tag-dogal-yasam","tag-el-yapimi-mobilya","tag-iskandinav-tarzi","tag-rattan-sandalye","tag-salon-dekorasyonu","tag-surdurulebilir-mobilya"],"yoast_head":"<!-- This site is optimized with the Yoast SEO plugin v26.7 - https:\/\/yoast.com\/wordpress\/plugins\/seo\/ -->\n<title>Do\u011fal Rattan Sandalyelerle Salonunuza Huzur Kat\u0131n - Bali Decor<\/title>\n<meta name=\"description\" content=\"El i\u015f\u00e7ili\u011fi ile \u00fcretilmi\u015f do\u011fal rattan sandalye.Metal ayakl\u0131 modern tasar\u0131mla hem dayan\u0131kl\u0131 hem \u015f\u0131k.Bali decor istanbul bak\u0131rk\u00f6y showroom.\" \/>\n<meta name=\"robots\" content=\"index, follow, max-snippet:-1, max-image-preview:large, max-video-preview:-1\" \/>\n<link rel=\"canonical\" href=\"https:\/\/balidecor.net\/en\/mobilya\/dogal-rattan-sandalyelerle-salonunuza-huzur-katin\/\" \/>\n<meta property=\"og:locale\" content=\"en_US\" \/>\n<meta property=\"og:type\" content=\"article\" \/>\n<meta property=\"og:title\" content=\"Do\u011fal Rattan Sandalyelerle Salonunuza Huzur Kat\u0131n - Bali Decor\" \/>\n<meta property=\"og:description\" content=\"El i\u015f\u00e7ili\u011fi ile \u00fcretilmi\u015f do\u011fal rattan sandalye.Metal ayakl\u0131 modern tasar\u0131mla hem dayan\u0131kl\u0131 hem \u015f\u0131k.Bali decor istanbul bak\u0131rk\u00f6y showroom.\" \/>\n<meta property=\"og:url\" content=\"https:\/\/balidecor.net\/en\/mobilya\/dogal-rattan-sandalyelerle-salonunuza-huzur-katin\/\" \/>\n<meta property=\"og:site_name\" content=\"Bali Decor\" \/>\n<meta property=\"article:published_time\" content=\"2025-08-19T13:48:22+00:00\" \/>\n<meta property=\"article:modified_time\" content=\"2026-01-02T15:41:44+00:00\" \/>\n<meta property=\"og:image\" content=\"https:\/\/balidecor.net\/wp-content\/uploads\/2025\/12\/IMG_3922.jpg\" \/>\n\t<meta property=\"og:image:width\" content=\"1792\" \/>\n\t<meta property=\"og:image:height\" content=\"2400\" \/>\n\t<meta property=\"og:image:type\" content=\"image\/jpeg\" \/>\n<meta name=\"author\" content=\"Verda\" \/>\n<meta name=\"twitter:card\" content=\"summary_large_image\" \/>\n<meta name=\"twitter:label1\" content=\"Written by\" \/>\n\t<meta name=\"twitter:data1\" content=\"Verda\" \/>\n\t<meta name=\"twitter:label2\" content=\"Est. reading time\" \/>\n\t<meta name=\"twitter:data2\" content=\"2 minutes\" \/>\n<script type=\"application\/ld+json\" class=\"yoast-schema-graph\">{\"@context\":\"https:\/\/schema.org\",\"@graph\":[{\"@type\":\"Article\",\"@id\":\"https:\/\/balidecor.net\/mobilya\/dogal-rattan-sandalyelerle-salonunuza-huzur-katin\/#article\",\"isPartOf\":{\"@id\":\"https:\/\/balidecor.net\/mobilya\/dogal-rattan-sandalyelerle-salonunuza-huzur-katin\/\"},\"author\":{\"name\":\"Verda\",\"@id\":\"https:\/\/balidecor.net\/#\/schema\/person\/5894ed19f8915a9018748da97b30cbd0\"},\"headline\":\"Do\u011fal Rattan Sandalyelerle Salonunuza Huzur Kat\u0131n\",\"datePublished\":\"2025-08-19T13:48:22+00:00\",\"dateModified\":\"2026-01-02T15:41:44+00:00\",\"mainEntityOfPage\":{\"@id\":\"https:\/\/balidecor.net\/mobilya\/dogal-rattan-sandalyelerle-salonunuza-huzur-katin\/\"},\"wordCount\":336,\"commentCount\":0,\"publisher\":{\"@id\":\"https:\/\/balidecor.net\/#organization\"},\"image\":{\"@id\":\"https:\/\/balidecor.net\/mobilya\/dogal-rattan-sandalyelerle-salonunuza-huzur-katin\/#primaryimage\"},\"thumbnailUrl\":\"https:\/\/balidecor.net\/wp-content\/uploads\/2025\/12\/IMG_3922.jpg\",\"keywords\":[\"bak\u0131rk\u00f6y mobilya\",\"bali dekor\",\"bohem dekorasyon\",\"do\u011fal sandalye\",\"do\u011fal ya\u015fam\",\"el yap\u0131m\u0131 mobilya\",\"iskandinav tarz\u0131\",\"rattan sandalye\",\"salon dekorasyonu\",\"s\u00fcrd\u00fcr\u00fclebilir mobilya\"],\"articleSection\":[\"Mobilya\"],\"inLanguage\":\"en-US\",\"potentialAction\":[{\"@type\":\"CommentAction\",\"name\":\"Comment\",\"target\":[\"https:\/\/balidecor.net\/mobilya\/dogal-rattan-sandalyelerle-salonunuza-huzur-katin\/#respond\"]}]},{\"@type\":\"WebPage\",\"@id\":\"https:\/\/balidecor.net\/mobilya\/dogal-rattan-sandalyelerle-salonunuza-huzur-katin\/\",\"url\":\"https:\/\/balidecor.net\/mobilya\/dogal-rattan-sandalyelerle-salonunuza-huzur-katin\/\",\"name\":\"Do\u011fal Rattan Sandalyelerle Salonunuza Huzur Kat\u0131n - Bali Decor\",\"isPartOf\":{\"@id\":\"https:\/\/balidecor.net\/#website\"},\"primaryImageOfPage\":{\"@id\":\"https:\/\/balidecor.net\/mobilya\/dogal-rattan-sandalyelerle-salonunuza-huzur-katin\/#primaryimage\"},\"image\":{\"@id\":\"https:\/\/balidecor.net\/mobilya\/dogal-rattan-sandalyelerle-salonunuza-huzur-katin\/#primaryimage\"},\"thumbnailUrl\":\"https:\/\/balidecor.net\/wp-content\/uploads\/2025\/12\/IMG_3922.jpg\",\"datePublished\":\"2025-08-19T13:48:22+00:00\",\"dateModified\":\"2026-01-02T15:41:44+00:00\",\"description\":\"El i\u015f\u00e7ili\u011fi ile \u00fcretilmi\u015f do\u011fal rattan sandalye.Metal ayakl\u0131 modern tasar\u0131mla hem dayan\u0131kl\u0131 hem \u015f\u0131k.Bali decor istanbul bak\u0131rk\u00f6y showroom.\",\"breadcrumb\":{\"@id\":\"https:\/\/balidecor.net\/mobilya\/dogal-rattan-sandalyelerle-salonunuza-huzur-katin\/#breadcrumb\"},\"inLanguage\":\"en-US\",\"potentialAction\":[{\"@type\":\"ReadAction\",\"target\":[\"https:\/\/balidecor.net\/mobilya\/dogal-rattan-sandalyelerle-salonunuza-huzur-katin\/\"]}]},{\"@type\":\"ImageObject\",\"inLanguage\":\"en-US\",\"@id\":\"https:\/\/balidecor.net\/mobilya\/dogal-rattan-sandalyelerle-salonunuza-huzur-katin\/#primaryimage\",\"url\":\"https:\/\/balidecor.net\/wp-content\/uploads\/2025\/12\/IMG_3922.jpg\",\"contentUrl\":\"https:\/\/balidecor.net\/wp-content\/uploads\/2025\/12\/IMG_3922.jpg\",\"width\":1792,\"height\":2400,\"caption\":\"Rattan Tekli Koltuk Do\u011fal rattan dokusu ve el i\u015f\u00e7ili\u011fi detaylar\"},{\"@type\":\"BreadcrumbList\",\"@id\":\"https:\/\/balidecor.net\/mobilya\/dogal-rattan-sandalyelerle-salonunuza-huzur-katin\/#breadcrumb\",\"itemListElement\":[{\"@type\":\"ListItem\",\"position\":1,\"name\":\"Ev\",\"item\":\"https:\/\/balidecor.net\/\"},{\"@type\":\"ListItem\",\"position\":2,\"name\":\"Mobilya\",\"item\":\"https:\/\/balidecor.net\/blog\/mobilya\/\"},{\"@type\":\"ListItem\",\"position\":3,\"name\":\"Do\u011fal Rattan Sandalyelerle Salonunuza Huzur Kat\u0131n\"}]},{\"@type\":\"WebSite\",\"@id\":\"https:\/\/balidecor.net\/#website\",\"url\":\"https:\/\/balidecor.net\/\",\"name\":\"Bali Decor\",\"description\":\"\",\"publisher\":{\"@id\":\"https:\/\/balidecor.net\/#organization\"},\"potentialAction\":[{\"@type\":\"SearchAction\",\"target\":{\"@type\":\"EntryPoint\",\"urlTemplate\":\"https:\/\/balidecor.net\/?s={search_term_string}\"},\"query-input\":{\"@type\":\"PropertyValueSpecification\",\"valueRequired\":true,\"valueName\":\"search_term_string\"}}],\"inLanguage\":\"en-US\"},{\"@type\":\"Organization\",\"@id\":\"https:\/\/balidecor.net\/#organization\",\"name\":\"Bali Decor\",\"url\":\"https:\/\/balidecor.net\/\",\"logo\":{\"@type\":\"ImageObject\",\"inLanguage\":\"en-US\",\"@id\":\"https:\/\/balidecor.net\/#\/schema\/logo\/image\/\",\"url\":\"https:\/\/balidecor.net\/wp-content\/uploads\/2024\/02\/cropped-cropped-cropped-Rectangle-3-1-1-2.png\",\"contentUrl\":\"https:\/\/balidecor.net\/wp-content\/uploads\/2024\/02\/cropped-cropped-cropped-Rectangle-3-1-1-2.png\",\"width\":149,\"height\":109,\"caption\":\"Bali Decor\"},\"image\":{\"@id\":\"https:\/\/balidecor.net\/#\/schema\/logo\/image\/\"},\"sameAs\":[\"https:\/\/www.instagram.com\/baliidecor\"]},{\"@type\":\"Person\",\"@id\":\"https:\/\/balidecor.net\/#\/schema\/person\/5894ed19f8915a9018748da97b30cbd0\",\"name\":\"Verda\",\"image\":{\"@type\":\"ImageObject\",\"inLanguage\":\"en-US\",\"@id\":\"https:\/\/balidecor.net\/#\/schema\/person\/image\/\",\"url\":\"https:\/\/secure.gravatar.com\/avatar\/c0551e5cc12c483aae0da052cda1e3829236976522aba16a17de9b2ebf4324eb?s=96&d=mm&r=g\",\"contentUrl\":\"https:\/\/secure.gravatar.com\/avatar\/c0551e5cc12c483aae0da052cda1e3829236976522aba16a17de9b2ebf4324eb?s=96&d=mm&r=g\",\"caption\":\"Verda\"},\"url\":\"https:\/\/balidecor.net\/en\/author\/verda\/\"}]}<\/script>\n<!-- \/ Yoast SEO plugin. -->","yoast_head_json":{"title":"Do\u011fal Rattan Sandalyelerle Salonunuza Huzur Kat\u0131n - Bali Decor","description":"El i\u015f\u00e7ili\u011fi ile \u00fcretilmi\u015f do\u011fal rattan sandalye.Metal ayakl\u0131 modern tasar\u0131mla hem dayan\u0131kl\u0131 hem \u015f\u0131k.Bali decor istanbul bak\u0131rk\u00f6y showroom.","robots":{"index":"index","follow":"follow","max-snippet":"max-snippet:-1","max-image-preview":"max-image-preview:large","max-video-preview":"max-video-preview:-1"},"canonical":"https:\/\/balidecor.net\/en\/mobilya\/dogal-rattan-sandalyelerle-salonunuza-huzur-katin\/","og_locale":"en_US","og_type":"article","og_title":"Do\u011fal Rattan Sandalyelerle Salonunuza Huzur Kat\u0131n - Bali Decor","og_description":"El i\u015f\u00e7ili\u011fi ile \u00fcretilmi\u015f do\u011fal rattan sandalye.Metal ayakl\u0131 modern tasar\u0131mla hem dayan\u0131kl\u0131 hem \u015f\u0131k.Bali decor istanbul bak\u0131rk\u00f6y showroom.","og_url":"https:\/\/balidecor.net\/en\/mobilya\/dogal-rattan-sandalyelerle-salonunuza-huzur-katin\/","og_site_name":"Bali Decor","article_published_time":"2025-08-19T13:48:22+00:00","article_modified_time":"2026-01-02T15:41:44+00:00","og_image":[{"width":1792,"height":2400,"url":"https:\/\/balidecor.net\/wp-content\/uploads\/2025\/12\/IMG_3922.jpg","type":"image\/jpeg"}],"author":"Verda","twitter_card":"summary_large_image","twitter_misc":{"Written by":"Verda","Est. reading time":"2 minutes"},"schema":{"@context":"https:\/\/schema.org","@graph":[{"@type":"Article","@id":"https:\/\/balidecor.net\/mobilya\/dogal-rattan-sandalyelerle-salonunuza-huzur-katin\/#article","isPartOf":{"@id":"https:\/\/balidecor.net\/mobilya\/dogal-rattan-sandalyelerle-salonunuza-huzur-katin\/"},"author":{"name":"Verda","@id":"https:\/\/balidecor.net\/#\/schema\/person\/5894ed19f8915a9018748da97b30cbd0"},"headline":"Do\u011fal Rattan Sandalyelerle Salonunuza Huzur Kat\u0131n","datePublished":"2025-08-19T13:48:22+00:00","dateModified":"2026-01-02T15:41:44+00:00","mainEntityOfPage":{"@id":"https:\/\/balidecor.net\/mobilya\/dogal-rattan-sandalyelerle-salonunuza-huzur-katin\/"},"wordCount":336,"commentCount":0,"publisher":{"@id":"https:\/\/balidecor.net\/#organization"},"image":{"@id":"https:\/\/balidecor.net\/mobilya\/dogal-rattan-sandalyelerle-salonunuza-huzur-katin\/#primaryimage"},"thumbnailUrl":"https:\/\/balidecor.net\/wp-content\/uploads\/2025\/12\/IMG_3922.jpg","keywords":["bak\u0131rk\u00f6y mobilya","bali dekor","bohem dekorasyon","do\u011fal sandalye","do\u011fal ya\u015fam","el yap\u0131m\u0131 mobilya","iskandinav tarz\u0131","rattan sandalye","salon dekorasyonu","s\u00fcrd\u00fcr\u00fclebilir mobilya"],"articleSection":["Mobilya"],"inLanguage":"en-US","potentialAction":[{"@type":"CommentAction","name":"Comment","target":["https:\/\/balidecor.net\/mobilya\/dogal-rattan-sandalyelerle-salonunuza-huzur-katin\/#respond"]}]},{"@type":"WebPage","@id":"https:\/\/balidecor.net\/mobilya\/dogal-rattan-sandalyelerle-salonunuza-huzur-katin\/","url":"https:\/\/balidecor.net\/mobilya\/dogal-rattan-sandalyelerle-salonunuza-huzur-katin\/","name":"Do\u011fal Rattan Sandalyelerle Salonunuza Huzur Kat\u0131n - Bali Decor","isPartOf":{"@id":"https:\/\/balidecor.net\/#website"},"primaryImageOfPage":{"@id":"https:\/\/balidecor.net\/mobilya\/dogal-rattan-sandalyelerle-salonunuza-huzur-katin\/#primaryimage"},"image":{"@id":"https:\/\/balidecor.net\/mobilya\/dogal-rattan-sandalyelerle-salonunuza-huzur-katin\/#primaryimage"},"thumbnailUrl":"https:\/\/balidecor.net\/wp-content\/uploads\/2025\/12\/IMG_3922.jpg","datePublished":"2025-08-19T13:48:22+00:00","dateModified":"2026-01-02T15:41:44+00:00","description":"El i\u015f\u00e7ili\u011fi ile \u00fcretilmi\u015f do\u011fal rattan sandalye.Metal ayakl\u0131 modern tasar\u0131mla hem dayan\u0131kl\u0131 hem \u015f\u0131k.Bali decor istanbul bak\u0131rk\u00f6y showroom.","breadcrumb":{"@id":"https:\/\/balidecor.net\/mobilya\/dogal-rattan-sandalyelerle-salonunuza-huzur-katin\/#breadcrumb"},"inLanguage":"en-US","potentialAction":[{"@type":"ReadAction","target":["https:\/\/balidecor.net\/mobilya\/dogal-rattan-sandalyelerle-salonunuza-huzur-katin\/"]}]},{"@type":"ImageObject","inLanguage":"en-US","@id":"https:\/\/balidecor.net\/mobilya\/dogal-rattan-sandalyelerle-salonunuza-huzur-katin\/#primaryimage","url":"https:\/\/balidecor.net\/wp-content\/uploads\/2025\/12\/IMG_3922.jpg","contentUrl":"https:\/\/balidecor.net\/wp-content\/uploads\/2025\/12\/IMG_3922.jpg","width":1792,"height":2400,"caption":"Rattan Tekli Koltuk Do\u011fal rattan dokusu ve el i\u015f\u00e7ili\u011fi detaylar"},{"@type":"BreadcrumbList","@id":"https:\/\/balidecor.net\/mobilya\/dogal-rattan-sandalyelerle-salonunuza-huzur-katin\/#breadcrumb","itemListElement":[{"@type":"ListItem","position":1,"name":"Ev","item":"https:\/\/balidecor.net\/"},{"@type":"ListItem","position":2,"name":"Mobilya","item":"https:\/\/balidecor.net\/blog\/mobilya\/"},{"@type":"ListItem","position":3,"name":"Do\u011fal Rattan Sandalyelerle Salonunuza Huzur Kat\u0131n"}]},{"@type":"WebSite","@id":"https:\/\/balidecor.net\/#website","url":"https:\/\/balidecor.net\/","name":"Bali Decor","description":"","publisher":{"@id":"https:\/\/balidecor.net\/#organization"},"potentialAction":[{"@type":"SearchAction","target":{"@type":"EntryPoint","urlTemplate":"https:\/\/balidecor.net\/?s={search_term_string}"},"query-input":{"@type":"PropertyValueSpecification","valueRequired":true,"valueName":"search_term_string"}}],"inLanguage":"en-US"},{"@type":"Organization","@id":"https:\/\/balidecor.net\/#organization","name":"Bali Decor","url":"https:\/\/balidecor.net\/","logo":{"@type":"ImageObject","inLanguage":"en-US","@id":"https:\/\/balidecor.net\/#\/schema\/logo\/image\/","url":"https:\/\/balidecor.net\/wp-content\/uploads\/2024\/02\/cropped-cropped-cropped-Rectangle-3-1-1-2.png","contentUrl":"https:\/\/balidecor.net\/wp-content\/uploads\/2024\/02\/cropped-cropped-cropped-Rectangle-3-1-1-2.png","width":149,"height":109,"caption":"Bali Decor"},"image":{"@id":"https:\/\/balidecor.net\/#\/schema\/logo\/image\/"},"sameAs":["https:\/\/www.instagram.com\/baliidecor"]},{"@type":"Person","@id":"https:\/\/balidecor.net\/#\/schema\/person\/5894ed19f8915a9018748da97b30cbd0","name":"Verda","image":{"@type":"ImageObject","inLanguage":"en-US","@id":"https:\/\/balidecor.net\/#\/schema\/person\/image\/","url":"https:\/\/secure.gravatar.com\/avatar\/c0551e5cc12c483aae0da052cda1e3829236976522aba16a17de9b2ebf4324eb?s=96&d=mm&r=g","contentUrl":"https:\/\/secure.gravatar.com\/avatar\/c0551e5cc12c483aae0da052cda1e3829236976522aba16a17de9b2ebf4324eb?s=96&d=mm&r=g","caption":"Verda"},"url":"https:\/\/balidecor.net\/en\/author\/verda\/"}]}},"_links":{"self":[{"href":"https:\/\/balidecor.net\/en\/wp-json\/wp\/v2\/posts\/1992","targetHints":{"allow":["GET"]}}],"collection":[{"href":"https:\/\/balidecor.net\/en\/wp-json\/wp\/v2\/posts"}],"about":[{"href":"https:\/\/balidecor.net\/en\/wp-json\/wp\/v2\/types\/post"}],"author":[{"embeddable":true,"href":"https:\/\/balidecor.net\/en\/wp-json\/wp\/v2\/users\/6"}],"replies":[{"embeddable":true,"href":"https:\/\/balidecor.net\/en\/wp-json\/wp\/v2\/comments?post=1992"}],"version-history":[{"count":22,"href":"https:\/\/balidecor.net\/en\/wp-json\/wp\/v2\/posts\/1992\/revisions"}],"predecessor-version":[{"id":2026,"href":"https:\/\/balidecor.net\/en\/wp-json\/wp\/v2\/posts\/1992\/revisions\/2026"}],"wp:featuredmedia":[{"embeddable":true,"href":"https:\/\/balidecor.net\/en\/wp-json\/wp\/v2\/media\/2475"}],"wp:attachment":[{"href":"https:\/\/balidecor.net\/en\/wp-json\/wp\/v2\/media?parent=1992"}],"wp:term":[{"taxonomy":"category","embeddable":true,"href":"https:\/\/balidecor.net\/en\/wp-json\/wp\/v2\/categories?post=1992"},{"taxonomy":"post_tag","embeddable":true,"href":"https:\/\/balidecor.net\/en\/wp-json\/wp\/v2\/tags?post=1992"}],"curies":[{"name":"wp","href":"https:\/\/api.w.org\/{rel}","templated":true}]}}