{"id":2354,"date":"2025-11-08T19:28:12","date_gmt":"2025-11-08T19:28:12","guid":{"rendered":"https:\/\/balidecor.net\/?p=2354"},"modified":"2026-01-23T10:02:12","modified_gmt":"2026-01-23T07:02:12","slug":"dogal-malzemelerin-zarafeti-rattan-ahsap-ve-cam-ile-bali-decor-dokunusu","status":"publish","type":"post","link":"https:\/\/balidecor.net\/en\/rattan-dekorasyon\/dogal-malzemelerin-zarafeti-rattan-ahsap-ve-cam-ile-bali-decor-dokunusu\/","title":{"rendered":"Do\u011fal Malzemelerin Zarafeti: Rattan, Ah\u015fap ve Cam ile Bali Decor Dokunu\u015fu"},"content":{"rendered":"<p>Evlerimiz, yaln\u0131zca ya\u015fad\u0131\u011f\u0131m\u0131z yerler de\u011fil; ruhumuzun bir yans\u0131mas\u0131d\u0131r.<br \/>Do\u011fan\u0131n sundu\u011fu sadelik, s\u0131cakl\u0131k ve huzur duygusunu ya\u015fam alanlar\u0131na ta\u015f\u0131mak isteyenler i\u00e7in Bali Dekor\u2019un koleksiyonu, hem estetik hem de s\u00fcrd\u00fcr\u00fclebilir bir d\u00fcnya sunuyor.<\/p>\r\n\r\n\r\n\r\n<p>Rattan Sandalyeler: Do\u011fal Dokunun Zamans\u0131z Konforu<\/p>\r\n\r\n\r\n\r\n<p>El i\u015f\u00e7ili\u011fiyle Bali\u2019de \u00fcretilen rattan sandalyeler, sadece bir oturma alan\u0131 de\u011fil; do\u011fal bir ya\u015fam tarz\u0131n\u0131n sembol\u00fcd\u00fcr.<br \/>Her bir par\u00e7a, ustalar\u0131n elinden \u00e7\u0131kan e\u015fsiz bir i\u015f\u00e7ilikle \u015fekillenir.<br \/>Bambu ve rattan\u0131n s\u0131cak tonlar\u0131, mek\u00e2n\u0131n\u0131za hem \u015f\u0131kl\u0131k hem de dinginlik katar.<\/p>\r\n\r\n\r\n\r\n<figure class=\"wp-block-image aligncenter size-large is-resized\"><a href=\"https:\/\/balidecor.net\/wp-content\/uploads\/2025\/11\/Photoroom_20240409_154543.jpg\"><img fetchpriority=\"high\" decoding=\"async\" width=\"1024\" height=\"1024\" class=\"wp-image-2359\" style=\"width: 277px; height: auto;\" src=\"https:\/\/balidecor.net\/wp-content\/uploads\/2025\/11\/Photoroom_20240409_154543-1024x1024.jpg\" alt=\"Do\u011fal rattan el i\u015f\u00e7ili\u011fi demir ayakl\u0131 sandalye \u2013 Bali Decor\" srcset=\"https:\/\/balidecor.net\/wp-content\/uploads\/2025\/11\/Photoroom_20240409_154543-1024x1024.jpg 1024w, https:\/\/balidecor.net\/wp-content\/uploads\/2025\/11\/Photoroom_20240409_154543-300x300.jpg 300w, https:\/\/balidecor.net\/wp-content\/uploads\/2025\/11\/Photoroom_20240409_154543-150x150.jpg 150w, https:\/\/balidecor.net\/wp-content\/uploads\/2025\/11\/Photoroom_20240409_154543-768x768.jpg 768w, https:\/\/balidecor.net\/wp-content\/uploads\/2025\/11\/Photoroom_20240409_154543-1536x1536.jpg 1536w, https:\/\/balidecor.net\/wp-content\/uploads\/2025\/11\/Photoroom_20240409_154543-12x12.jpg 12w, https:\/\/balidecor.net\/wp-content\/uploads\/2025\/11\/Photoroom_20240409_154543-600x600.jpg 600w, https:\/\/balidecor.net\/wp-content\/uploads\/2025\/11\/Photoroom_20240409_154543-100x100.jpg 100w, https:\/\/balidecor.net\/wp-content\/uploads\/2025\/11\/Photoroom_20240409_154543.jpg 1768w\" sizes=\"(max-width: 1024px) 100vw, 1024px\" \/><\/a>\r\n<figcaption class=\"wp-element-caption\">Tamamen do\u011fal rattandan elle \u00f6r\u00fclm\u00fc\u015ft\u00fcr. Demir ayaklar\u0131 sayesinde sa\u011flam ve uzun \u00f6m\u00fcrl\u00fc olan bu sandalye;oturma alan\u0131 55 cm, Oturma y\u00fcksekli\u011fi 47 cm, arka y\u00fcksekli\u011fi 85 cm\u2019dir.<\/figcaption>\r\n<\/figure>\r\n\r\n\r\n\r\n<p>Boy Aynalar\u0131: I\u015f\u0131\u011f\u0131 Yans\u0131tan Sanat<\/p>\r\n\r\n\r\n\r\n<p>Bir aynadan daha fazlas\u0131\u2026<br \/>Masif ah\u015fap \u00e7er\u00e7eveli boya aynalar, \u0131\u015f\u0131\u011f\u0131 i\u00e7eri al\u0131rken mek\u00e2n\u0131 geni\u015fletir ve do\u011fal bir zarafet katar.<br \/>Ah\u015fab\u0131n rustik dokusu, modern tasar\u0131mlarla birle\u015fti\u011finde ya\u015fam alanlar\u0131na s\u0131cakl\u0131k getirir.<\/p>\r\n\r\n\r\n\r\n<p>Cam Vazolar: Do\u011fan\u0131n ve Zanaat\u0131n Dans\u0131<\/p>\r\n\r\n\r\n\r\n<div class=\"wp-block-columns is-layout-flex wp-container-core-columns-is-layout-28f84493 wp-block-columns-is-layout-flex\">\r\n<div class=\"wp-block-column is-layout-flow wp-block-column-is-layout-flow\" style=\"flex-basis: 100%;\">\r\n<figure class=\"wp-block-image aligncenter size-large is-resized\"><a href=\"https:\/\/balidecor.net\/wp-content\/uploads\/2025\/11\/copy_DC8DFAF9-D67B-4B08-A512-B16A33BE6102-scaled.jpeg\"><img decoding=\"async\" class=\"wp-image-2357\" style=\"width: 224px; height: auto;\" src=\"https:\/\/balidecor.net\/wp-content\/uploads\/2025\/11\/copy_DC8DFAF9-D67B-4B08-A512-B16A33BE6102-768x1024.jpeg\" alt=\"El yap\u0131m\u0131 cam duvar vazosu \u2013 Bali Decor do\u011fal k\u00fct\u00fck \u00fcst\u00fcne \u00fcflenmi\u015f cam tasar\u0131m\" \/><\/a><\/figure>\r\n<\/div>\r\n<\/div>\r\n\r\n\r\n\r\n<p>Cam ve ah\u015fab\u0131n birle\u015fti\u011fi do\u011fal formlar, her biri tek olan el yap\u0131m\u0131 vazolarla bulu\u015fuyor.<br \/>Do\u011fada s\u00fcr\u00fcklenen bir k\u00fct\u00fc\u011f\u00fcn \u00fczerine ustalar taraf\u0131ndan cam \u00fcflenerek yap\u0131lan bu objeler, do\u011fan\u0131n kendisinden ba\u015fka hi\u00e7bir \u015feye benzemiyor.<br \/>Bu nedenle her biri bir sanat eseri niteli\u011finde.<\/p>\r\n\r\n\r\n\r\n<p>Do\u011fall\u0131\u011f\u0131n G\u00fcc\u00fc: Bohem ve Sade Mek\u00e2nlar<\/p>\r\n\r\n\r\n\r\n<figure class=\"wp-block-image aligncenter size-large is-resized\"><a href=\"https:\/\/balidecor.net\/wp-content\/uploads\/2025\/11\/Photoroom_20250912_153004.jpg\"><img decoding=\"async\" width=\"819\" height=\"1024\" class=\"wp-image-2358\" style=\"width: 210px; height: auto;\" src=\"https:\/\/balidecor.net\/wp-content\/uploads\/2025\/11\/Photoroom_20250912_153004-819x1024.jpg\" alt=\"El yap\u0131m\u0131 sus\u00fcmb\u00fcl\u00fc tabure \u2013 masif ah\u015fap iskeletli do\u011fal puf, Bali Decor\" srcset=\"https:\/\/balidecor.net\/wp-content\/uploads\/2025\/11\/Photoroom_20250912_153004-819x1024.jpg 819w, https:\/\/balidecor.net\/wp-content\/uploads\/2025\/11\/Photoroom_20250912_153004-240x300.jpg 240w, https:\/\/balidecor.net\/wp-content\/uploads\/2025\/11\/Photoroom_20250912_153004-768x960.jpg 768w, https:\/\/balidecor.net\/wp-content\/uploads\/2025\/11\/Photoroom_20250912_153004-10x12.jpg 10w, https:\/\/balidecor.net\/wp-content\/uploads\/2025\/11\/Photoroom_20250912_153004-600x750.jpg 600w, https:\/\/balidecor.net\/wp-content\/uploads\/2025\/11\/Photoroom_20250912_153004.jpg 1080w\" sizes=\"(max-width: 819px) 100vw, 819px\" \/><\/a>\r\n<figcaption class=\"wp-element-caption\">Tamamen do\u011fal sus\u00fcmb\u00fcl\u00fc bitkisinden elle \u00f6r\u00fclm\u00fc\u015ft\u00fcr. Masif ah\u015fap iskeleti sayesinde sa\u011flam ve uzun \u00f6m\u00fcrl\u00fcd\u00fcr. Tabure, puf veya sehpa olarak kullan\u0131labilir.<\/figcaption>\r\n<\/figure>\r\n\r\n\r\n\r\n<p>Bali Dekor\u2019un felsefesi, \u201cdo\u011fal malzemelerle huzurlu alanlar yaratmak.\u201d<br \/>Rattan, bambu, cam ve masif ah\u015fapla haz\u0131rlanm\u0131\u015f koleksiyonlar, sizi karma\u015fadan uzakla\u015ft\u0131r\u0131r.<br \/>Her \u00fcr\u00fcn, do\u011fan\u0131n zarafetini evinize ta\u015f\u0131mak i\u00e7in tasarlanm\u0131\u015ft\u0131r.<\/p>\r\n\r\n\r\n\r\n<p>Sat\u0131n Almadan \u00d6nce Sormak \u0130ster misiniz?<\/p>\r\n\r\n\r\n\r\n<p>\u00dcr\u00fcnler hakk\u0131nda bilgi almak veya stok durumunu \u00f6\u011frenmek i\u00e7in<br \/>WhatsApp\u2019tan bize ula\u015fabilirsiniz. <a href=\"https:\/\/wa.me\/905325633795\">https:\/\/wa.me\/905325633795<\/a><br \/>ve size yard\u0131mc\u0131 olmaktan memnuniyet duyar\u0131z.<\/p>\r\n\r\n\r\n\r\n<p>&nbsp;<\/p>","protected":false},"excerpt":{"rendered":"<p>Evlerimiz, yaln\u0131zca ya\u015fad\u0131\u011f\u0131m\u0131z yerler de\u011fil; ruhumuzun bir yans\u0131mas\u0131d\u0131r.Do\u011fan\u0131n sundu\u011fu sadelik, s\u0131cakl\u0131k ve huzur duygusunu ya\u015fam alanlar\u0131na ta\u015f\u0131mak isteyenler i\u00e7in Bali Dekor\u2019un koleksiyonu, hem estetik hem de s\u00fcrd\u00fcr\u00fclebilir bir d\u00fcnya sunuyor. Rattan Sandalyeler: Do\u011fal Dokunun Zamans\u0131z Konforu El i\u015f\u00e7ili\u011fiyle Bali\u2019de \u00fcretilen rattan sandalyeler, sadece bir oturma alan\u0131 de\u011fil; do\u011fal bir ya\u015fam tarz\u0131n\u0131n sembol\u00fcd\u00fcr.Her bir par\u00e7a, ustalar\u0131n [&hellip;]<\/p>","protected":false},"author":6,"featured_media":2417,"comment_status":"open","ping_status":"open","sticky":false,"template":"","format":"standard","meta":{"_monsterinsights_skip_tracking":false,"_monsterinsights_sitenote_active":false,"_monsterinsights_sitenote_note":"","_monsterinsights_sitenote_category":0,"footnotes":""},"categories":[369],"tags":[],"class_list":["post-2354","post","type-post","status-publish","format-standard","has-post-thumbnail","hentry","category-rattan-dekorasyon"],"yoast_head":"<!-- This site is optimized with the Yoast SEO plugin v26.7 - https:\/\/yoast.com\/wordpress\/plugins\/seo\/ -->\n<title>Do\u011fal Malzemelerin Zarafeti: Rattan, Ah\u015fap ve Cam ile Bali Decor Dokunu\u015fu - Bali Decor<\/title>\n<meta name=\"description\" content=\"El i\u015f\u00e7ili\u011fiyle Bali\u2019de \u00fcretilen rattan sandalyeler, sadece bir oturma alan\u0131 de\u011fil; do\u011fal bir ya\u015fam tarz\u0131n\u0131n sembol\u00fcd\u00fcr.\" \/>\n<meta name=\"robots\" content=\"index, follow, max-snippet:-1, max-image-preview:large, max-video-preview:-1\" \/>\n<link rel=\"canonical\" href=\"https:\/\/balidecor.net\/en\/rattan-dekorasyon\/dogal-malzemelerin-zarafeti-rattan-ahsap-ve-cam-ile-bali-decor-dokunusu\/\" \/>\n<meta property=\"og:locale\" content=\"en_US\" \/>\n<meta property=\"og:type\" content=\"article\" \/>\n<meta property=\"og:title\" content=\"Do\u011fal Malzemelerin Zarafeti: Rattan, Ah\u015fap ve Cam ile Bali Decor Dokunu\u015fu - Bali Decor\" \/>\n<meta property=\"og:description\" content=\"El i\u015f\u00e7ili\u011fiyle Bali\u2019de \u00fcretilen rattan sandalyeler, sadece bir oturma alan\u0131 de\u011fil; do\u011fal bir ya\u015fam tarz\u0131n\u0131n sembol\u00fcd\u00fcr.\" \/>\n<meta property=\"og:url\" content=\"https:\/\/balidecor.net\/en\/rattan-dekorasyon\/dogal-malzemelerin-zarafeti-rattan-ahsap-ve-cam-ile-bali-decor-dokunusu\/\" \/>\n<meta property=\"og:site_name\" content=\"Bali Decor\" \/>\n<meta property=\"article:published_time\" content=\"2025-11-08T19:28:12+00:00\" \/>\n<meta property=\"article:modified_time\" content=\"2026-01-23T07:02:12+00:00\" \/>\n<meta property=\"og:image\" content=\"https:\/\/balidecor.net\/wp-content\/uploads\/2025\/11\/SANDALYELER.png\" \/>\n\t<meta property=\"og:image:width\" content=\"1080\" \/>\n\t<meta property=\"og:image:height\" content=\"1080\" \/>\n\t<meta property=\"og:image:type\" content=\"image\/png\" \/>\n<meta name=\"author\" content=\"Verda\" \/>\n<meta name=\"twitter:card\" content=\"summary_large_image\" \/>\n<meta name=\"twitter:label1\" content=\"Written by\" \/>\n\t<meta name=\"twitter:data1\" content=\"Verda\" \/>\n\t<meta name=\"twitter:label2\" content=\"Est. reading time\" \/>\n\t<meta name=\"twitter:data2\" content=\"2 minutes\" \/>\n<script type=\"application\/ld+json\" class=\"yoast-schema-graph\">{\"@context\":\"https:\/\/schema.org\",\"@graph\":[{\"@type\":\"Article\",\"@id\":\"https:\/\/balidecor.net\/rattan-dekorasyon\/dogal-malzemelerin-zarafeti-rattan-ahsap-ve-cam-ile-bali-decor-dokunusu\/#article\",\"isPartOf\":{\"@id\":\"https:\/\/balidecor.net\/rattan-dekorasyon\/dogal-malzemelerin-zarafeti-rattan-ahsap-ve-cam-ile-bali-decor-dokunusu\/\"},\"author\":{\"name\":\"Verda\",\"@id\":\"https:\/\/balidecor.net\/#\/schema\/person\/5894ed19f8915a9018748da97b30cbd0\"},\"headline\":\"Do\u011fal Malzemelerin Zarafeti: Rattan, Ah\u015fap ve Cam ile Bali Decor Dokunu\u015fu\",\"datePublished\":\"2025-11-08T19:28:12+00:00\",\"dateModified\":\"2026-01-23T07:02:12+00:00\",\"mainEntityOfPage\":{\"@id\":\"https:\/\/balidecor.net\/rattan-dekorasyon\/dogal-malzemelerin-zarafeti-rattan-ahsap-ve-cam-ile-bali-decor-dokunusu\/\"},\"wordCount\":405,\"commentCount\":0,\"publisher\":{\"@id\":\"https:\/\/balidecor.net\/#organization\"},\"image\":{\"@id\":\"https:\/\/balidecor.net\/rattan-dekorasyon\/dogal-malzemelerin-zarafeti-rattan-ahsap-ve-cam-ile-bali-decor-dokunusu\/#primaryimage\"},\"thumbnailUrl\":\"https:\/\/balidecor.net\/wp-content\/uploads\/2025\/11\/SANDALYELER.png\",\"articleSection\":[\"Rattan\"],\"inLanguage\":\"en-US\",\"potentialAction\":[{\"@type\":\"CommentAction\",\"name\":\"Comment\",\"target\":[\"https:\/\/balidecor.net\/rattan-dekorasyon\/dogal-malzemelerin-zarafeti-rattan-ahsap-ve-cam-ile-bali-decor-dokunusu\/#respond\"]}]},{\"@type\":\"WebPage\",\"@id\":\"https:\/\/balidecor.net\/rattan-dekorasyon\/dogal-malzemelerin-zarafeti-rattan-ahsap-ve-cam-ile-bali-decor-dokunusu\/\",\"url\":\"https:\/\/balidecor.net\/rattan-dekorasyon\/dogal-malzemelerin-zarafeti-rattan-ahsap-ve-cam-ile-bali-decor-dokunusu\/\",\"name\":\"Do\u011fal Malzemelerin Zarafeti: Rattan, Ah\u015fap ve Cam ile Bali Decor Dokunu\u015fu - Bali Decor\",\"isPartOf\":{\"@id\":\"https:\/\/balidecor.net\/#website\"},\"primaryImageOfPage\":{\"@id\":\"https:\/\/balidecor.net\/rattan-dekorasyon\/dogal-malzemelerin-zarafeti-rattan-ahsap-ve-cam-ile-bali-decor-dokunusu\/#primaryimage\"},\"image\":{\"@id\":\"https:\/\/balidecor.net\/rattan-dekorasyon\/dogal-malzemelerin-zarafeti-rattan-ahsap-ve-cam-ile-bali-decor-dokunusu\/#primaryimage\"},\"thumbnailUrl\":\"https:\/\/balidecor.net\/wp-content\/uploads\/2025\/11\/SANDALYELER.png\",\"datePublished\":\"2025-11-08T19:28:12+00:00\",\"dateModified\":\"2026-01-23T07:02:12+00:00\",\"description\":\"El i\u015f\u00e7ili\u011fiyle Bali\u2019de \u00fcretilen rattan sandalyeler, sadece bir oturma alan\u0131 de\u011fil; do\u011fal bir ya\u015fam tarz\u0131n\u0131n sembol\u00fcd\u00fcr.\",\"breadcrumb\":{\"@id\":\"https:\/\/balidecor.net\/rattan-dekorasyon\/dogal-malzemelerin-zarafeti-rattan-ahsap-ve-cam-ile-bali-decor-dokunusu\/#breadcrumb\"},\"inLanguage\":\"en-US\",\"potentialAction\":[{\"@type\":\"ReadAction\",\"target\":[\"https:\/\/balidecor.net\/rattan-dekorasyon\/dogal-malzemelerin-zarafeti-rattan-ahsap-ve-cam-ile-bali-decor-dokunusu\/\"]}]},{\"@type\":\"ImageObject\",\"inLanguage\":\"en-US\",\"@id\":\"https:\/\/balidecor.net\/rattan-dekorasyon\/dogal-malzemelerin-zarafeti-rattan-ahsap-ve-cam-ile-bali-decor-dokunusu\/#primaryimage\",\"url\":\"https:\/\/balidecor.net\/wp-content\/uploads\/2025\/11\/SANDALYELER.png\",\"contentUrl\":\"https:\/\/balidecor.net\/wp-content\/uploads\/2025\/11\/SANDALYELER.png\",\"width\":1080,\"height\":1080},{\"@type\":\"BreadcrumbList\",\"@id\":\"https:\/\/balidecor.net\/rattan-dekorasyon\/dogal-malzemelerin-zarafeti-rattan-ahsap-ve-cam-ile-bali-decor-dokunusu\/#breadcrumb\",\"itemListElement\":[{\"@type\":\"ListItem\",\"position\":1,\"name\":\"Ev\",\"item\":\"https:\/\/balidecor.net\/\"},{\"@type\":\"ListItem\",\"position\":2,\"name\":\"Rattan\",\"item\":\"https:\/\/balidecor.net\/blog\/rattan-dekorasyon\/\"},{\"@type\":\"ListItem\",\"position\":3,\"name\":\"Do\u011fal Malzemelerin Zarafeti: Rattan, Ah\u015fap ve Cam ile Bali Decor Dokunu\u015fu\"}]},{\"@type\":\"WebSite\",\"@id\":\"https:\/\/balidecor.net\/#website\",\"url\":\"https:\/\/balidecor.net\/\",\"name\":\"Bali Decor\",\"description\":\"\",\"publisher\":{\"@id\":\"https:\/\/balidecor.net\/#organization\"},\"potentialAction\":[{\"@type\":\"SearchAction\",\"target\":{\"@type\":\"EntryPoint\",\"urlTemplate\":\"https:\/\/balidecor.net\/?s={search_term_string}\"},\"query-input\":{\"@type\":\"PropertyValueSpecification\",\"valueRequired\":true,\"valueName\":\"search_term_string\"}}],\"inLanguage\":\"en-US\"},{\"@type\":\"Organization\",\"@id\":\"https:\/\/balidecor.net\/#organization\",\"name\":\"Bali Decor\",\"url\":\"https:\/\/balidecor.net\/\",\"logo\":{\"@type\":\"ImageObject\",\"inLanguage\":\"en-US\",\"@id\":\"https:\/\/balidecor.net\/#\/schema\/logo\/image\/\",\"url\":\"https:\/\/balidecor.net\/wp-content\/uploads\/2024\/02\/cropped-cropped-cropped-Rectangle-3-1-1-2.png\",\"contentUrl\":\"https:\/\/balidecor.net\/wp-content\/uploads\/2024\/02\/cropped-cropped-cropped-Rectangle-3-1-1-2.png\",\"width\":149,\"height\":109,\"caption\":\"Bali Decor\"},\"image\":{\"@id\":\"https:\/\/balidecor.net\/#\/schema\/logo\/image\/\"},\"sameAs\":[\"https:\/\/www.instagram.com\/baliidecor\"]},{\"@type\":\"Person\",\"@id\":\"https:\/\/balidecor.net\/#\/schema\/person\/5894ed19f8915a9018748da97b30cbd0\",\"name\":\"Verda\",\"image\":{\"@type\":\"ImageObject\",\"inLanguage\":\"en-US\",\"@id\":\"https:\/\/balidecor.net\/#\/schema\/person\/image\/\",\"url\":\"https:\/\/secure.gravatar.com\/avatar\/c0551e5cc12c483aae0da052cda1e3829236976522aba16a17de9b2ebf4324eb?s=96&d=mm&r=g\",\"contentUrl\":\"https:\/\/secure.gravatar.com\/avatar\/c0551e5cc12c483aae0da052cda1e3829236976522aba16a17de9b2ebf4324eb?s=96&d=mm&r=g\",\"caption\":\"Verda\"},\"url\":\"https:\/\/balidecor.net\/en\/author\/verda\/\"}]}<\/script>\n<!-- \/ Yoast SEO plugin. -->","yoast_head_json":{"title":"Do\u011fal Malzemelerin Zarafeti: Rattan, Ah\u015fap ve Cam ile Bali Decor Dokunu\u015fu - Bali Decor","description":"El i\u015f\u00e7ili\u011fiyle Bali\u2019de \u00fcretilen rattan sandalyeler, sadece bir oturma alan\u0131 de\u011fil; do\u011fal bir ya\u015fam tarz\u0131n\u0131n sembol\u00fcd\u00fcr.","robots":{"index":"index","follow":"follow","max-snippet":"max-snippet:-1","max-image-preview":"max-image-preview:large","max-video-preview":"max-video-preview:-1"},"canonical":"https:\/\/balidecor.net\/en\/rattan-dekorasyon\/dogal-malzemelerin-zarafeti-rattan-ahsap-ve-cam-ile-bali-decor-dokunusu\/","og_locale":"en_US","og_type":"article","og_title":"Do\u011fal Malzemelerin Zarafeti: Rattan, Ah\u015fap ve Cam ile Bali Decor Dokunu\u015fu - Bali Decor","og_description":"El i\u015f\u00e7ili\u011fiyle Bali\u2019de \u00fcretilen rattan sandalyeler, sadece bir oturma alan\u0131 de\u011fil; do\u011fal bir ya\u015fam tarz\u0131n\u0131n sembol\u00fcd\u00fcr.","og_url":"https:\/\/balidecor.net\/en\/rattan-dekorasyon\/dogal-malzemelerin-zarafeti-rattan-ahsap-ve-cam-ile-bali-decor-dokunusu\/","og_site_name":"Bali Decor","article_published_time":"2025-11-08T19:28:12+00:00","article_modified_time":"2026-01-23T07:02:12+00:00","og_image":[{"width":1080,"height":1080,"url":"https:\/\/balidecor.net\/wp-content\/uploads\/2025\/11\/SANDALYELER.png","type":"image\/png"}],"author":"Verda","twitter_card":"summary_large_image","twitter_misc":{"Written by":"Verda","Est. reading time":"2 minutes"},"schema":{"@context":"https:\/\/schema.org","@graph":[{"@type":"Article","@id":"https:\/\/balidecor.net\/rattan-dekorasyon\/dogal-malzemelerin-zarafeti-rattan-ahsap-ve-cam-ile-bali-decor-dokunusu\/#article","isPartOf":{"@id":"https:\/\/balidecor.net\/rattan-dekorasyon\/dogal-malzemelerin-zarafeti-rattan-ahsap-ve-cam-ile-bali-decor-dokunusu\/"},"author":{"name":"Verda","@id":"https:\/\/balidecor.net\/#\/schema\/person\/5894ed19f8915a9018748da97b30cbd0"},"headline":"Do\u011fal Malzemelerin Zarafeti: Rattan, Ah\u015fap ve Cam ile Bali Decor Dokunu\u015fu","datePublished":"2025-11-08T19:28:12+00:00","dateModified":"2026-01-23T07:02:12+00:00","mainEntityOfPage":{"@id":"https:\/\/balidecor.net\/rattan-dekorasyon\/dogal-malzemelerin-zarafeti-rattan-ahsap-ve-cam-ile-bali-decor-dokunusu\/"},"wordCount":405,"commentCount":0,"publisher":{"@id":"https:\/\/balidecor.net\/#organization"},"image":{"@id":"https:\/\/balidecor.net\/rattan-dekorasyon\/dogal-malzemelerin-zarafeti-rattan-ahsap-ve-cam-ile-bali-decor-dokunusu\/#primaryimage"},"thumbnailUrl":"https:\/\/balidecor.net\/wp-content\/uploads\/2025\/11\/SANDALYELER.png","articleSection":["Rattan"],"inLanguage":"en-US","potentialAction":[{"@type":"CommentAction","name":"Comment","target":["https:\/\/balidecor.net\/rattan-dekorasyon\/dogal-malzemelerin-zarafeti-rattan-ahsap-ve-cam-ile-bali-decor-dokunusu\/#respond"]}]},{"@type":"WebPage","@id":"https:\/\/balidecor.net\/rattan-dekorasyon\/dogal-malzemelerin-zarafeti-rattan-ahsap-ve-cam-ile-bali-decor-dokunusu\/","url":"https:\/\/balidecor.net\/rattan-dekorasyon\/dogal-malzemelerin-zarafeti-rattan-ahsap-ve-cam-ile-bali-decor-dokunusu\/","name":"Do\u011fal Malzemelerin Zarafeti: Rattan, Ah\u015fap ve Cam ile Bali Decor Dokunu\u015fu - Bali Decor","isPartOf":{"@id":"https:\/\/balidecor.net\/#website"},"primaryImageOfPage":{"@id":"https:\/\/balidecor.net\/rattan-dekorasyon\/dogal-malzemelerin-zarafeti-rattan-ahsap-ve-cam-ile-bali-decor-dokunusu\/#primaryimage"},"image":{"@id":"https:\/\/balidecor.net\/rattan-dekorasyon\/dogal-malzemelerin-zarafeti-rattan-ahsap-ve-cam-ile-bali-decor-dokunusu\/#primaryimage"},"thumbnailUrl":"https:\/\/balidecor.net\/wp-content\/uploads\/2025\/11\/SANDALYELER.png","datePublished":"2025-11-08T19:28:12+00:00","dateModified":"2026-01-23T07:02:12+00:00","description":"El i\u015f\u00e7ili\u011fiyle Bali\u2019de \u00fcretilen rattan sandalyeler, sadece bir oturma alan\u0131 de\u011fil; do\u011fal bir ya\u015fam tarz\u0131n\u0131n sembol\u00fcd\u00fcr.","breadcrumb":{"@id":"https:\/\/balidecor.net\/rattan-dekorasyon\/dogal-malzemelerin-zarafeti-rattan-ahsap-ve-cam-ile-bali-decor-dokunusu\/#breadcrumb"},"inLanguage":"en-US","potentialAction":[{"@type":"ReadAction","target":["https:\/\/balidecor.net\/rattan-dekorasyon\/dogal-malzemelerin-zarafeti-rattan-ahsap-ve-cam-ile-bali-decor-dokunusu\/"]}]},{"@type":"ImageObject","inLanguage":"en-US","@id":"https:\/\/balidecor.net\/rattan-dekorasyon\/dogal-malzemelerin-zarafeti-rattan-ahsap-ve-cam-ile-bali-decor-dokunusu\/#primaryimage","url":"https:\/\/balidecor.net\/wp-content\/uploads\/2025\/11\/SANDALYELER.png","contentUrl":"https:\/\/balidecor.net\/wp-content\/uploads\/2025\/11\/SANDALYELER.png","width":1080,"height":1080},{"@type":"BreadcrumbList","@id":"https:\/\/balidecor.net\/rattan-dekorasyon\/dogal-malzemelerin-zarafeti-rattan-ahsap-ve-cam-ile-bali-decor-dokunusu\/#breadcrumb","itemListElement":[{"@type":"ListItem","position":1,"name":"Ev","item":"https:\/\/balidecor.net\/"},{"@type":"ListItem","position":2,"name":"Rattan","item":"https:\/\/balidecor.net\/blog\/rattan-dekorasyon\/"},{"@type":"ListItem","position":3,"name":"Do\u011fal Malzemelerin Zarafeti: Rattan, Ah\u015fap ve Cam ile Bali Decor Dokunu\u015fu"}]},{"@type":"WebSite","@id":"https:\/\/balidecor.net\/#website","url":"https:\/\/balidecor.net\/","name":"Bali Decor","description":"","publisher":{"@id":"https:\/\/balidecor.net\/#organization"},"potentialAction":[{"@type":"SearchAction","target":{"@type":"EntryPoint","urlTemplate":"https:\/\/balidecor.net\/?s={search_term_string}"},"query-input":{"@type":"PropertyValueSpecification","valueRequired":true,"valueName":"search_term_string"}}],"inLanguage":"en-US"},{"@type":"Organization","@id":"https:\/\/balidecor.net\/#organization","name":"Bali Decor","url":"https:\/\/balidecor.net\/","logo":{"@type":"ImageObject","inLanguage":"en-US","@id":"https:\/\/balidecor.net\/#\/schema\/logo\/image\/","url":"https:\/\/balidecor.net\/wp-content\/uploads\/2024\/02\/cropped-cropped-cropped-Rectangle-3-1-1-2.png","contentUrl":"https:\/\/balidecor.net\/wp-content\/uploads\/2024\/02\/cropped-cropped-cropped-Rectangle-3-1-1-2.png","width":149,"height":109,"caption":"Bali Decor"},"image":{"@id":"https:\/\/balidecor.net\/#\/schema\/logo\/image\/"},"sameAs":["https:\/\/www.instagram.com\/baliidecor"]},{"@type":"Person","@id":"https:\/\/balidecor.net\/#\/schema\/person\/5894ed19f8915a9018748da97b30cbd0","name":"Verda","image":{"@type":"ImageObject","inLanguage":"en-US","@id":"https:\/\/balidecor.net\/#\/schema\/person\/image\/","url":"https:\/\/secure.gravatar.com\/avatar\/c0551e5cc12c483aae0da052cda1e3829236976522aba16a17de9b2ebf4324eb?s=96&d=mm&r=g","contentUrl":"https:\/\/secure.gravatar.com\/avatar\/c0551e5cc12c483aae0da052cda1e3829236976522aba16a17de9b2ebf4324eb?s=96&d=mm&r=g","caption":"Verda"},"url":"https:\/\/balidecor.net\/en\/author\/verda\/"}]}},"_links":{"self":[{"href":"https:\/\/balidecor.net\/en\/wp-json\/wp\/v2\/posts\/2354","targetHints":{"allow":["GET"]}}],"collection":[{"href":"https:\/\/balidecor.net\/en\/wp-json\/wp\/v2\/posts"}],"about":[{"href":"https:\/\/balidecor.net\/en\/wp-json\/wp\/v2\/types\/post"}],"author":[{"embeddable":true,"href":"https:\/\/balidecor.net\/en\/wp-json\/wp\/v2\/users\/6"}],"replies":[{"embeddable":true,"href":"https:\/\/balidecor.net\/en\/wp-json\/wp\/v2\/comments?post=2354"}],"version-history":[{"count":4,"href":"https:\/\/balidecor.net\/en\/wp-json\/wp\/v2\/posts\/2354\/revisions"}],"predecessor-version":[{"id":3176,"href":"https:\/\/balidecor.net\/en\/wp-json\/wp\/v2\/posts\/2354\/revisions\/3176"}],"wp:featuredmedia":[{"embeddable":true,"href":"https:\/\/balidecor.net\/en\/wp-json\/wp\/v2\/media\/2417"}],"wp:attachment":[{"href":"https:\/\/balidecor.net\/en\/wp-json\/wp\/v2\/media?parent=2354"}],"wp:term":[{"taxonomy":"category","embeddable":true,"href":"https:\/\/balidecor.net\/en\/wp-json\/wp\/v2\/categories?post=2354"},{"taxonomy":"post_tag","embeddable":true,"href":"https:\/\/balidecor.net\/en\/wp-json\/wp\/v2\/tags?post=2354"}],"curies":[{"name":"wp","href":"https:\/\/api.w.org\/{rel}","templated":true}]}}