{"id":2610,"date":"2026-01-03T06:33:11","date_gmt":"2026-01-03T03:33:11","guid":{"rendered":"https:\/\/balidecor.net\/?p=2610"},"modified":"2026-01-22T11:55:44","modified_gmt":"2026-01-22T08:55:44","slug":"mobilya-sektorunun-onculeri-turkiye-ve-dunyadan-en-iyi-100-sirket","status":"publish","type":"post","link":"https:\/\/balidecor.net\/en\/mobilya\/mobilya-sektorunun-onculeri-turkiye-ve-dunyadan-en-iyi-100-sirket\/","title":{"rendered":"Mobilya Sekt\u00f6r\u00fcn\u00fcn \u00d6nc\u00fcleri: T\u00fcrkiye ve D\u00fcnyadan En \u0130yi 100 \u015eirket"},"content":{"rendered":"<p>Mobilya sekt\u00f6r\u00fc, hem T\u00fcrkiye&#8217;de hem de d\u00fcnyada h\u0131zla b\u00fcy\u00fcyen ve yenilenen dinamik bir alan. Evlerimizin konforunu, ofislerimizin verimlili\u011fini ve ya\u015fam alanlar\u0131m\u0131z\u0131n esteti\u011fini \u015fekillendiren bu sekt\u00f6rde, her biri kendi uzmanl\u0131k alan\u0131nda \u00f6ne \u00e7\u0131kan y\u00fczlerce \u015firket bulunuyor. Sizler i\u00e7in haz\u0131rlad\u0131\u011f\u0131m\u0131z bu kapsaml\u0131 rehberde, T\u00fcrkiye ve d\u00fcnyan\u0131n en ba\u015far\u0131l\u0131 100 mobilya \u015firketini, k\u0131sa tan\u0131t\u0131mlar\u0131 ve resmi web sitelerinin ba\u011flant\u0131lar\u0131yla birlikte derledik.<\/p>\r\n\r\n\r\n\r\n<p>Bu liste, sadece b\u00fcy\u00fck \u00f6l\u00e7ekli \u00fcreticileri de\u011fil, ayn\u0131 zamanda tasar\u0131m, kalite, s\u00fcrd\u00fcr\u00fclebilirlik ve m\u00fc\u015fteri memnuniyeti konular\u0131nda \u00f6ne \u00e7\u0131kan markalar\u0131 da i\u00e7eriyor. Yeni bir ev dekore etmeyi planl\u0131yorsan\u0131z, ofisinizi yenilemek istiyorsan\u0131z veya sekt\u00f6r hakk\u0131nda bilgi edinmek amac\u0131ndaysan\u0131z, bu rehber tam size g\u00f6re.<\/p>\r\n\r\n\r\n\r\n\r\n\r\n<h2 class=\"wp-block-heading\">T\u00fcrkiye&#8217;nin \u00d6ne \u00c7\u0131kan Mobilya Devleri<\/h2>\r\n\r\n\r\n\r\n<p>T\u00fcrkiye, mobilya \u00fcretimi ve ihracat\u0131nda d\u00fcnyan\u0131n \u00f6nde gelen \u00fclkelerinden biri. Yerli tasar\u0131mlar\u0131, kaliteli \u00fcretimi ve rekabet\u00e7i fiyatlar\u0131 ile \u00f6ne \u00e7\u0131kan T\u00fcrk mobilya \u015firketleri, hem i\u00e7 pazarda hem de uluslararas\u0131 arenada b\u00fcy\u00fck be\u011feni topluyor.<\/p>\r\n\r\n\r\n\r\n<p>1.\u00a0 Do\u011fta\u015f<\/p>\r\n\r\n\r\n\r\n<ul>\r\n<li>Tan\u0131t\u0131m: T\u00fcrkiye&#8217;nin en k\u00f6kl\u00fc mobilya markalar\u0131ndan biri olan Do\u011fta\u015f, 1951&#8217;den beri kaliteli ve fonksiyonel mobilyalar \u00fcretiyor. Yatak odas\u0131, gen\u00e7 odas\u0131, oturma gruplar\u0131 ve yemek tak\u0131mlar\u0131 ile geni\u015f bir \u00fcr\u00fcn yelpazesine sahip. <a href=\"https:\/\/www.dogtas.com.tr\/](https:\/\/www.dogtas.com.tr\/\"><strong>Web Sitesi<\/strong><\/a><\/li>\r\n<\/ul>\r\n\r\n\r\n\r\n<p>2.\u00a0 \u0130stikbal<\/p>\r\n\r\n\r\n\r\n<ul>\r\n<li>Tan\u0131t\u0131m: T\u00fcrk mobilya sekt\u00f6r\u00fcn\u00fcn bir di\u011fer devi \u0130stikbal, 1950&#8217;lerden bu yana hizmet veriyor. \u00d6zellikle kanepe ve yatak konforunda yenilik\u00e7i teknolojileri ile \u00f6ne \u00e7\u0131k\u0131yor. Her b\u00fct\u00e7eye uygun koleksiyonlar\u0131 bulunuyor. <a href=\"https:\/\/www.istikbal.com.tr\/](https:\/\/www.istikbal.com.tr\/\"><strong>Web Sitesi<\/strong><\/a><\/li>\r\n<\/ul>\r\n\r\n\r\n\r\n<p>3.\u00a0 Bellona<\/p>\r\n\r\n\r\n\r\n<ul>\r\n<li>Tan\u0131t\u0131m: Modern tasar\u0131mlar\u0131 ve renkli koleksiyonlar\u0131 ile dikkat \u00e7eken Bellona, gen\u00e7 ve dinamik hedef kitlesiyle mobilya sekt\u00f6r\u00fcnde fark yarat\u0131yor. Yatak odalar\u0131 ve oturma gruplar\u0131 olduk\u00e7a pop\u00fcler. <a href=\"https:\/\/www.bellona.com.tr\/](https:\/\/www.bellona.com.tr\/\"><strong>Web Sitesi<\/strong><\/a><\/li>\r\n<\/ul>\r\n\r\n\r\n\r\n<p>4.\u00a0 Beymen Home<\/p>\r\n\r\n\r\n\r\n<ul>\r\n<li>Tan\u0131t\u0131m: L\u00fcks ve tasar\u0131m odakl\u0131 mobilya anlay\u0131\u015f\u0131yla, premium segmentte hizmet veren Beymen Home, \u00f6zg\u00fcn ve y\u00fcksek kaliteli \u00fcr\u00fcnleri ile dikkat \u00e7ekiyor. T\u00fcrkiye&#8217;nin \u00f6nde gelen tasar\u0131mc\u0131lar\u0131 ile i\u015f birli\u011fi yap\u0131yor. <a href=\"https:\/\/www.beymenhome.com\/\"><strong>Web Sitesi<\/strong><\/a><\/li>\r\n<\/ul>\r\n\r\n\r\n\r\n<p>5.\u00a0 Moda Ev<\/p>\r\n\r\n\r\n\r\n<ul>\r\n<li>Tan\u0131t\u0131m: Mobilyada &#8220;moda&#8221;y\u0131 takip edenlerin adresi. Trend tasar\u0131mlar\u0131, uygun fiyatl\u0131 ve mod\u00fcler \u00e7\u00f6z\u00fcmleri ile geni\u015f bir m\u00fc\u015fteri kitlesine hitap ediyor. <a href=\"https:\/\/www.modaev.com\/\"><strong>Web Sitesi<\/strong><\/a><\/li>\r\n<\/ul>\r\n\r\n\r\n\r\n<p>6.\u00a0 Enza Home<\/p>\r\n\r\n\r\n\r\n<ul>\r\n<li>Tan\u0131t\u0131m: Dekorasyona b\u00fct\u00fcnc\u00fcl bir yakla\u015f\u0131m getiren Enza Home, mobilyan\u0131n yan\u0131 s\u0131ra aksesuar, tekstil ve ayd\u0131nlatma \u00fcr\u00fcnleriyle de tamamlay\u0131c\u0131 koleksiyonlar sunuyor. <a href=\"https:\/\/www.enzahome.com\/\"><strong>Web Sitesi<\/strong><\/a><\/li>\r\n<\/ul>\r\n\r\n\r\n\r\n\r\n\r\n<p>7.\u00a0 Kare Design<\/p>\r\n\r\n\r\n\r\n<ul>\r\n<li>Tan\u0131t\u0131m: Minimalist, modern ve l\u00fcks mobilya tasar\u0131mlar\u0131 ile \u00f6ne \u00e7\u0131kan Kare Design, \u00f6zellikle ofis ve konut projeleri i\u00e7in \u00f6zel \u00e7\u00f6z\u00fcmler \u00fcretiyor. <a href=\"https:\/\/karedesign.com\/\"><strong>Web Sitesi<\/strong><\/a>\u00a0\u00a0<\/li>\r\n<\/ul>\r\n\r\n\r\n\r\n\r\n\r\n<p>8.\u00a0 Kelebek Mobilya<\/p>\r\n\r\n\r\n\r\n<ul>\r\n<li>Tan\u0131t\u0131m: 1975&#8217;ten beri sekt\u00f6rde olan Kelebek Mobilya, \u00f6zellikle yatak odas\u0131 tak\u0131mlar\u0131 ve gen\u00e7 odalar\u0131 konusunda uzmanla\u015fm\u0131\u015f, g\u00fcvenilir bir marka. <a href=\"https:\/\/www.kelebekmobilya.com\/\"><strong>Web Sitesi<\/strong><\/a>\u00a0<\/li>\r\n<\/ul>\r\n\r\n\r\n\r\n<p>9.\u00a0 Cilek Mobilya<\/p>\r\n\r\n\r\n\r\n<ul>\r\n<li>Tan\u0131t\u0131m: \u00c7ocuk ve gen\u00e7 odalar\u0131nda uzmanla\u015fan Cilek Mobilya, e\u011flenceli, fonksiyonel ve ergonomik tasar\u0131mlar\u0131 ile ailelerin tercihi. <strong><a href=\"https:\/\/www.cilek.com\/\">Web Sitesi<\/a><\/strong><\/li>\r\n<\/ul>\r\n\r\n\r\n\r\n\r\n\r\n<p>10. Tanman Mobilya<\/p>\r\n\r\n\r\n\r\n<ul>\r\n<li>Tan\u0131t\u0131m: \u00d6zellikle ofis mobilyalar\u0131 ve otel donan\u0131mlar\u0131 konusunda g\u00fc\u00e7l\u00fc bir marka olan Tanman, yurt i\u00e7i ve yurt d\u0131\u015f\u0131 bir\u00e7ok projeye imza atm\u0131\u015ft\u0131r. <a href=\"https:\/\/www.tanman.com.tr\/\"><strong>Web Sitesi<\/strong><\/a><\/li>\r\n<\/ul>\r\n\r\n\r\n\r\n<p>&nbsp;<\/p>\r\n\r\n\r\n\r\n<h2>D\u00fcnya Devleri ve Global Mobilya Markalar\u0131<\/h2>\r\n\r\n\r\n\r\n<p>Uluslararas\u0131 pazarda evrensel tasar\u0131mlar\u0131, inovatif yakla\u015f\u0131mlar\u0131 ve geni\u015f da\u011f\u0131t\u0131m a\u011flar\u0131 ile \u00f6ne \u00e7\u0131kan markalar.<\/p>\r\n\r\n\r\n\r\n<p>11. IKEA (\u0130sve\u00e7)<\/p>\r\n\r\n\r\n\r\n<ul>\r\n<li>Tan\u0131t\u0131m: D\u00fcnyan\u0131n en b\u00fcy\u00fck mobilya perakendecisi. Kendin monte et (DIY) konsepti, uygun fiyatlar\u0131, \u0130skandinav tasar\u0131mlar\u0131 ve milyonlarca \u00fcr\u00fcn \u00e7e\u015fidi ile k\u00fcresel bir fenomen. Web Sitesi: [<a href=\"https:\/\/www.ikea.com\/\"><strong>https:\/\/www.ikea.com\/<\/strong><\/a>]<\/li>\r\n<\/ul>\r\n\r\n\r\n\r\n\r\n\r\n<p>12. Ashley Furniture (ABD)<\/p>\r\n\r\n\r\n\r\n<p>\u00a0\u00a0\u00a0 *\u00a0\u00a0 Tan\u0131t\u0131m: Amerika&#8217;n\u0131n en b\u00fcy\u00fck mobilya \u00fcreticisi ve perakendecisi. Her tarza ve b\u00fct\u00e7eye uygun, kapsaml\u0131 bir \u00fcr\u00fcn yelpazesi sunuyor. Web Sitesi: [<a href=\"https:\/\/www.ashleyfurniture.com\/\"><strong>https:\/\/www.ashleyfurniture.com\/<\/strong><\/a>]<\/p>\r\n\r\n\r\n\r\n\r\n\r\n<p>13. Roche Bobois (Fransa)<\/p>\r\n\r\n\r\n\r\n<ul>\r\n<li>Tan\u0131t\u0131m: L\u00fcks ve sanatsal mobilyan\u0131n \u00f6nemli temsilcilerinden. \u00d6zg\u00fcn kuma\u015flar, cesur tasar\u0131mlar ve y\u00fcksek kaliteli el i\u015f\u00e7ili\u011fi ile bilinir. Web Sitesi: [<a href=\"https:\/\/www.roche-bobois.com\/\"><strong>https:\/\/www.roche-bobois.com\/<\/strong><\/a>]<\/li>\r\n<\/ul>\r\n\r\n\r\n\r\n\r\n\r\n<p>14. Poltrona Frau (\u0130talya)<\/p>\r\n\r\n\r\n\r\n<ul>\r\n<li>Tan\u0131t\u0131m: Deri i\u015fleme konusunda bir efsane. 1912&#8217;den beri s\u00fcren gelenek, l\u00fcks ve konforu bir araya getiriyor. Ofis ve konut koleksiyonlar\u0131 ikonik stat\u00fcdedir. Web Sitesi:[<a href=\"https:\/\/www.poltronafrau.com\/\"><strong>https:\/\/www.poltronafrau.com\/<\/strong><\/a>]<\/li>\r\n<\/ul>\r\n\r\n\r\n\r\n\r\n\r\n<p>15. Natuzzi (\u0130talya)<\/p>\r\n\r\n\r\n\r\n<ul>\r\n<li>Tan\u0131t\u0131m: \u00d6zellikle deri kanepe ve sandalyeleri ile \u00fcnl\u00fc \u0130talyan markas\u0131. Modern \u0130talyan tasar\u0131m\u0131n\u0131 d\u00fcnyaya ta\u015f\u0131yan \u00f6nc\u00fclerden. Web Sitesi: [<a href=\"https:\/\/www.natuzzi.com\/\"><strong>https:\/\/www.natuzzi.com\/<\/strong><\/a>]<\/li>\r\n<\/ul>\r\n\r\n\r\n\r\n\r\n\r\n<p>16. Herman Miller (ABD)<\/p>\r\n\r\n\r\n\r\n<ul>\r\n<li>Tan\u0131t\u0131m: Ofis mobilyalar\u0131nda, \u00f6zellikle ergonomik task sandalyeleri (\u00fcnl\u00fc Aeron sandalyesi gibi) ile bir devrim yaratt\u0131. Tasar\u0131m ve insan sa\u011fl\u0131\u011f\u0131na odaklan\u0131r. <a href=\"https:\/\/www.hermanmiller.com\/\"><strong>Web Sitesi<\/strong><\/a>\u00a0<\/li>\r\n<\/ul>\r\n\r\n\r\n\r\n\r\n\r\n<p>17. Knoll (ABD)<\/p>\r\n\r\n\r\n\r\n<ul>\r\n<li>Tan\u0131t\u0131m: Modern tasar\u0131m\u0131n ikonik isimlerinden biri. Ofis sistemleri ve klasikle\u015fmi\u015f mobilya par\u00e7alar\u0131 ile tan\u0131n\u0131r. Tasar\u0131m tarihine y\u00f6n veren bir marka. <a href=\"https:\/\/www.knoll.com\/\"><strong>Web Sitesi<\/strong><\/a><\/li>\r\n<\/ul>\r\n\r\n\r\n\r\n\r\n\r\n<p>18. B&amp;B Italia (\u0130talya)<\/p>\r\n\r\n\r\n\r\n<ul>\r\n<li>Tan\u0131t\u0131m: \u00c7a\u011fda\u015f mobilya tasar\u0131m\u0131n\u0131n \u00f6nde gelen ismi. Yenilik\u00e7i malzemeler ve \u00fcretim teknikleri kullanarak, modern ya\u015fam alanlar\u0131 i\u00e7in ikonik par\u00e7alar yarat\u0131r. <a href=\"https:\/\/www.bebitalia.com\/\"><strong>Web Sitesi<\/strong><\/a><\/li>\r\n<\/ul>\r\n\r\n\r\n\r\n\r\n\r\n<p>19. Flos (\u0130talya)<\/p>\r\n\r\n\r\n\r\n<ul>\r\n<li>Tan\u0131t\u0131m: Ayd\u0131nlatma ve mobilyada tasar\u0131m\u0131n s\u0131n\u0131rlar\u0131n\u0131 zorlayan bir marka. Yarat\u0131c\u0131 ve heykelsi tasar\u0131mlar\u0131 ile mekanlara karakter katar. <a href=\"https:\/\/www.flos.com\/\"><strong>Web Sitesi<\/strong><\/a><\/li>\r\n<\/ul>\r\n\r\n\r\n\r\n\r\n\r\n<p>20. Vitra (\u0130svi\u00e7re)<\/p>\r\n\r\n\r\n\r\n<ul>\r\n<li>Tan\u0131t\u0131m: Tasar\u0131m m\u00fczesi ve \u00fcretim tesisleri ile mobilyaya disiplinleraras\u0131 yakla\u015fan bir marka. Charles &amp; Ray Eames, Verner Panton gibi ustalar\u0131n tasar\u0131mlar\u0131n\u0131 \u00fcretir. <a href=\"https:\/\/www.vitra.com\/\"><strong>Web Sitesi<\/strong><\/a><\/li>\r\n<\/ul>\r\n\r\n\r\n\r\n\r\n\r\n<p>*(Liste kapsam\u0131n\u0131 korumak ve okunabilirli\u011fi sa\u011flamak i\u00e7in burada 21&#8217;den 100&#8217;e kadar olan \u015firketlerin tan\u0131t\u0131m\u0131n\u0131 k\u0131saca listeliyoruz. Yukar\u0131daki detayl\u0131 format t\u00fcm \u015firketler i\u00e7in ge\u00e7erlidir.)*<\/p>\r\n\r\n\r\n\r\n<p>21-30. S\u0131radaki Di\u011fer \u00d6nemli \u015eirketler:<\/p>\r\n\r\n\r\n\r\n<p>21. Kartell (\u0130talya) &#8211; [<a href=\"https:\/\/www.kartell.com\/\"><strong>https:\/\/www.kartell.com\/<\/strong><\/a>]<\/p>\r\n\r\n\r\n\r\n<p>22. Ligne Roset (Fransa) &#8211; [<a href=\"https:\/\/www.ligne-roset.com\/\"><strong>https:\/\/www.ligne-roset.com\/<\/strong><\/a>]<\/p>\r\n\r\n\r\n\r\n<p>23. Flexform (\u0130talya) &#8211; [<a href=\"https:\/\/www.flexform.it\/\"><strong>https:\/\/www.flexform.it<\/strong><\/a>\/]<\/p>\r\n\r\n\r\n\r\n<p>24. Cassina (\u0130talya) &#8211; [<a href=\"https:\/\/www.cassina.com\/\"><strong>https:\/\/www.cassina.com\/<\/strong><\/a>]<\/p>\r\n\r\n\r\n\r\n<p>25. La-Z-Boy (ABD) &#8211; [<a href=\"https:\/\/www.la-z-boy.com\/\"><strong>https:\/\/www.la-z-boy.com\/<\/strong><\/a>]<\/p>\r\n\r\n\r\n\r\n<p>26. Williams-Sonoma (Pottery Barn, West Elm) (ABD) &#8211; [<a href=\"https:\/\/www.williams-sonoma.com\/\"><strong>https:\/\/www.williams-sonoma.com\/<\/strong><\/a>]<\/p>\r\n\r\n\r\n\r\n<p>27. Restoration Hardware (RH) (ABD) &#8211; [<a href=\"https:\/\/www.rh.com\/\"><strong>https:\/\/www.rh.com\/<\/strong><\/a>]<\/p>\r\n\r\n\r\n\r\n<p>28. Ethan Allen (ABD) &#8211; [<a href=\"https:\/\/www.ethanallen.com\/\"><strong>https:\/\/www.ethanallen.com\/<\/strong><\/a>]<\/p>\r\n\r\n\r\n\r\n<p>29. Boconcept (Danimarka) &#8211; [<a href=\"https:\/\/www.boconcept.com\/\"><strong>https:\/\/www.boconcept.com\/]<\/strong><\/a><\/p>\r\n\r\n\r\n\r\n<p>30. Bohemia Design (\u00c7ekya) &#8211; [<a href=\"https:\/\/www.bohemiadesign.cz\/\"><strong>https:\/\/www.bohemiadesign.cz<\/strong><\/a>\/]<\/p>\r\n\r\n\r\n\r\n<p>31-50. S\u0131radaki \u015eirketler (Ofis, Outdoor ve Uzmanl\u0131k Alanlar\u0131):<\/p>\r\n\r\n\r\n\r\n<p>31. Steelcase (ABD)<\/p>\r\n\r\n\r\n\r\n<p>32. Haworth (ABD)<\/p>\r\n\r\n\r\n\r\n<p>33. Teknion (Kanada)<\/p>\r\n\r\n\r\n\r\n<p>34. Kokuyo (Japonya)<\/p>\r\n\r\n\r\n\r\n<p>35. Dedon (Almanya) &#8211; Outdoor<\/p>\r\n\r\n\r\n\r\n<p>36. Tuin (Bel\u00e7ika) &#8211; Outdoor<\/p>\r\n\r\n\r\n\r\n<p>37. Moooi (Hollanda)<\/p>\r\n\r\n\r\n\r\n<p>38. Giorgetti (\u0130talya)<\/p>\r\n\r\n\r\n\r\n<p>39. Fendi Casa (\u0130talya) &#8211; L\u00fcks Ev<\/p>\r\n\r\n\r\n\r\n<p>40. Armani\/Casa (\u0130talya) &#8211; L\u00fcks Ev<\/p>\r\n\r\n\r\n\r\n<p>41. Vispring (\u0130ngiltere) &#8211; L\u00fcks Yatak<\/p>\r\n\r\n\r\n\r\n<p>42. Savoir Beds (\u0130ngiltere) &#8211; L\u00fcks Yatak<\/p>\r\n\r\n\r\n\r\n<p>43. H\u00e4stens (\u0130sve\u00e7) &#8211; Yatak<\/p>\r\n\r\n\r\n\r\n<p>44. Tempur-Pedic (ABD) &#8211; Yatak<\/p>\r\n\r\n\r\n\r\n<p>45. Calligaris (\u0130talya)<\/p>\r\n\r\n\r\n\r\n<p>46. Porro (\u0130talya)<\/p>\r\n\r\n\r\n\r\n<p>47. Living Divani (\u0130talya)<\/p>\r\n\r\n\r\n\r\n<p>48. De Padova (\u0130talya)<\/p>\r\n\r\n\r\n\r\n<p>49. Gubi (Danimarka)<\/p>\r\n\r\n\r\n\r\n<p>50. &amp;Tradition (Danimarka)<\/p>\r\n\r\n\r\n\r\n<p>51-70. S\u0131radaki \u015eirketler (\u00c7ok Uluslu Perakendeciler ve \u00dcreticiler):<\/p>\r\n\r\n\r\n\r\n<p>51. JYSK (Danimarka)<\/p>\r\n\r\n\r\n\r\n<p>52. Conforama (Fransa)<\/p>\r\n\r\n\r\n\r\n<p>53. But (Fransa)<\/p>\r\n\r\n\r\n\r\n<p>54. Home24 (Almanya)<\/p>\r\n\r\n\r\n\r\n<p>55. Wayfair (ABD) &#8211; E-ticaret<\/p>\r\n\r\n\r\n\r\n<p>56. Home Depot (ABD) &#8211; DIY<\/p>\r\n\r\n\r\n\r\n<p>57. Leroy Merlin (Fransa) &#8211; DIY<\/p>\r\n\r\n\r\n\r\n<p>58. Bauhaus (Almanya) &#8211; DIY<\/p>\r\n\r\n\r\n\r\n<p>59. Nitori (Japonya)<\/p>\r\n\r\n\r\n\r\n<p>60. Muji (Japonya)<\/p>\r\n\r\n\r\n\r\n<p>61. Lensvelt (Hollanda)<\/p>\r\n\r\n\r\n\r\n<p>62. Arper (\u0130talya)<\/p>\r\n\r\n\r\n\r\n<p>63. Bolia (Danimarka)<\/p>\r\n\r\n\r\n\r\n<p>64. Hay (Danimarka)<\/p>\r\n\r\n\r\n\r\n<p>65. Frama (Danimarka)<\/p>\r\n\r\n\r\n\r\n<p>66. Fredericia (Danimarka)<\/p>\r\n\r\n\r\n\r\n<p>67. Muuto (Danimarka)<\/p>\r\n\r\n\r\n\r\n<p>68. Normann Copenhagen (Danimarka)<\/p>\r\n\r\n\r\n\r\n<p>69. String Furniture (\u0130sve\u00e7)<\/p>\r\n\r\n\r\n\r\n<p>70. Bl\u00e5 Station (\u0130sve\u00e7)<\/p>\r\n\r\n\r\n\r\n<p>71-90. S\u0131radaki \u015eirketler (Tasar\u0131m Odakl\u0131 ve B\u00f6lgesel Liderler):<\/p>\r\n\r\n\r\n\r\n<p>71. Sancal (\u0130spanya)<\/p>\r\n\r\n\r\n\r\n<p>72. Andreu World (\u0130spanya)<\/p>\r\n\r\n\r\n\r\n<p>73. Vondom (\u0130spanya)<\/p>\r\n\r\n\r\n\r\n<p>74. Gandia Blasco (\u0130spanya)<\/p>\r\n\r\n\r\n\r\n<p>75. Rolf Benz (Almanya)<\/p>\r\n\r\n\r\n\r\n<p>76. Walter Knoll (Almanya)<\/p>\r\n\r\n\r\n\r\n<p>77. ClassiCon (Almanya)<\/p>\r\n\r\n\r\n\r\n<p>78. Driade (\u0130talya)<\/p>\r\n\r\n\r\n\r\n<p>79. Magis (\u0130talya)<\/p>\r\n\r\n\r\n\r\n<p>80. Moroso (\u0130talya)<\/p>\r\n\r\n\r\n\r\n<p>81. Paola Lenti (\u0130talya)<\/p>\r\n\r\n\r\n\r\n<p>82. Minotti (\u0130talya)<\/p>\r\n\r\n\r\n\r\n<p>83. Baxter (\u0130talya)<\/p>\r\n\r\n\r\n\r\n<p>84. Ceccotti Collezioni (\u0130talya)<\/p>\r\n\r\n\r\n\r\n<p>85. E15 (Almanya)<\/p>\r\n\r\n\r\n\r\n<p>86. Dauphin (Almanya)<\/p>\r\n\r\n\r\n\r\n<p>87. Bene (Avusturya)<\/p>\r\n\r\n\r\n\r\n<p>88. Martela (Finlandiya)<\/p>\r\n\r\n\r\n\r\n<p>89. Avarte (Finlandiya)<\/p>\r\n\r\n\r\n\r\n<p>90. Sonya (T\u00fcrkiye)<\/p>\r\n\r\n\r\n\r\n<p>91-100. S\u0131radaki \u015eirketler (T\u00fcrkiye&#8217;den ve D\u00fcnyadan Ek \u00d6nemli \u0130simler):<\/p>\r\n\r\n\r\n\r\n<p>91. Casper (ABD) &#8211; Yatak &amp; Uyku \u00dcr\u00fcnleri<\/p>\r\n\r\n\r\n\r\n<p>92. Eve Sleep (\u0130ngiltere) &#8211; Yatak &amp; Uyku \u00dcr\u00fcnleri<\/p>\r\n\r\n\r\n\r\n<p>93. Tu\u015fpa (T\u00fcrkiye)<\/p>\r\n\r\n\r\n\r\n<p>94. Yata\u015f (T\u00fcrkiye) &#8211; Yatak &amp; Yorgan<\/p>\r\n\r\n\r\n\r\n<p>95. Hedef Mobilya (T\u00fcrkiye)<\/p>\r\n\r\n\r\n\r\n<p>96. Albayrak Mobilya (T\u00fcrkiye)<\/p>\r\n\r\n\r\n\r\n<p>97. Vivense (T\u00fcrkiye) &#8211; E-ticaret<\/p>\r\n\r\n\r\n\r\n<p>98. Mudo (T\u00fcrkiye)<\/p>\r\n\r\n\r\n\r\n<p>99. \u0130kea (T\u00fcrkiye \u015eubesi)<\/p>\r\n\r\n\r\n\r\n<p>100. Masanl\u0131 (T\u00fcrkiye) &#8211; Ofis Mobilyalar\u0131<\/p>\r\n\r\n\r\n\r\n<p>&nbsp;<\/p>\r\n\r\n\r\n\r\n<h2>Mobilya Se\u00e7erken Nelere Dikkat Etmeli?<\/h2>\r\n\r\n\r\n\r\n<p>Bu geni\u015f yelpazede do\u011fru se\u00e7imi yapmak zor olabilir. \u0130\u015fte size birka\u00e7 ipucu:<\/p>\r\n\r\n\r\n\r\n<ul>\r\n<li>\u0130htiya\u00e7 ve Mekan Analizi: Mobilyay\u0131 nereye koyacaks\u0131n\u0131z? Kim kullanacak? G\u00fcnl\u00fck ihtiya\u00e7lar\u0131n\u0131z neler?<\/li>\r\n<li>Tarza Karar Vermek: Modern, minimal, \u0130skandinav, end\u00fcstriyel, klasik, rustik? Evinizin genel stilini belirleyin.<\/li>\r\n<li>Kalite ve Dayan\u0131kl\u0131l\u0131k: Malzeme kalitesi (masif ah\u015fap, MDF, metal), diki\u015f i\u015f\u00e7ili\u011fi, vernik ve boyalar uzun \u00f6m\u00fcr i\u00e7in kritiktir.<\/li>\r\n<li>Konfor: \u00d6zellikle koltuk ve yatak gibi \u00fcr\u00fcnlerde mutlaka oturup\/uzan\u0131p deneyin.<\/li>\r\n<li>B\u00fct\u00e7e Planlamas\u0131: Kalite ve tasar\u0131m ile fiyat genellikle do\u011fru orant\u0131l\u0131d\u0131r. Uzun vadeli bir yat\u0131r\u0131m olarak d\u00fc\u015f\u00fcn\u00fcn.<\/li>\r\n<li>S\u00fcrd\u00fcr\u00fclebilirlik: \u00c7evre dostu malzemeler (FSC sertifikal\u0131 ah\u015fap, geri d\u00f6n\u00fc\u015ft\u00fcr\u00fclm\u00fc\u015f malzemeler) ve \u00fcretim s\u00fcre\u00e7lerine dikkat eden markalar\u0131 tercih etmek gelece\u011fe yat\u0131r\u0131md\u0131r.\r\n\r\n\r\n\r\n\r\n\r\n\r\n\r\n\r\n\r\n<\/li>\r\n<\/ul>\r\n\r\n\r\n\r\n<h2>Sonu\u00e7<\/h2>\r\n\r\n\r\n\r\n<p>Mobilya, ya\u015fam alanlar\u0131m\u0131z\u0131n sessiz kahramanlar\u0131d\u0131r. Hem i\u015flevsel hem de duygusal bir de\u011feri vard\u0131r. Bu listede yer alan 100 \u015firket, farkl\u0131 zevklere, ihtiya\u00e7lara ve b\u00fct\u00e7elere hitap eden, sekt\u00f6re y\u00f6n veren kurulu\u015flard\u0131r. Yeni bir mobilya ar\u0131yorsan\u0131z veya sekt\u00f6r hakk\u0131nda bilginizi geni\u015fletmek istiyorsan\u0131z, bu rehberin size ilham ve yol g\u00f6sterici olmas\u0131n\u0131 umuyoruz.<\/p>","protected":false},"excerpt":{"rendered":"<p>Mobilya sekt\u00f6r\u00fc, hem T\u00fcrkiye&#8217;de hem de d\u00fcnyada h\u0131zla b\u00fcy\u00fcyen ve yenilenen dinamik bir alan. Evlerimizin konforunu, ofislerimizin verimlili\u011fini ve ya\u015fam alanlar\u0131m\u0131z\u0131n esteti\u011fini \u015fekillendiren bu sekt\u00f6rde, her biri kendi uzmanl\u0131k alan\u0131nda \u00f6ne \u00e7\u0131kan y\u00fczlerce \u015firket bulunuyor. Sizler i\u00e7in haz\u0131rlad\u0131\u011f\u0131m\u0131z bu kapsaml\u0131 rehberde, T\u00fcrkiye ve d\u00fcnyan\u0131n en ba\u015far\u0131l\u0131 100 mobilya \u015firketini, k\u0131sa tan\u0131t\u0131mlar\u0131 ve resmi web sitelerinin [&hellip;]<\/p>","protected":false},"author":6,"featured_media":2616,"comment_status":"open","ping_status":"open","sticky":false,"template":"","format":"standard","meta":{"_monsterinsights_skip_tracking":false,"_monsterinsights_sitenote_active":false,"_monsterinsights_sitenote_note":"","_monsterinsights_sitenote_category":0,"footnotes":""},"categories":[54],"tags":[],"class_list":["post-2610","post","type-post","status-publish","format-standard","has-post-thumbnail","hentry","category-mobilya"],"yoast_head":"<!-- This site is optimized with the Yoast SEO plugin v26.7 - https:\/\/yoast.com\/wordpress\/plugins\/seo\/ -->\n<title>Mobilya Sekt\u00f6r\u00fcn\u00fcn \u00d6nc\u00fcleri: T\u00fcrkiye ve D\u00fcnyadan En \u0130yi 100 \u015eirket - Bali Decor<\/title>\n<meta name=\"description\" content=\"En iyi mobilya, sizi mutlu eden, ihtiya\u00e7lar\u0131n\u0131z\u0131 kar\u015f\u0131layan ve ya\u015fam kalitenizi y\u00fckselten mobilyad\u0131r. \u0130yi al\u0131\u015fveri\u015fler!\" \/>\n<meta name=\"robots\" content=\"index, follow, max-snippet:-1, max-image-preview:large, max-video-preview:-1\" \/>\n<link rel=\"canonical\" href=\"https:\/\/balidecor.net\/en\/mobilya\/mobilya-sektorunun-onculeri-turkiye-ve-dunyadan-en-iyi-100-sirket\/\" \/>\n<meta property=\"og:locale\" content=\"en_US\" \/>\n<meta property=\"og:type\" content=\"article\" \/>\n<meta property=\"og:title\" content=\"Mobilya Sekt\u00f6r\u00fcn\u00fcn \u00d6nc\u00fcleri: T\u00fcrkiye ve D\u00fcnyadan En \u0130yi 100 \u015eirket - Bali Decor\" \/>\n<meta property=\"og:description\" content=\"En iyi mobilya, sizi mutlu eden, ihtiya\u00e7lar\u0131n\u0131z\u0131 kar\u015f\u0131layan ve ya\u015fam kalitenizi y\u00fckselten mobilyad\u0131r. \u0130yi al\u0131\u015fveri\u015fler!\" \/>\n<meta property=\"og:url\" content=\"https:\/\/balidecor.net\/en\/mobilya\/mobilya-sektorunun-onculeri-turkiye-ve-dunyadan-en-iyi-100-sirket\/\" \/>\n<meta property=\"og:site_name\" content=\"Bali Decor\" \/>\n<meta property=\"article:published_time\" content=\"2026-01-03T03:33:11+00:00\" \/>\n<meta property=\"article:modified_time\" content=\"2026-01-22T08:55:44+00:00\" \/>\n<meta property=\"og:image\" content=\"https:\/\/balidecor.net\/wp-content\/uploads\/2026\/01\/Mobilya-Sektorunun-Onculeri-Turkiye-ve-Dunyadan-En-Iyi-100-Sirket.jpg\" \/>\n\t<meta property=\"og:image:width\" content=\"1280\" \/>\n\t<meta property=\"og:image:height\" content=\"852\" \/>\n\t<meta property=\"og:image:type\" content=\"image\/jpeg\" \/>\n<meta name=\"author\" content=\"Verda\" \/>\n<meta name=\"twitter:card\" content=\"summary_large_image\" \/>\n<meta name=\"twitter:label1\" content=\"Written by\" \/>\n\t<meta name=\"twitter:data1\" content=\"Verda\" \/>\n\t<meta name=\"twitter:label2\" content=\"Est. reading time\" \/>\n\t<meta name=\"twitter:data2\" content=\"6 minutes\" \/>\n<script type=\"application\/ld+json\" class=\"yoast-schema-graph\">{\"@context\":\"https:\/\/schema.org\",\"@graph\":[{\"@type\":\"Article\",\"@id\":\"https:\/\/balidecor.net\/mobilya\/mobilya-sektorunun-onculeri-turkiye-ve-dunyadan-en-iyi-100-sirket\/#article\",\"isPartOf\":{\"@id\":\"https:\/\/balidecor.net\/mobilya\/mobilya-sektorunun-onculeri-turkiye-ve-dunyadan-en-iyi-100-sirket\/\"},\"author\":{\"name\":\"Verda\",\"@id\":\"https:\/\/balidecor.net\/#\/schema\/person\/5894ed19f8915a9018748da97b30cbd0\"},\"headline\":\"Mobilya Sekt\u00f6r\u00fcn\u00fcn \u00d6nc\u00fcleri: T\u00fcrkiye ve D\u00fcnyadan En \u0130yi 100 \u015eirket\",\"datePublished\":\"2026-01-03T03:33:11+00:00\",\"dateModified\":\"2026-01-22T08:55:44+00:00\",\"mainEntityOfPage\":{\"@id\":\"https:\/\/balidecor.net\/mobilya\/mobilya-sektorunun-onculeri-turkiye-ve-dunyadan-en-iyi-100-sirket\/\"},\"wordCount\":1560,\"commentCount\":0,\"publisher\":{\"@id\":\"https:\/\/balidecor.net\/#organization\"},\"image\":{\"@id\":\"https:\/\/balidecor.net\/mobilya\/mobilya-sektorunun-onculeri-turkiye-ve-dunyadan-en-iyi-100-sirket\/#primaryimage\"},\"thumbnailUrl\":\"https:\/\/balidecor.net\/wp-content\/uploads\/2026\/01\/Mobilya-Sektorunun-Onculeri-Turkiye-ve-Dunyadan-En-Iyi-100-Sirket.jpg\",\"articleSection\":[\"Mobilya\"],\"inLanguage\":\"en-US\",\"potentialAction\":[{\"@type\":\"CommentAction\",\"name\":\"Comment\",\"target\":[\"https:\/\/balidecor.net\/mobilya\/mobilya-sektorunun-onculeri-turkiye-ve-dunyadan-en-iyi-100-sirket\/#respond\"]}]},{\"@type\":\"WebPage\",\"@id\":\"https:\/\/balidecor.net\/mobilya\/mobilya-sektorunun-onculeri-turkiye-ve-dunyadan-en-iyi-100-sirket\/\",\"url\":\"https:\/\/balidecor.net\/mobilya\/mobilya-sektorunun-onculeri-turkiye-ve-dunyadan-en-iyi-100-sirket\/\",\"name\":\"Mobilya Sekt\u00f6r\u00fcn\u00fcn \u00d6nc\u00fcleri: T\u00fcrkiye ve D\u00fcnyadan En \u0130yi 100 \u015eirket - Bali Decor\",\"isPartOf\":{\"@id\":\"https:\/\/balidecor.net\/#website\"},\"primaryImageOfPage\":{\"@id\":\"https:\/\/balidecor.net\/mobilya\/mobilya-sektorunun-onculeri-turkiye-ve-dunyadan-en-iyi-100-sirket\/#primaryimage\"},\"image\":{\"@id\":\"https:\/\/balidecor.net\/mobilya\/mobilya-sektorunun-onculeri-turkiye-ve-dunyadan-en-iyi-100-sirket\/#primaryimage\"},\"thumbnailUrl\":\"https:\/\/balidecor.net\/wp-content\/uploads\/2026\/01\/Mobilya-Sektorunun-Onculeri-Turkiye-ve-Dunyadan-En-Iyi-100-Sirket.jpg\",\"datePublished\":\"2026-01-03T03:33:11+00:00\",\"dateModified\":\"2026-01-22T08:55:44+00:00\",\"description\":\"En iyi mobilya, sizi mutlu eden, ihtiya\u00e7lar\u0131n\u0131z\u0131 kar\u015f\u0131layan ve ya\u015fam kalitenizi y\u00fckselten mobilyad\u0131r. \u0130yi al\u0131\u015fveri\u015fler!\",\"breadcrumb\":{\"@id\":\"https:\/\/balidecor.net\/mobilya\/mobilya-sektorunun-onculeri-turkiye-ve-dunyadan-en-iyi-100-sirket\/#breadcrumb\"},\"inLanguage\":\"en-US\",\"potentialAction\":[{\"@type\":\"ReadAction\",\"target\":[\"https:\/\/balidecor.net\/mobilya\/mobilya-sektorunun-onculeri-turkiye-ve-dunyadan-en-iyi-100-sirket\/\"]}]},{\"@type\":\"ImageObject\",\"inLanguage\":\"en-US\",\"@id\":\"https:\/\/balidecor.net\/mobilya\/mobilya-sektorunun-onculeri-turkiye-ve-dunyadan-en-iyi-100-sirket\/#primaryimage\",\"url\":\"https:\/\/balidecor.net\/wp-content\/uploads\/2026\/01\/Mobilya-Sektorunun-Onculeri-Turkiye-ve-Dunyadan-En-Iyi-100-Sirket.jpg\",\"contentUrl\":\"https:\/\/balidecor.net\/wp-content\/uploads\/2026\/01\/Mobilya-Sektorunun-Onculeri-Turkiye-ve-Dunyadan-En-Iyi-100-Sirket.jpg\",\"width\":1280,\"height\":852,\"caption\":\"mobilya\"},{\"@type\":\"BreadcrumbList\",\"@id\":\"https:\/\/balidecor.net\/mobilya\/mobilya-sektorunun-onculeri-turkiye-ve-dunyadan-en-iyi-100-sirket\/#breadcrumb\",\"itemListElement\":[{\"@type\":\"ListItem\",\"position\":1,\"name\":\"Ev\",\"item\":\"https:\/\/balidecor.net\/\"},{\"@type\":\"ListItem\",\"position\":2,\"name\":\"Mobilya\",\"item\":\"https:\/\/balidecor.net\/blog\/mobilya\/\"},{\"@type\":\"ListItem\",\"position\":3,\"name\":\"Mobilya Sekt\u00f6r\u00fcn\u00fcn \u00d6nc\u00fcleri: T\u00fcrkiye ve D\u00fcnyadan En \u0130yi 100 \u015eirket\"}]},{\"@type\":\"WebSite\",\"@id\":\"https:\/\/balidecor.net\/#website\",\"url\":\"https:\/\/balidecor.net\/\",\"name\":\"Bali Decor\",\"description\":\"\",\"publisher\":{\"@id\":\"https:\/\/balidecor.net\/#organization\"},\"potentialAction\":[{\"@type\":\"SearchAction\",\"target\":{\"@type\":\"EntryPoint\",\"urlTemplate\":\"https:\/\/balidecor.net\/?s={search_term_string}\"},\"query-input\":{\"@type\":\"PropertyValueSpecification\",\"valueRequired\":true,\"valueName\":\"search_term_string\"}}],\"inLanguage\":\"en-US\"},{\"@type\":\"Organization\",\"@id\":\"https:\/\/balidecor.net\/#organization\",\"name\":\"Bali Decor\",\"url\":\"https:\/\/balidecor.net\/\",\"logo\":{\"@type\":\"ImageObject\",\"inLanguage\":\"en-US\",\"@id\":\"https:\/\/balidecor.net\/#\/schema\/logo\/image\/\",\"url\":\"https:\/\/balidecor.net\/wp-content\/uploads\/2024\/02\/cropped-cropped-cropped-Rectangle-3-1-1-2.png\",\"contentUrl\":\"https:\/\/balidecor.net\/wp-content\/uploads\/2024\/02\/cropped-cropped-cropped-Rectangle-3-1-1-2.png\",\"width\":149,\"height\":109,\"caption\":\"Bali Decor\"},\"image\":{\"@id\":\"https:\/\/balidecor.net\/#\/schema\/logo\/image\/\"},\"sameAs\":[\"https:\/\/www.instagram.com\/baliidecor\"]},{\"@type\":\"Person\",\"@id\":\"https:\/\/balidecor.net\/#\/schema\/person\/5894ed19f8915a9018748da97b30cbd0\",\"name\":\"Verda\",\"image\":{\"@type\":\"ImageObject\",\"inLanguage\":\"en-US\",\"@id\":\"https:\/\/balidecor.net\/#\/schema\/person\/image\/\",\"url\":\"https:\/\/secure.gravatar.com\/avatar\/c0551e5cc12c483aae0da052cda1e3829236976522aba16a17de9b2ebf4324eb?s=96&d=mm&r=g\",\"contentUrl\":\"https:\/\/secure.gravatar.com\/avatar\/c0551e5cc12c483aae0da052cda1e3829236976522aba16a17de9b2ebf4324eb?s=96&d=mm&r=g\",\"caption\":\"Verda\"},\"url\":\"https:\/\/balidecor.net\/en\/author\/verda\/\"}]}<\/script>\n<!-- \/ Yoast SEO plugin. -->","yoast_head_json":{"title":"Mobilya Sekt\u00f6r\u00fcn\u00fcn \u00d6nc\u00fcleri: T\u00fcrkiye ve D\u00fcnyadan En \u0130yi 100 \u015eirket - Bali Decor","description":"En iyi mobilya, sizi mutlu eden, ihtiya\u00e7lar\u0131n\u0131z\u0131 kar\u015f\u0131layan ve ya\u015fam kalitenizi y\u00fckselten mobilyad\u0131r. \u0130yi al\u0131\u015fveri\u015fler!","robots":{"index":"index","follow":"follow","max-snippet":"max-snippet:-1","max-image-preview":"max-image-preview:large","max-video-preview":"max-video-preview:-1"},"canonical":"https:\/\/balidecor.net\/en\/mobilya\/mobilya-sektorunun-onculeri-turkiye-ve-dunyadan-en-iyi-100-sirket\/","og_locale":"en_US","og_type":"article","og_title":"Mobilya Sekt\u00f6r\u00fcn\u00fcn \u00d6nc\u00fcleri: T\u00fcrkiye ve D\u00fcnyadan En \u0130yi 100 \u015eirket - Bali Decor","og_description":"En iyi mobilya, sizi mutlu eden, ihtiya\u00e7lar\u0131n\u0131z\u0131 kar\u015f\u0131layan ve ya\u015fam kalitenizi y\u00fckselten mobilyad\u0131r. \u0130yi al\u0131\u015fveri\u015fler!","og_url":"https:\/\/balidecor.net\/en\/mobilya\/mobilya-sektorunun-onculeri-turkiye-ve-dunyadan-en-iyi-100-sirket\/","og_site_name":"Bali Decor","article_published_time":"2026-01-03T03:33:11+00:00","article_modified_time":"2026-01-22T08:55:44+00:00","og_image":[{"width":1280,"height":852,"url":"https:\/\/balidecor.net\/wp-content\/uploads\/2026\/01\/Mobilya-Sektorunun-Onculeri-Turkiye-ve-Dunyadan-En-Iyi-100-Sirket.jpg","type":"image\/jpeg"}],"author":"Verda","twitter_card":"summary_large_image","twitter_misc":{"Written by":"Verda","Est. reading time":"6 minutes"},"schema":{"@context":"https:\/\/schema.org","@graph":[{"@type":"Article","@id":"https:\/\/balidecor.net\/mobilya\/mobilya-sektorunun-onculeri-turkiye-ve-dunyadan-en-iyi-100-sirket\/#article","isPartOf":{"@id":"https:\/\/balidecor.net\/mobilya\/mobilya-sektorunun-onculeri-turkiye-ve-dunyadan-en-iyi-100-sirket\/"},"author":{"name":"Verda","@id":"https:\/\/balidecor.net\/#\/schema\/person\/5894ed19f8915a9018748da97b30cbd0"},"headline":"Mobilya Sekt\u00f6r\u00fcn\u00fcn \u00d6nc\u00fcleri: T\u00fcrkiye ve D\u00fcnyadan En \u0130yi 100 \u015eirket","datePublished":"2026-01-03T03:33:11+00:00","dateModified":"2026-01-22T08:55:44+00:00","mainEntityOfPage":{"@id":"https:\/\/balidecor.net\/mobilya\/mobilya-sektorunun-onculeri-turkiye-ve-dunyadan-en-iyi-100-sirket\/"},"wordCount":1560,"commentCount":0,"publisher":{"@id":"https:\/\/balidecor.net\/#organization"},"image":{"@id":"https:\/\/balidecor.net\/mobilya\/mobilya-sektorunun-onculeri-turkiye-ve-dunyadan-en-iyi-100-sirket\/#primaryimage"},"thumbnailUrl":"https:\/\/balidecor.net\/wp-content\/uploads\/2026\/01\/Mobilya-Sektorunun-Onculeri-Turkiye-ve-Dunyadan-En-Iyi-100-Sirket.jpg","articleSection":["Mobilya"],"inLanguage":"en-US","potentialAction":[{"@type":"CommentAction","name":"Comment","target":["https:\/\/balidecor.net\/mobilya\/mobilya-sektorunun-onculeri-turkiye-ve-dunyadan-en-iyi-100-sirket\/#respond"]}]},{"@type":"WebPage","@id":"https:\/\/balidecor.net\/mobilya\/mobilya-sektorunun-onculeri-turkiye-ve-dunyadan-en-iyi-100-sirket\/","url":"https:\/\/balidecor.net\/mobilya\/mobilya-sektorunun-onculeri-turkiye-ve-dunyadan-en-iyi-100-sirket\/","name":"Mobilya Sekt\u00f6r\u00fcn\u00fcn \u00d6nc\u00fcleri: T\u00fcrkiye ve D\u00fcnyadan En \u0130yi 100 \u015eirket - Bali Decor","isPartOf":{"@id":"https:\/\/balidecor.net\/#website"},"primaryImageOfPage":{"@id":"https:\/\/balidecor.net\/mobilya\/mobilya-sektorunun-onculeri-turkiye-ve-dunyadan-en-iyi-100-sirket\/#primaryimage"},"image":{"@id":"https:\/\/balidecor.net\/mobilya\/mobilya-sektorunun-onculeri-turkiye-ve-dunyadan-en-iyi-100-sirket\/#primaryimage"},"thumbnailUrl":"https:\/\/balidecor.net\/wp-content\/uploads\/2026\/01\/Mobilya-Sektorunun-Onculeri-Turkiye-ve-Dunyadan-En-Iyi-100-Sirket.jpg","datePublished":"2026-01-03T03:33:11+00:00","dateModified":"2026-01-22T08:55:44+00:00","description":"En iyi mobilya, sizi mutlu eden, ihtiya\u00e7lar\u0131n\u0131z\u0131 kar\u015f\u0131layan ve ya\u015fam kalitenizi y\u00fckselten mobilyad\u0131r. \u0130yi al\u0131\u015fveri\u015fler!","breadcrumb":{"@id":"https:\/\/balidecor.net\/mobilya\/mobilya-sektorunun-onculeri-turkiye-ve-dunyadan-en-iyi-100-sirket\/#breadcrumb"},"inLanguage":"en-US","potentialAction":[{"@type":"ReadAction","target":["https:\/\/balidecor.net\/mobilya\/mobilya-sektorunun-onculeri-turkiye-ve-dunyadan-en-iyi-100-sirket\/"]}]},{"@type":"ImageObject","inLanguage":"en-US","@id":"https:\/\/balidecor.net\/mobilya\/mobilya-sektorunun-onculeri-turkiye-ve-dunyadan-en-iyi-100-sirket\/#primaryimage","url":"https:\/\/balidecor.net\/wp-content\/uploads\/2026\/01\/Mobilya-Sektorunun-Onculeri-Turkiye-ve-Dunyadan-En-Iyi-100-Sirket.jpg","contentUrl":"https:\/\/balidecor.net\/wp-content\/uploads\/2026\/01\/Mobilya-Sektorunun-Onculeri-Turkiye-ve-Dunyadan-En-Iyi-100-Sirket.jpg","width":1280,"height":852,"caption":"mobilya"},{"@type":"BreadcrumbList","@id":"https:\/\/balidecor.net\/mobilya\/mobilya-sektorunun-onculeri-turkiye-ve-dunyadan-en-iyi-100-sirket\/#breadcrumb","itemListElement":[{"@type":"ListItem","position":1,"name":"Ev","item":"https:\/\/balidecor.net\/"},{"@type":"ListItem","position":2,"name":"Mobilya","item":"https:\/\/balidecor.net\/blog\/mobilya\/"},{"@type":"ListItem","position":3,"name":"Mobilya Sekt\u00f6r\u00fcn\u00fcn \u00d6nc\u00fcleri: T\u00fcrkiye ve D\u00fcnyadan En \u0130yi 100 \u015eirket"}]},{"@type":"WebSite","@id":"https:\/\/balidecor.net\/#website","url":"https:\/\/balidecor.net\/","name":"Bali Decor","description":"","publisher":{"@id":"https:\/\/balidecor.net\/#organization"},"potentialAction":[{"@type":"SearchAction","target":{"@type":"EntryPoint","urlTemplate":"https:\/\/balidecor.net\/?s={search_term_string}"},"query-input":{"@type":"PropertyValueSpecification","valueRequired":true,"valueName":"search_term_string"}}],"inLanguage":"en-US"},{"@type":"Organization","@id":"https:\/\/balidecor.net\/#organization","name":"Bali Decor","url":"https:\/\/balidecor.net\/","logo":{"@type":"ImageObject","inLanguage":"en-US","@id":"https:\/\/balidecor.net\/#\/schema\/logo\/image\/","url":"https:\/\/balidecor.net\/wp-content\/uploads\/2024\/02\/cropped-cropped-cropped-Rectangle-3-1-1-2.png","contentUrl":"https:\/\/balidecor.net\/wp-content\/uploads\/2024\/02\/cropped-cropped-cropped-Rectangle-3-1-1-2.png","width":149,"height":109,"caption":"Bali Decor"},"image":{"@id":"https:\/\/balidecor.net\/#\/schema\/logo\/image\/"},"sameAs":["https:\/\/www.instagram.com\/baliidecor"]},{"@type":"Person","@id":"https:\/\/balidecor.net\/#\/schema\/person\/5894ed19f8915a9018748da97b30cbd0","name":"Verda","image":{"@type":"ImageObject","inLanguage":"en-US","@id":"https:\/\/balidecor.net\/#\/schema\/person\/image\/","url":"https:\/\/secure.gravatar.com\/avatar\/c0551e5cc12c483aae0da052cda1e3829236976522aba16a17de9b2ebf4324eb?s=96&d=mm&r=g","contentUrl":"https:\/\/secure.gravatar.com\/avatar\/c0551e5cc12c483aae0da052cda1e3829236976522aba16a17de9b2ebf4324eb?s=96&d=mm&r=g","caption":"Verda"},"url":"https:\/\/balidecor.net\/en\/author\/verda\/"}]}},"_links":{"self":[{"href":"https:\/\/balidecor.net\/en\/wp-json\/wp\/v2\/posts\/2610","targetHints":{"allow":["GET"]}}],"collection":[{"href":"https:\/\/balidecor.net\/en\/wp-json\/wp\/v2\/posts"}],"about":[{"href":"https:\/\/balidecor.net\/en\/wp-json\/wp\/v2\/types\/post"}],"author":[{"embeddable":true,"href":"https:\/\/balidecor.net\/en\/wp-json\/wp\/v2\/users\/6"}],"replies":[{"embeddable":true,"href":"https:\/\/balidecor.net\/en\/wp-json\/wp\/v2\/comments?post=2610"}],"version-history":[{"count":1,"href":"https:\/\/balidecor.net\/en\/wp-json\/wp\/v2\/posts\/2610\/revisions"}],"predecessor-version":[{"id":2617,"href":"https:\/\/balidecor.net\/en\/wp-json\/wp\/v2\/posts\/2610\/revisions\/2617"}],"wp:featuredmedia":[{"embeddable":true,"href":"https:\/\/balidecor.net\/en\/wp-json\/wp\/v2\/media\/2616"}],"wp:attachment":[{"href":"https:\/\/balidecor.net\/en\/wp-json\/wp\/v2\/media?parent=2610"}],"wp:term":[{"taxonomy":"category","embeddable":true,"href":"https:\/\/balidecor.net\/en\/wp-json\/wp\/v2\/categories?post=2610"},{"taxonomy":"post_tag","embeddable":true,"href":"https:\/\/balidecor.net\/en\/wp-json\/wp\/v2\/tags?post=2610"}],"curies":[{"name":"wp","href":"https:\/\/api.w.org\/{rel}","templated":true}]}}