{"id":2764,"date":"2026-01-05T10:47:57","date_gmt":"2026-01-05T07:47:57","guid":{"rendered":"https:\/\/balidecor.net\/?p=2764"},"modified":"2026-01-05T10:48:32","modified_gmt":"2026-01-05T07:48:32","slug":"dugununuzun-ilk-yatirimi-neden-tik-ve-rattan-mobilyalar-evlilik-koleksiyonunuz-icin-en-iyisi","status":"publish","type":"post","link":"https:\/\/balidecor.net\/en\/rattan-dekorasyon\/dugununuzun-ilk-yatirimi-neden-tik-ve-rattan-mobilyalar-evlilik-koleksiyonunuz-icin-en-iyisi\/","title":{"rendered":"D\u00fc\u011f\u00fcn\u00fcn\u00fcz\u00fcn \u0130lk Yat\u0131r\u0131m\u0131: Neden Tik ve Rattan Mobilyalar Evlilik Koleksiyonunuz \u0130\u00e7in En \u0130yisi?"},"content":{"rendered":"<p>D\u00fc\u011f\u00fcn haz\u0131rl\u0131klar\u0131, bir \u00f6m\u00fcr boyu s\u00fcrecek an\u0131lar\u0131n ve ba\u015flang\u0131\u00e7lar\u0131n planland\u0131\u011f\u0131 sihirli bir s\u00fcre\u00e7tir. \u00c7eyiz ve ev kurma heyecan\u0131 i\u00e7inde, hem bug\u00fcn\u00fc hem de yar\u0131n\u0131 d\u00fc\u015f\u00fcnerek se\u00e7imler yapmak \u00e7ok \u00f6nemlidir. Mobilyalar, bu se\u00e7imlerin en kal\u0131c\u0131 ve en anlaml\u0131 olanlar\u0131 aras\u0131ndad\u0131r. Peki, neden tik a\u011fac\u0131 ve rattan mobilyalar, evlili\u011finizin ilk evi i\u00e7in yapabilece\u011finiz en anlaml\u0131, en ak\u0131ll\u0131 ve en stil sahibi yat\u0131r\u0131mlardan biridir? \u0130\u015fte, a\u015fk\u0131n\u0131z kadar kal\u0131c\u0131 olacak bir ev dekorasyonu i\u00e7in ge\u00e7erli t\u00fcm nedenler.<\/p>\n<p>&nbsp;<\/p>\n<h3>1. \u00d6m\u00fcr Boyu Dayan\u0131kl\u0131l\u0131k: A\u015fk\u0131n\u0131z Gibi Zamana Meydan Okumak<\/h3>\n<p>Bir mobilyadan beklentiniz, t\u0131pk\u0131 sa\u011flam bir evlilik gibi, \u00f6m\u00fcr boyu dayanmas\u0131 ve g\u00fcven vermesidir. Tik ve rattan bu konuda rakipsizdir.<\/p>\n<p>&nbsp;<\/p>\n<ul>\n<li><strong>Tik A\u011fac\u0131n\u0131n Efsanevi Dayan\u0131kl\u0131l\u0131\u011f\u0131<\/strong>: Tik a\u011fac\u0131, do\u011fal ya\u011flar\u0131 sayesinde suya, neme, b\u00f6ceklere ve \u00e7\u00fcr\u00fcmeye kar\u015f\u0131 do\u011fu\u015ftan diren\u00e7lidir. As\u0131rlard\u0131r gemi g\u00fcvertelerinde kullan\u0131lmas\u0131 bo\u015funa de\u011fildir. Bu, tik mobilyalar\u0131n balkonunuzda, bah\u00e7enizde veya hatta kapal\u0131 bir verandada y\u0131llarca hi\u00e7 bozulmadan kalaca\u011f\u0131 anlam\u0131na gelir. Ald\u0131\u011f\u0131n\u0131z bir tik yemek masas\u0131 veya \u015fezlong, sadece bug\u00fcn\u00fcn\u00fcz i\u00e7in de\u011fil, gelecekteki bah\u00e7eli ev hayaliniz i\u00e7in de haz\u0131rd\u0131r. Bu dayan\u0131kl\u0131l\u0131k, evlili\u011finizi simgeleyen sa\u011flam bir temel gibidir.<\/li>\n<li><strong>Modern Rattan&#8217;\u0131n (PE Rattan) \u015ea\u015f\u0131rt\u0131c\u0131 G\u00fcc\u00fc<\/strong>: G\u00fcn\u00fcm\u00fczde kullan\u0131lan y\u00fcksek yo\u011funluklu polietilen (PE) rattan, do\u011fal g\u00f6r\u00fcn\u00fcm\u00fcn\u00fc korurken inan\u0131lmaz bir teknolojik dayan\u0131kl\u0131l\u0131k sunar. UV \u0131\u015f\u0131nlar\u0131na kar\u015f\u0131 solmaz, ya\u011fmurda, karda ve g\u00fcne\u015fte deforme olmaz, \u00e7atlamaz. Al\u00fcminyum \u00e7er\u00e7evelerle birle\u015fti\u011finde, a\u00e7\u0131k hava ko\u015fullar\u0131na tam anlam\u0131yla meydan okur. D\u00fc\u011f\u00fcn\u00fcn\u00fczde ald\u0131\u011f\u0131n\u0131z rattan bir k\u00f6\u015fe tak\u0131m\u0131, onlarca yaz boyunca konuk a\u011f\u0131rlamaya devam edecektir.<\/li>\n<\/ul>\n<p>&nbsp;<\/p>\n<h3>2. Zamans\u0131z \u015e\u0131kl\u0131k: Trendler Ge\u00e7er, Klasik G\u00fczellik Kal\u0131r<\/h3>\n<p>D\u00fc\u011f\u00fcn foto\u011fraflar\u0131n\u0131za bakt\u0131\u011f\u0131n\u0131zda, &#8220;O mobilyalar da nereden \u00e7\u0131kt\u0131!&#8221; demek istemezsiniz. Tik ve rattan, ge\u00e7ici trendlerin \u00f6tesinde bir esteti\u011fe sahiptir.<\/p>\n<ul>\n<li>Tik&#8217;in Asil Dokusu: Tik a\u011fac\u0131n\u0131n s\u0131cak, alt\u0131n-kahverengi tonlar\u0131 ve zarif damarl\u0131 dokusu, her tarza uyum sa\u011flayan klasik bir l\u00fcks hissi verir. Zamanla do\u011fal olarak g\u00fcm\u00fc\u015fi-gri bir patine kazan\u0131r ki bu, onun karakterini ve ya\u015fanm\u0131\u015fl\u0131\u011f\u0131n\u0131 g\u00f6steren daha da g\u00fczel bir hale gelir. Modern minimalist bir evde de, rustik veya \u0130skandinav tarz\u0131 bir mekanda da ayn\u0131 derecede \u015f\u0131k durur.<\/li>\n<li>Rattan&#8217;\u0131n Bohem ve Havadar Havas\u0131: Rattan mobilyalar, eve an\u0131nda bir s\u0131cakl\u0131k, ferahl\u0131k ve organik bir dokunu\u015f getirir. Bohem, tropikal, scandi veya modern \u00e7iftlik evi (modern farmhouse) tarzlar\u0131yla m\u00fckemmel uyum sa\u011flar. \u00d6rg\u00fc detaylar\u0131, \u0131\u015f\u0131\u011f\u0131 ve g\u00f6lgeyi oynatarak mekana dinamik bir his katar. Bu mobilyalar modas\u0131 asla ge\u00e7meyecek, her daim &#8220;ev gibi&#8221; hissettiren par\u00e7alard\u0131r.<\/li>\n<\/ul>\n<p>&nbsp;<\/p>\n<h3>3. Gelece\u011fe Esneklik: B\u00fcy\u00fcyen Ailenize Uyum Sa\u011flayan Mobilyalar<\/h3>\n<p>Evlilik, dinamik bir yolculuktur. \u015eehir dairesinden bah\u00e7eli bir eve, \u00e7ocuklu bir hayata ge\u00e7i\u015fler ya\u015fanabilir. Tik ve rattan mobilyalar bu ge\u00e7i\u015flerde size e\u015flik eder.<\/p>\n<ul>\n<li>Mekandan Ba\u011f\u0131ms\u0131zl\u0131k: Bir tik masa veya rattan sandalyeler, kapal\u0131 balkonda ba\u015flay\u0131p, ileride geni\u015f bir terasta veya bah\u00e7ede hayat bulabilir. A\u00e7\u0131k hava dayan\u0131kl\u0131l\u0131\u011f\u0131, onlar\u0131 her ko\u015fula haz\u0131rlar.<\/li>\n<li>Aile Hayat\u0131na Uygunluk: Sa\u011flam yap\u0131lar\u0131 ve kolay temizlenebilirlikleri (\u00f6zellikle PE rattan) onlar\u0131 pratik k\u0131lar. Tik bir sehpan\u0131n \u00fczerindeki lekeler kolay silinir, rattan bir koltu\u011fun tozu al\u0131n\u0131r.<\/li>\n<li>Mod\u00fcler ve Uyumlu: Rattan ve tik par\u00e7alar, di\u011fer ah\u015fap t\u00fcrleri ve stillerle kolayca harmanlanabilir (mix&amp;match). Yeni bir ev ta\u015f\u0131nd\u0131\u011f\u0131n\u0131zda veya bir oday\u0131 yeniledi\u011finizde, bu par\u00e7alar\u0131 yeni dekorasyonunuza sorunsuzca entegre edebilirsiniz.<\/li>\n<\/ul>\n<p>&nbsp;<\/p>\n<h3>4. S\u00fcrd\u00fcr\u00fclebilir Bir Se\u00e7im: Gelecek Nesillere Hediye<\/h3>\n<p>Modern \u00e7iftler, t\u00fcketim al\u0131\u015fkanl\u0131klar\u0131n\u0131n \u00e7evre \u00fczerindeki etkisinin daha \u00e7ok fark\u0131nda. Tik ve rattan, bilin\u00e7li bir se\u00e7imdir.<\/p>\n<ul>\n<li>Sertifikal\u0131 Tik: FSC (Forest Stewardship Council) gibi sertifikalarla sat\u0131lan tik mobilyalar, s\u00fcrd\u00fcr\u00fclebilir orman y\u00f6netiminden geldi\u011fini garanti eder. Bu, do\u011faya sayg\u0131l\u0131 bir tercihtir.<\/li>\n<li>Uzun \u00d6m\u00fcr = Az At\u0131k: &#8220;H\u0131zl\u0131 moda&#8221; mobilyalar\u0131n aksine, bu dayan\u0131kl\u0131 par\u00e7alar y\u0131llarca, hatta nesiller boyu kullan\u0131l\u0131r. Bu, at\u0131k olu\u015fumunu azalt\u0131r ve kaynaklar\u0131 verimli kullanman\u0131n en iyi yoludur.<\/li>\n<li>Do\u011fal ve Geri D\u00f6n\u00fc\u015ft\u00fcr\u00fclebilir: Her iki malzeme de b\u00fcy\u00fck \u00f6l\u00e7\u00fcde do\u011fald\u0131r. Kaliteli PE rattan da geri d\u00f6n\u00fc\u015ft\u00fcr\u00fclebilir polimerlerden \u00fcretilir.<\/li>\n<\/ul>\n<p>&nbsp;<\/p>\n<h3>5. Duygusal De\u011fer: An\u0131 Biriktiren Mobilyalar<\/h3>\n<p>D\u00fc\u011f\u00fcn hediyeleriniz veya birlikte ald\u0131\u011f\u0131n\u0131z ilk e\u015fyalar, an\u0131larla doludur. Tik ve rattan mobilyalar, bu an\u0131lar\u0131 ta\u015f\u0131yacak sa\u011flam birer hazinedir.<\/p>\n<ul>\n<li>\u0130lk Yaz Kahvalt\u0131lar\u0131: Balkondaki rattan masada yap\u0131lan ilk Pazar kahvalt\u0131lar\u0131&#8230;<\/li>\n<li>Aile Toplant\u0131lar\u0131: Bah\u00e7edeki tik yemek masas\u0131nda toplanan kalabal\u0131k ak\u015fam yemekleri&#8230;<\/li>\n<li>Huzur Anlar\u0131: Rattan bir berjerde birlikte okunan kitaplar veya tik bir \u015fezlongda al\u0131nan g\u00fcne\u015fler&#8230;<\/li>\n<\/ul>\n<p>Bu mobilyalar, sadece e\u015fya de\u011fil; birlikte ge\u00e7irilen zaman\u0131n, kurulan yuvan\u0131n ve b\u00fcy\u00fcyen a\u015fk\u0131n sessiz tan\u0131klar\u0131 haline gelir. Dayan\u0131kl\u0131 olduklar\u0131 i\u00e7in de bu an\u0131lar fiziksel olarak da korunur.<\/p>\n<p>&nbsp;<\/p>\n<h3>D\u00fc\u011f\u00fcn Koleksiyonunuz \u0130\u00e7in Tik &amp; Rattan \u00d6nerileri:<\/h3>\n<ol>\n<li>Tik Yemek Masas\u0131 ve Sandalyeler: Aile yemeklerinin, bayramlar\u0131n ve kutlamalar\u0131n kalbi olacak \u00f6m\u00fcrl\u00fck bir yat\u0131r\u0131m.<\/li>\n<li>Rattan K\u00f6\u015fe Tak\u0131m\u0131 veya Koltuk: Balkonunuzdaki &#8220;a\u015fk k\u00f6\u015feniz&#8221;. Sohbetlerin, \u00e7ay keyiflerinin ve romantik ak\u015famlar\u0131n vazge\u00e7ilmez adresi.<\/li>\n<li>Tik veya Rattan \u015eezlong: Birlikte dinlenmenin, g\u00fcne\u015flenmenin ve hayal kurman\u0131n simgesi.<\/li>\n<li>Rattan Konsol veya Tik \u015eifonyer: Giri\u015f hol\u00fcn\u00fczde veya yatak odan\u0131zda zarif ve i\u015flevsel bir dokunu\u015f.<\/li>\n<li>Rattan Aksesuarlar (Sandalye, Vazo, Sepet): Mekan\u0131 tamamlayan, s\u0131cakl\u0131k katan detaylar.<\/li>\n<\/ol>\n<p>&nbsp;<\/p>\n<p><strong>Son S\u00f6z<\/strong>:<\/p>\n<p>D\u00fc\u011f\u00fcn haz\u0131rl\u0131klar\u0131nda al\u0131nan mobilyalar, pratik bir ihtiya\u00e7tan \u00e7ok daha fazlas\u0131d\u0131r. Gelece\u011fe dair umutlar\u0131n, ortak hayallerin ve birlikte kurulacak ya\u015fam\u0131n temel ta\u015flar\u0131d\u0131r. Tik ve rattan mobilyalar, bu anlam\u0131 fiziksel dayan\u0131kl\u0131l\u0131k, zamans\u0131z g\u00fczellik ve derin bir duygusal de\u011ferle ta\u015f\u0131yabilecek nadir se\u00e7eneklerdir. A\u015fk\u0131n\u0131z\u0131n ilk yuvas\u0131n\u0131, a\u015fk\u0131n\u0131z kadar kal\u0131c\u0131, hayalleriniz kadar g\u00fczel ve gelece\u011finiz kadar esnek par\u00e7alarla donatman\u0131n en g\u00fczel yoludur.<\/p>\n<p>\u00d6zetle, bir tik veya rattan mobilya sat\u0131n ald\u0131\u011f\u0131n\u0131zda, sadece bir e\u015fya de\u011fil; gelecekteki kahkahalar\u0131n\u0131z\u0131n, sohbetlerinizin ve birlikte ge\u00e7irece\u011finiz say\u0131s\u0131z an\u0131n ev sahibi olacak bir aile yadigar\u0131 yat\u0131r\u0131m\u0131 yapm\u0131\u015f olursunuz.<\/p>","protected":false},"excerpt":{"rendered":"<p>D\u00fc\u011f\u00fcn haz\u0131rl\u0131klar\u0131, bir \u00f6m\u00fcr boyu s\u00fcrecek an\u0131lar\u0131n ve ba\u015flang\u0131\u00e7lar\u0131n planland\u0131\u011f\u0131 sihirli bir s\u00fcre\u00e7tir. \u00c7eyiz ve ev kurma heyecan\u0131 i\u00e7inde, hem bug\u00fcn\u00fc hem de yar\u0131n\u0131 d\u00fc\u015f\u00fcnerek se\u00e7imler yapmak \u00e7ok \u00f6nemlidir. Mobilyalar, bu se\u00e7imlerin en kal\u0131c\u0131 ve en anlaml\u0131 olanlar\u0131 aras\u0131ndad\u0131r. Peki, neden tik a\u011fac\u0131 ve rattan mobilyalar, evlili\u011finizin ilk evi i\u00e7in yapabilece\u011finiz en anlaml\u0131, en ak\u0131ll\u0131 [&hellip;]<\/p>","protected":false},"author":6,"featured_media":2765,"comment_status":"open","ping_status":"open","sticky":false,"template":"","format":"standard","meta":{"_monsterinsights_skip_tracking":false,"_monsterinsights_sitenote_active":false,"_monsterinsights_sitenote_note":"","_monsterinsights_sitenote_category":0,"footnotes":""},"categories":[369],"tags":[],"class_list":["post-2764","post","type-post","status-publish","format-standard","has-post-thumbnail","hentry","category-rattan-dekorasyon"],"yoast_head":"<!-- This site is optimized with the Yoast SEO plugin v26.7 - https:\/\/yoast.com\/wordpress\/plugins\/seo\/ -->\n<title>D\u00fc\u011f\u00fcn\u00fcn\u00fcz\u00fcn \u0130lk Yat\u0131r\u0131m\u0131: Neden Tik ve Rattan Mobilyalar Evlilik Koleksiyonunuz \u0130\u00e7in En \u0130yisi? - Bali Decor<\/title>\n<meta name=\"description\" content=\"Tik ve rattan mobilyalar, bu anlam\u0131 fiziksel dayan\u0131kl\u0131l\u0131k, zamans\u0131z g\u00fczellik ve derin bir duygusal de\u011ferle ta\u015f\u0131yabilecek nadir se\u00e7eneklerdir.\" \/>\n<meta name=\"robots\" content=\"index, follow, max-snippet:-1, max-image-preview:large, max-video-preview:-1\" \/>\n<link rel=\"canonical\" href=\"https:\/\/balidecor.net\/en\/rattan-dekorasyon\/dugununuzun-ilk-yatirimi-neden-tik-ve-rattan-mobilyalar-evlilik-koleksiyonunuz-icin-en-iyisi\/\" \/>\n<meta property=\"og:locale\" content=\"en_US\" \/>\n<meta property=\"og:type\" content=\"article\" \/>\n<meta property=\"og:title\" content=\"D\u00fc\u011f\u00fcn\u00fcn\u00fcz\u00fcn \u0130lk Yat\u0131r\u0131m\u0131: Neden Tik ve Rattan Mobilyalar Evlilik Koleksiyonunuz \u0130\u00e7in En \u0130yisi? - Bali Decor\" \/>\n<meta property=\"og:description\" content=\"Tik ve rattan mobilyalar, bu anlam\u0131 fiziksel dayan\u0131kl\u0131l\u0131k, zamans\u0131z g\u00fczellik ve derin bir duygusal de\u011ferle ta\u015f\u0131yabilecek nadir se\u00e7eneklerdir.\" \/>\n<meta property=\"og:url\" content=\"https:\/\/balidecor.net\/en\/rattan-dekorasyon\/dugununuzun-ilk-yatirimi-neden-tik-ve-rattan-mobilyalar-evlilik-koleksiyonunuz-icin-en-iyisi\/\" \/>\n<meta property=\"og:site_name\" content=\"Bali Decor\" \/>\n<meta property=\"article:published_time\" content=\"2026-01-05T07:47:57+00:00\" \/>\n<meta property=\"article:modified_time\" content=\"2026-01-05T07:48:32+00:00\" \/>\n<meta property=\"og:image\" content=\"https:\/\/balidecor.net\/wp-content\/uploads\/2026\/01\/Dugununuzun-Ilk-Yatirimi-Neden-Tik-ve-Rattan-Mobilyalar-Evlilik-Koleksiyonunuz-Icin-En-Iyisi.jpg\" \/>\n\t<meta property=\"og:image:width\" content=\"1280\" \/>\n\t<meta property=\"og:image:height\" content=\"720\" \/>\n\t<meta property=\"og:image:type\" content=\"image\/jpeg\" \/>\n<meta name=\"author\" content=\"Verda\" \/>\n<meta name=\"twitter:card\" content=\"summary_large_image\" \/>\n<meta name=\"twitter:label1\" content=\"Written by\" \/>\n\t<meta name=\"twitter:data1\" content=\"Verda\" \/>\n\t<meta name=\"twitter:label2\" content=\"Est. reading time\" \/>\n\t<meta name=\"twitter:data2\" content=\"4 minutes\" \/>\n<script type=\"application\/ld+json\" class=\"yoast-schema-graph\">{\"@context\":\"https:\/\/schema.org\",\"@graph\":[{\"@type\":\"Article\",\"@id\":\"https:\/\/balidecor.net\/rattan-dekorasyon\/dugununuzun-ilk-yatirimi-neden-tik-ve-rattan-mobilyalar-evlilik-koleksiyonunuz-icin-en-iyisi\/#article\",\"isPartOf\":{\"@id\":\"https:\/\/balidecor.net\/rattan-dekorasyon\/dugununuzun-ilk-yatirimi-neden-tik-ve-rattan-mobilyalar-evlilik-koleksiyonunuz-icin-en-iyisi\/\"},\"author\":{\"name\":\"Verda\",\"@id\":\"https:\/\/balidecor.net\/#\/schema\/person\/5894ed19f8915a9018748da97b30cbd0\"},\"headline\":\"D\u00fc\u011f\u00fcn\u00fcn\u00fcz\u00fcn \u0130lk Yat\u0131r\u0131m\u0131: Neden Tik ve Rattan Mobilyalar Evlilik Koleksiyonunuz \u0130\u00e7in En \u0130yisi?\",\"datePublished\":\"2026-01-05T07:47:57+00:00\",\"dateModified\":\"2026-01-05T07:48:32+00:00\",\"mainEntityOfPage\":{\"@id\":\"https:\/\/balidecor.net\/rattan-dekorasyon\/dugununuzun-ilk-yatirimi-neden-tik-ve-rattan-mobilyalar-evlilik-koleksiyonunuz-icin-en-iyisi\/\"},\"wordCount\":1194,\"commentCount\":0,\"publisher\":{\"@id\":\"https:\/\/balidecor.net\/#organization\"},\"image\":{\"@id\":\"https:\/\/balidecor.net\/rattan-dekorasyon\/dugununuzun-ilk-yatirimi-neden-tik-ve-rattan-mobilyalar-evlilik-koleksiyonunuz-icin-en-iyisi\/#primaryimage\"},\"thumbnailUrl\":\"https:\/\/balidecor.net\/wp-content\/uploads\/2026\/01\/Dugununuzun-Ilk-Yatirimi-Neden-Tik-ve-Rattan-Mobilyalar-Evlilik-Koleksiyonunuz-Icin-En-Iyisi.jpg\",\"articleSection\":[\"Rattan\"],\"inLanguage\":\"en-US\",\"potentialAction\":[{\"@type\":\"CommentAction\",\"name\":\"Comment\",\"target\":[\"https:\/\/balidecor.net\/rattan-dekorasyon\/dugununuzun-ilk-yatirimi-neden-tik-ve-rattan-mobilyalar-evlilik-koleksiyonunuz-icin-en-iyisi\/#respond\"]}]},{\"@type\":\"WebPage\",\"@id\":\"https:\/\/balidecor.net\/rattan-dekorasyon\/dugununuzun-ilk-yatirimi-neden-tik-ve-rattan-mobilyalar-evlilik-koleksiyonunuz-icin-en-iyisi\/\",\"url\":\"https:\/\/balidecor.net\/rattan-dekorasyon\/dugununuzun-ilk-yatirimi-neden-tik-ve-rattan-mobilyalar-evlilik-koleksiyonunuz-icin-en-iyisi\/\",\"name\":\"D\u00fc\u011f\u00fcn\u00fcn\u00fcz\u00fcn \u0130lk Yat\u0131r\u0131m\u0131: Neden Tik ve Rattan Mobilyalar Evlilik Koleksiyonunuz \u0130\u00e7in En \u0130yisi? - Bali Decor\",\"isPartOf\":{\"@id\":\"https:\/\/balidecor.net\/#website\"},\"primaryImageOfPage\":{\"@id\":\"https:\/\/balidecor.net\/rattan-dekorasyon\/dugununuzun-ilk-yatirimi-neden-tik-ve-rattan-mobilyalar-evlilik-koleksiyonunuz-icin-en-iyisi\/#primaryimage\"},\"image\":{\"@id\":\"https:\/\/balidecor.net\/rattan-dekorasyon\/dugununuzun-ilk-yatirimi-neden-tik-ve-rattan-mobilyalar-evlilik-koleksiyonunuz-icin-en-iyisi\/#primaryimage\"},\"thumbnailUrl\":\"https:\/\/balidecor.net\/wp-content\/uploads\/2026\/01\/Dugununuzun-Ilk-Yatirimi-Neden-Tik-ve-Rattan-Mobilyalar-Evlilik-Koleksiyonunuz-Icin-En-Iyisi.jpg\",\"datePublished\":\"2026-01-05T07:47:57+00:00\",\"dateModified\":\"2026-01-05T07:48:32+00:00\",\"description\":\"Tik ve rattan mobilyalar, bu anlam\u0131 fiziksel dayan\u0131kl\u0131l\u0131k, zamans\u0131z g\u00fczellik ve derin bir duygusal de\u011ferle ta\u015f\u0131yabilecek nadir se\u00e7eneklerdir.\",\"breadcrumb\":{\"@id\":\"https:\/\/balidecor.net\/rattan-dekorasyon\/dugununuzun-ilk-yatirimi-neden-tik-ve-rattan-mobilyalar-evlilik-koleksiyonunuz-icin-en-iyisi\/#breadcrumb\"},\"inLanguage\":\"en-US\",\"potentialAction\":[{\"@type\":\"ReadAction\",\"target\":[\"https:\/\/balidecor.net\/rattan-dekorasyon\/dugununuzun-ilk-yatirimi-neden-tik-ve-rattan-mobilyalar-evlilik-koleksiyonunuz-icin-en-iyisi\/\"]}]},{\"@type\":\"ImageObject\",\"inLanguage\":\"en-US\",\"@id\":\"https:\/\/balidecor.net\/rattan-dekorasyon\/dugununuzun-ilk-yatirimi-neden-tik-ve-rattan-mobilyalar-evlilik-koleksiyonunuz-icin-en-iyisi\/#primaryimage\",\"url\":\"https:\/\/balidecor.net\/wp-content\/uploads\/2026\/01\/Dugununuzun-Ilk-Yatirimi-Neden-Tik-ve-Rattan-Mobilyalar-Evlilik-Koleksiyonunuz-Icin-En-Iyisi.jpg\",\"contentUrl\":\"https:\/\/balidecor.net\/wp-content\/uploads\/2026\/01\/Dugununuzun-Ilk-Yatirimi-Neden-Tik-ve-Rattan-Mobilyalar-Evlilik-Koleksiyonunuz-Icin-En-Iyisi.jpg\",\"width\":1280,\"height\":720,\"caption\":\"RATTAN\"},{\"@type\":\"BreadcrumbList\",\"@id\":\"https:\/\/balidecor.net\/rattan-dekorasyon\/dugununuzun-ilk-yatirimi-neden-tik-ve-rattan-mobilyalar-evlilik-koleksiyonunuz-icin-en-iyisi\/#breadcrumb\",\"itemListElement\":[{\"@type\":\"ListItem\",\"position\":1,\"name\":\"Ev\",\"item\":\"https:\/\/balidecor.net\/\"},{\"@type\":\"ListItem\",\"position\":2,\"name\":\"Rattan\",\"item\":\"https:\/\/balidecor.net\/blog\/rattan-dekorasyon\/\"},{\"@type\":\"ListItem\",\"position\":3,\"name\":\"D\u00fc\u011f\u00fcn\u00fcn\u00fcz\u00fcn \u0130lk Yat\u0131r\u0131m\u0131: Neden Tik ve Rattan Mobilyalar Evlilik Koleksiyonunuz \u0130\u00e7in En \u0130yisi?\"}]},{\"@type\":\"WebSite\",\"@id\":\"https:\/\/balidecor.net\/#website\",\"url\":\"https:\/\/balidecor.net\/\",\"name\":\"Bali Decor\",\"description\":\"\",\"publisher\":{\"@id\":\"https:\/\/balidecor.net\/#organization\"},\"potentialAction\":[{\"@type\":\"SearchAction\",\"target\":{\"@type\":\"EntryPoint\",\"urlTemplate\":\"https:\/\/balidecor.net\/?s={search_term_string}\"},\"query-input\":{\"@type\":\"PropertyValueSpecification\",\"valueRequired\":true,\"valueName\":\"search_term_string\"}}],\"inLanguage\":\"en-US\"},{\"@type\":\"Organization\",\"@id\":\"https:\/\/balidecor.net\/#organization\",\"name\":\"Bali Decor\",\"url\":\"https:\/\/balidecor.net\/\",\"logo\":{\"@type\":\"ImageObject\",\"inLanguage\":\"en-US\",\"@id\":\"https:\/\/balidecor.net\/#\/schema\/logo\/image\/\",\"url\":\"https:\/\/balidecor.net\/wp-content\/uploads\/2024\/02\/cropped-cropped-cropped-Rectangle-3-1-1-2.png\",\"contentUrl\":\"https:\/\/balidecor.net\/wp-content\/uploads\/2024\/02\/cropped-cropped-cropped-Rectangle-3-1-1-2.png\",\"width\":149,\"height\":109,\"caption\":\"Bali Decor\"},\"image\":{\"@id\":\"https:\/\/balidecor.net\/#\/schema\/logo\/image\/\"},\"sameAs\":[\"https:\/\/www.instagram.com\/baliidecor\"]},{\"@type\":\"Person\",\"@id\":\"https:\/\/balidecor.net\/#\/schema\/person\/5894ed19f8915a9018748da97b30cbd0\",\"name\":\"Verda\",\"image\":{\"@type\":\"ImageObject\",\"inLanguage\":\"en-US\",\"@id\":\"https:\/\/balidecor.net\/#\/schema\/person\/image\/\",\"url\":\"https:\/\/secure.gravatar.com\/avatar\/c0551e5cc12c483aae0da052cda1e3829236976522aba16a17de9b2ebf4324eb?s=96&d=mm&r=g\",\"contentUrl\":\"https:\/\/secure.gravatar.com\/avatar\/c0551e5cc12c483aae0da052cda1e3829236976522aba16a17de9b2ebf4324eb?s=96&d=mm&r=g\",\"caption\":\"Verda\"},\"url\":\"https:\/\/balidecor.net\/en\/author\/verda\/\"}]}<\/script>\n<!-- \/ Yoast SEO plugin. -->","yoast_head_json":{"title":"D\u00fc\u011f\u00fcn\u00fcn\u00fcz\u00fcn \u0130lk Yat\u0131r\u0131m\u0131: Neden Tik ve Rattan Mobilyalar Evlilik Koleksiyonunuz \u0130\u00e7in En \u0130yisi? - Bali Decor","description":"Tik ve rattan mobilyalar, bu anlam\u0131 fiziksel dayan\u0131kl\u0131l\u0131k, zamans\u0131z g\u00fczellik ve derin bir duygusal de\u011ferle ta\u015f\u0131yabilecek nadir se\u00e7eneklerdir.","robots":{"index":"index","follow":"follow","max-snippet":"max-snippet:-1","max-image-preview":"max-image-preview:large","max-video-preview":"max-video-preview:-1"},"canonical":"https:\/\/balidecor.net\/en\/rattan-dekorasyon\/dugununuzun-ilk-yatirimi-neden-tik-ve-rattan-mobilyalar-evlilik-koleksiyonunuz-icin-en-iyisi\/","og_locale":"en_US","og_type":"article","og_title":"D\u00fc\u011f\u00fcn\u00fcn\u00fcz\u00fcn \u0130lk Yat\u0131r\u0131m\u0131: Neden Tik ve Rattan Mobilyalar Evlilik Koleksiyonunuz \u0130\u00e7in En \u0130yisi? - Bali Decor","og_description":"Tik ve rattan mobilyalar, bu anlam\u0131 fiziksel dayan\u0131kl\u0131l\u0131k, zamans\u0131z g\u00fczellik ve derin bir duygusal de\u011ferle ta\u015f\u0131yabilecek nadir se\u00e7eneklerdir.","og_url":"https:\/\/balidecor.net\/en\/rattan-dekorasyon\/dugununuzun-ilk-yatirimi-neden-tik-ve-rattan-mobilyalar-evlilik-koleksiyonunuz-icin-en-iyisi\/","og_site_name":"Bali Decor","article_published_time":"2026-01-05T07:47:57+00:00","article_modified_time":"2026-01-05T07:48:32+00:00","og_image":[{"width":1280,"height":720,"url":"https:\/\/balidecor.net\/wp-content\/uploads\/2026\/01\/Dugununuzun-Ilk-Yatirimi-Neden-Tik-ve-Rattan-Mobilyalar-Evlilik-Koleksiyonunuz-Icin-En-Iyisi.jpg","type":"image\/jpeg"}],"author":"Verda","twitter_card":"summary_large_image","twitter_misc":{"Written by":"Verda","Est. reading time":"4 minutes"},"schema":{"@context":"https:\/\/schema.org","@graph":[{"@type":"Article","@id":"https:\/\/balidecor.net\/rattan-dekorasyon\/dugununuzun-ilk-yatirimi-neden-tik-ve-rattan-mobilyalar-evlilik-koleksiyonunuz-icin-en-iyisi\/#article","isPartOf":{"@id":"https:\/\/balidecor.net\/rattan-dekorasyon\/dugununuzun-ilk-yatirimi-neden-tik-ve-rattan-mobilyalar-evlilik-koleksiyonunuz-icin-en-iyisi\/"},"author":{"name":"Verda","@id":"https:\/\/balidecor.net\/#\/schema\/person\/5894ed19f8915a9018748da97b30cbd0"},"headline":"D\u00fc\u011f\u00fcn\u00fcn\u00fcz\u00fcn \u0130lk Yat\u0131r\u0131m\u0131: Neden Tik ve Rattan Mobilyalar Evlilik Koleksiyonunuz \u0130\u00e7in En \u0130yisi?","datePublished":"2026-01-05T07:47:57+00:00","dateModified":"2026-01-05T07:48:32+00:00","mainEntityOfPage":{"@id":"https:\/\/balidecor.net\/rattan-dekorasyon\/dugununuzun-ilk-yatirimi-neden-tik-ve-rattan-mobilyalar-evlilik-koleksiyonunuz-icin-en-iyisi\/"},"wordCount":1194,"commentCount":0,"publisher":{"@id":"https:\/\/balidecor.net\/#organization"},"image":{"@id":"https:\/\/balidecor.net\/rattan-dekorasyon\/dugununuzun-ilk-yatirimi-neden-tik-ve-rattan-mobilyalar-evlilik-koleksiyonunuz-icin-en-iyisi\/#primaryimage"},"thumbnailUrl":"https:\/\/balidecor.net\/wp-content\/uploads\/2026\/01\/Dugununuzun-Ilk-Yatirimi-Neden-Tik-ve-Rattan-Mobilyalar-Evlilik-Koleksiyonunuz-Icin-En-Iyisi.jpg","articleSection":["Rattan"],"inLanguage":"en-US","potentialAction":[{"@type":"CommentAction","name":"Comment","target":["https:\/\/balidecor.net\/rattan-dekorasyon\/dugununuzun-ilk-yatirimi-neden-tik-ve-rattan-mobilyalar-evlilik-koleksiyonunuz-icin-en-iyisi\/#respond"]}]},{"@type":"WebPage","@id":"https:\/\/balidecor.net\/rattan-dekorasyon\/dugununuzun-ilk-yatirimi-neden-tik-ve-rattan-mobilyalar-evlilik-koleksiyonunuz-icin-en-iyisi\/","url":"https:\/\/balidecor.net\/rattan-dekorasyon\/dugununuzun-ilk-yatirimi-neden-tik-ve-rattan-mobilyalar-evlilik-koleksiyonunuz-icin-en-iyisi\/","name":"D\u00fc\u011f\u00fcn\u00fcn\u00fcz\u00fcn \u0130lk Yat\u0131r\u0131m\u0131: Neden Tik ve Rattan Mobilyalar Evlilik Koleksiyonunuz \u0130\u00e7in En \u0130yisi? - Bali Decor","isPartOf":{"@id":"https:\/\/balidecor.net\/#website"},"primaryImageOfPage":{"@id":"https:\/\/balidecor.net\/rattan-dekorasyon\/dugununuzun-ilk-yatirimi-neden-tik-ve-rattan-mobilyalar-evlilik-koleksiyonunuz-icin-en-iyisi\/#primaryimage"},"image":{"@id":"https:\/\/balidecor.net\/rattan-dekorasyon\/dugununuzun-ilk-yatirimi-neden-tik-ve-rattan-mobilyalar-evlilik-koleksiyonunuz-icin-en-iyisi\/#primaryimage"},"thumbnailUrl":"https:\/\/balidecor.net\/wp-content\/uploads\/2026\/01\/Dugununuzun-Ilk-Yatirimi-Neden-Tik-ve-Rattan-Mobilyalar-Evlilik-Koleksiyonunuz-Icin-En-Iyisi.jpg","datePublished":"2026-01-05T07:47:57+00:00","dateModified":"2026-01-05T07:48:32+00:00","description":"Tik ve rattan mobilyalar, bu anlam\u0131 fiziksel dayan\u0131kl\u0131l\u0131k, zamans\u0131z g\u00fczellik ve derin bir duygusal de\u011ferle ta\u015f\u0131yabilecek nadir se\u00e7eneklerdir.","breadcrumb":{"@id":"https:\/\/balidecor.net\/rattan-dekorasyon\/dugununuzun-ilk-yatirimi-neden-tik-ve-rattan-mobilyalar-evlilik-koleksiyonunuz-icin-en-iyisi\/#breadcrumb"},"inLanguage":"en-US","potentialAction":[{"@type":"ReadAction","target":["https:\/\/balidecor.net\/rattan-dekorasyon\/dugununuzun-ilk-yatirimi-neden-tik-ve-rattan-mobilyalar-evlilik-koleksiyonunuz-icin-en-iyisi\/"]}]},{"@type":"ImageObject","inLanguage":"en-US","@id":"https:\/\/balidecor.net\/rattan-dekorasyon\/dugununuzun-ilk-yatirimi-neden-tik-ve-rattan-mobilyalar-evlilik-koleksiyonunuz-icin-en-iyisi\/#primaryimage","url":"https:\/\/balidecor.net\/wp-content\/uploads\/2026\/01\/Dugununuzun-Ilk-Yatirimi-Neden-Tik-ve-Rattan-Mobilyalar-Evlilik-Koleksiyonunuz-Icin-En-Iyisi.jpg","contentUrl":"https:\/\/balidecor.net\/wp-content\/uploads\/2026\/01\/Dugununuzun-Ilk-Yatirimi-Neden-Tik-ve-Rattan-Mobilyalar-Evlilik-Koleksiyonunuz-Icin-En-Iyisi.jpg","width":1280,"height":720,"caption":"RATTAN"},{"@type":"BreadcrumbList","@id":"https:\/\/balidecor.net\/rattan-dekorasyon\/dugununuzun-ilk-yatirimi-neden-tik-ve-rattan-mobilyalar-evlilik-koleksiyonunuz-icin-en-iyisi\/#breadcrumb","itemListElement":[{"@type":"ListItem","position":1,"name":"Ev","item":"https:\/\/balidecor.net\/"},{"@type":"ListItem","position":2,"name":"Rattan","item":"https:\/\/balidecor.net\/blog\/rattan-dekorasyon\/"},{"@type":"ListItem","position":3,"name":"D\u00fc\u011f\u00fcn\u00fcn\u00fcz\u00fcn \u0130lk Yat\u0131r\u0131m\u0131: Neden Tik ve Rattan Mobilyalar Evlilik Koleksiyonunuz \u0130\u00e7in En \u0130yisi?"}]},{"@type":"WebSite","@id":"https:\/\/balidecor.net\/#website","url":"https:\/\/balidecor.net\/","name":"Bali Decor","description":"","publisher":{"@id":"https:\/\/balidecor.net\/#organization"},"potentialAction":[{"@type":"SearchAction","target":{"@type":"EntryPoint","urlTemplate":"https:\/\/balidecor.net\/?s={search_term_string}"},"query-input":{"@type":"PropertyValueSpecification","valueRequired":true,"valueName":"search_term_string"}}],"inLanguage":"en-US"},{"@type":"Organization","@id":"https:\/\/balidecor.net\/#organization","name":"Bali Decor","url":"https:\/\/balidecor.net\/","logo":{"@type":"ImageObject","inLanguage":"en-US","@id":"https:\/\/balidecor.net\/#\/schema\/logo\/image\/","url":"https:\/\/balidecor.net\/wp-content\/uploads\/2024\/02\/cropped-cropped-cropped-Rectangle-3-1-1-2.png","contentUrl":"https:\/\/balidecor.net\/wp-content\/uploads\/2024\/02\/cropped-cropped-cropped-Rectangle-3-1-1-2.png","width":149,"height":109,"caption":"Bali Decor"},"image":{"@id":"https:\/\/balidecor.net\/#\/schema\/logo\/image\/"},"sameAs":["https:\/\/www.instagram.com\/baliidecor"]},{"@type":"Person","@id":"https:\/\/balidecor.net\/#\/schema\/person\/5894ed19f8915a9018748da97b30cbd0","name":"Verda","image":{"@type":"ImageObject","inLanguage":"en-US","@id":"https:\/\/balidecor.net\/#\/schema\/person\/image\/","url":"https:\/\/secure.gravatar.com\/avatar\/c0551e5cc12c483aae0da052cda1e3829236976522aba16a17de9b2ebf4324eb?s=96&d=mm&r=g","contentUrl":"https:\/\/secure.gravatar.com\/avatar\/c0551e5cc12c483aae0da052cda1e3829236976522aba16a17de9b2ebf4324eb?s=96&d=mm&r=g","caption":"Verda"},"url":"https:\/\/balidecor.net\/en\/author\/verda\/"}]}},"_links":{"self":[{"href":"https:\/\/balidecor.net\/en\/wp-json\/wp\/v2\/posts\/2764","targetHints":{"allow":["GET"]}}],"collection":[{"href":"https:\/\/balidecor.net\/en\/wp-json\/wp\/v2\/posts"}],"about":[{"href":"https:\/\/balidecor.net\/en\/wp-json\/wp\/v2\/types\/post"}],"author":[{"embeddable":true,"href":"https:\/\/balidecor.net\/en\/wp-json\/wp\/v2\/users\/6"}],"replies":[{"embeddable":true,"href":"https:\/\/balidecor.net\/en\/wp-json\/wp\/v2\/comments?post=2764"}],"version-history":[{"count":1,"href":"https:\/\/balidecor.net\/en\/wp-json\/wp\/v2\/posts\/2764\/revisions"}],"predecessor-version":[{"id":2766,"href":"https:\/\/balidecor.net\/en\/wp-json\/wp\/v2\/posts\/2764\/revisions\/2766"}],"wp:featuredmedia":[{"embeddable":true,"href":"https:\/\/balidecor.net\/en\/wp-json\/wp\/v2\/media\/2765"}],"wp:attachment":[{"href":"https:\/\/balidecor.net\/en\/wp-json\/wp\/v2\/media?parent=2764"}],"wp:term":[{"taxonomy":"category","embeddable":true,"href":"https:\/\/balidecor.net\/en\/wp-json\/wp\/v2\/categories?post=2764"},{"taxonomy":"post_tag","embeddable":true,"href":"https:\/\/balidecor.net\/en\/wp-json\/wp\/v2\/tags?post=2764"}],"curies":[{"name":"wp","href":"https:\/\/api.w.org\/{rel}","templated":true}]}}