{"id":2803,"date":"2026-01-06T07:47:02","date_gmt":"2026-01-06T04:47:02","guid":{"rendered":"https:\/\/balidecor.net\/?p=2803"},"modified":"2026-01-06T07:47:02","modified_gmt":"2026-01-06T04:47:02","slug":"2024-dekoratif-semsiye-trendleri-bahce-ve-teraslarin-yeni-yildizlari","status":"publish","type":"post","link":"https:\/\/balidecor.net\/en\/dekoratif-semsiye\/2024-dekoratif-semsiye-trendleri-bahce-ve-teraslarin-yeni-yildizlari\/","title":{"rendered":"2024 Dekoratif \u015eemsiye Trendleri: Bah\u00e7e ve Teraslar\u0131n Yeni Y\u0131ld\u0131zlar\u0131"},"content":{"rendered":"<h2>Giri\u015f: Dekoratif \u015eemsiyeler Art\u0131k Sadece G\u00f6lgelik De\u011fil!<\/h2>\n<p>G\u00fcne\u015ften korunmak, art\u0131k s\u0131radan bir ihtiya\u00e7tan \u00e7ok daha fazlas\u0131. Bug\u00fcn\u00fcn dekoratif \u015femsiyeleri, d\u0131\u015f mekanlar\u0131m\u0131z\u0131n g\u00f6z al\u0131c\u0131 odak noktalar\u0131, teknolojik konfor unsurlar\u0131 ve ki\u015fisel tarz\u0131m\u0131z\u0131n bir yans\u0131mas\u0131 haline geldi. 2024 y\u0131l\u0131, bu d\u00f6n\u00fc\u015f\u00fcm\u00fc zirveye ta\u015f\u0131yor. Peki, bu y\u0131l bah\u00e7e ve teraslar\u0131n vazge\u00e7ilmezi haline gelen \u015femsiyeler hangi y\u00f6nde evriliyor? Bu kapsaml\u0131 trend rehberi, renklerden malzemelere, ak\u0131ll\u0131 \u00f6zelliklerden s\u00fcrd\u00fcr\u00fclebilir tasar\u0131mlara 2024&#8217;\u00fcn en \u00e7ok konu\u015fulan dekoratif \u015femsiye ak\u0131mlar\u0131n\u0131 g\u00f6zler \u00f6n\u00fcne seriyor.<\/p>\n<p>&nbsp;<\/p>\n<h2>1. Do\u011fayla B\u00fct\u00fcnle\u015fen Biyofilik Tasar\u0131m Trendi<\/h2>\n<p>2024&#8217;\u00fcn en bask\u0131n trendi, insan\u0131 do\u011fayla yeniden ba\u011flayan biyofilik tasar\u0131m. Bu ak\u0131m, \u015femsiyelere organik formlar ve do\u011fal malzemeler olarak yans\u0131yor.<\/p>\n<ul>\n<li>Ne G\u00f6r\u00fcyoruz?\n<ul>\n<li>Do\u011fal Renk Paletleri: Toprak tonlar\u0131 (bej, terakota, haki), okyanus mavileri, yaprak ye\u015filleri. Pastel tonlarda bile do\u011fal bir his hakim.<\/li>\n<li>Organik Desenler: Yaprak izleri, ah\u015fap dokular\u0131 taklit eden bask\u0131lar, ta\u015f g\u00f6r\u00fcn\u00fcml\u00fc desenler.<\/li>\n<li>Do\u011fal Malzeme G\u00f6r\u00fcn\u00fcm\u00fc: Polyester kuma\u015flara uygulanan ger\u00e7ek\u00e7i has\u0131r (rattan) \u00f6rg\u00fc dokular\u0131. Ah\u015fap g\u00f6r\u00fcn\u00fcml\u00fc, ancak dayan\u0131kl\u0131 al\u00fcminyum veya fiberglas direkler.<\/li>\n<\/ul>\n<\/li>\n<li>Hangi Mekana Uyar?: Bah\u00e7e i\u00e7inde do\u011fal ta\u015f ve ah\u015fapla uyumlu alanlar, minimalist teraslar, huzur ve dinginlik arayan her d\u0131\u015f mekan.<\/li>\n<li>Neden Trend?: \u015eehir ya\u015fam\u0131nda do\u011fadan kopu\u015fun telafisi. Sakinle\u015ftirici, stres azalt\u0131c\u0131 ve daha ferah bir atmosfer yaratma iste\u011fi.<\/li>\n<\/ul>\n<p>&nbsp;<\/p>\n<h2>2. Ak\u0131ll\u0131 ve \u00c7ok Fonksiyonlu Teknoloji Entegrasyonu<\/h2>\n<p>Teknoloji, art\u0131k \u015femsiyelerin sadece konforunu de\u011fil, i\u015flevselli\u011fini de k\u00f6kten de\u011fi\u015ftiriyor. 2024, &#8220;ak\u0131ll\u0131 \u015femsiye&#8221; kavram\u0131n\u0131 ana ak\u0131m haline getiriyor.<\/p>\n<ul>\n<li>Ne G\u00f6r\u00fcyoruz?\n<ul>\n<li>G\u00fcne\u015f Enerjili (Solar) LED Ayd\u0131nlatma: G\u00fcnd\u00fcz \u015farj olan entegre paneller, ak\u015fam otomatik olarak yanarak muhte\u015fem bir ambiyans yarat\u0131yor. Renk ve parlakl\u0131k ayarl\u0131 modeller yayg\u0131nla\u015f\u0131yor.<\/li>\n<li>Ak\u0131ll\u0131 A\u00e7\u0131l\u0131r-Kapan\u0131r Sistemler: Uzaktan kumanda veya ak\u0131ll\u0131 telefon uygulamas\u0131 ile \u015femsiyenizi a\u00e7\u0131p kapatabilme, hatta r\u00fczgar sens\u00f6r\u00fc ile otomatik olarak kapanmas\u0131n\u0131 sa\u011flayabilme.<\/li>\n<li>Entegre Is\u0131tma ve So\u011futma: Kenarlara monte edilebilen, \u015femsiye alt\u0131 mikro klimas\u0131 veya infrared \u0131s\u0131t\u0131c\u0131 ba\u011flant\u0131 noktalar\u0131.<\/li>\n<li>Bluetooth Hoparl\u00f6r ve USB \u015earj Portlar\u0131: M\u00fczik keyfi ve cihaz \u015farj\u0131 i\u00e7in pratik \u00e7\u00f6z\u00fcmler.<\/li>\n<\/ul>\n<\/li>\n<li>Hangi Mekana Uyar?: S\u0131k e\u011flence d\u00fczenlenen teraslar, ak\u015fam yemeklerinin vazge\u00e7ilmez oldu\u011fu bah\u00e7eler, yaz-k\u0131\u015f kullan\u0131lmak istenen d\u0131\u015f mekanlar.<\/li>\n<li>Neden Trend?: Konfor ve e\u011flenceyi maksimuma \u00e7\u0131karma, d\u0131\u015f mekan\u0131 evin bir odas\u0131 gibi tam donan\u0131ml\u0131 hale getirme arzusu.<\/li>\n<\/ul>\n<p>&nbsp;<\/p>\n<h2>3. Minimalist Zarafet ve Heykelsi Formlar<\/h2>\n<p>Sadelik ve zarafet, 2024&#8217;\u00fcn en g\u00fc\u00e7l\u00fc stil ifadelerinden biri. \u015eemsiyeler art\u0131k birer d\u0131\u015f mekan heykeline d\u00f6n\u00fc\u015f\u00fcyor.<\/p>\n<ul>\n<li>Ne G\u00f6r\u00fcyoruz?\n<ul>\n<li>K\u00fcbik ve Geometrik Formlar: Geleneksel yuvarlak formun yan\u0131 s\u0131ra, kare, dikd\u00f6rtgen ve hatta \u00fc\u00e7gen formlu \u015femsiyeler \u00f6ne \u00e7\u0131k\u0131yor. Bu formlar, modern mimarili evlerle m\u00fckemmel uyum sa\u011fl\u0131yor.<\/li>\n<li>Tek Renk (Monokrom) ve N\u00f6tr Tonlar: F\u00fcme, k\u00f6m\u00fcr grisi, mat siyah, beyaz ve bej. Desensiz, d\u00fcz renkler ve mat y\u00fczeyler \u00f6n planda.<\/li>\n<li>Gizli Diki\u015f ve Gizli Mekanizmalar: Daha temiz, kesintisiz bir g\u00f6r\u00fcn\u00fcm i\u00e7in teller ve diki\u015fler minimalize ediliyor veya gizleniyor.<\/li>\n<\/ul>\n<\/li>\n<li>Hangi Mekana Uyar?: Modern beton teraslar, end\u00fcstriyel tarzdaki balkonlar, minimalist bah\u00e7e d\u00fczenlemeleri.<\/li>\n<li>Neden Trend?: Karma\u015fadan uzak, derli toplu ve sofistike bir estetik aray\u0131\u015f\u0131. \u015eemsiyenin formunun, mekan\u0131n mimarisiyle bir b\u00fct\u00fcn olu\u015fturmas\u0131.<\/li>\n<\/ul>\n<p>&nbsp;<\/p>\n<h2>4. S\u00fcrd\u00fcr\u00fclebilir ve \u00c7evre Dostu Malzemeler<\/h2>\n<p>T\u00fcketici bilinci artt\u0131k\u00e7a, \u015femsiyelerde de eko-tasar\u0131m \u00f6nem kazan\u0131yor.<\/p>\n<p>&nbsp;<\/p>\n<ul>\n<li>Ne G\u00f6r\u00fcyoruz?\n<ul>\n<li>Geri D\u00f6n\u00fc\u015ft\u00fcr\u00fclm\u00fc\u015f Malzemeler: Okyanuslardan toplanan plastik at\u0131klardan (Recycled PET) veya eski bal\u0131k a\u011flar\u0131ndan \u00fcretilen dayan\u0131kl\u0131 kuma\u015flar.<\/li>\n<li>FSC Sertifikal\u0131 Ah\u015fap: S\u00fcrd\u00fcr\u00fclebilir orman y\u00f6netiminden gelen tik veya ak\u00e7aa\u011fa\u00e7 direkler.<\/li>\n<li>Solaryum Bazl\u0131 Boyalar: Geleneksel kimyasallar yerine, g\u00fcne\u015f \u0131\u015f\u0131\u011f\u0131 ile aktive olan, \u00e7evreye zarars\u0131z boyalar\u0131n kullan\u0131m\u0131.<\/li>\n<li>Mod\u00fcler ve Tamir Edilebilir Tasar\u0131m: Kolayca de\u011fi\u015ftirilebilen kuma\u015f k\u0131l\u0131flar, yedek par\u00e7a eri\u015filebilirli\u011fi.<\/li>\n<\/ul>\n<\/li>\n<li>Hangi Mekana Uyar?: \u00c7evre bilinci y\u00fcksek t\u00fcketicilerin evleri, eko-otel ve restoranlar.<\/li>\n<li>Neden Trend?: Bilin\u00e7li t\u00fcketim, do\u011faya sayg\u0131 ve uzun \u00f6m\u00fcrl\u00fcl\u00fck. Sat\u0131n alman\u0131n \u00f6tesinde, sorumluluk duygusu.<\/li>\n<\/ul>\n<p>&nbsp;<\/p>\n<h2>5. Cesur \u0130fade ve Ki\u015fiselle\u015ftirme<\/h2>\n<p>D\u0131\u015f mekan\u0131 ki\u015fisel bir sanat alan\u0131na d\u00f6n\u00fc\u015ft\u00fcrme iste\u011fi g\u00fc\u00e7leniyor.<\/p>\n<ul>\n<li>Ne G\u00f6r\u00fcyoruz?\n<ul>\n<li>B\u00fcy\u00fck ve Sanatsal Desenler: Soyut sanat esintili bold pattern&#8217;lar, grafik \u00e7izgiler, jumbo floral bask\u0131lar.<\/li>\n<li>Y\u00fcksek Kontrast Renkler: Siyah \u00fczerine beyaz geometrik desenler, canl\u0131 turkuaz veya hardal sar\u0131s\u0131 gibi cesur tek renkler.\\<\/li>\n<li>Ki\u015fiselle\u015ftirme Se\u00e7enekleri: Monogram (ba\u015f harf) i\u015fleme, \u00f6zel logo veya tasar\u0131m bask\u0131s\u0131 yap\u0131labilen \u015femsiyeler.<\/li>\n<\/ul>\n<\/li>\n<li>Hangi Mekana Uyar?: Enerjik, gen\u00e7 ruhlu mekanlar, butik oteller, ki\u015fili\u011fini vurgulamak isteyenlerin balkon ve teraslar\u0131.<\/li>\n<li>Neden Trend?: &#8220;Dopamin dekorasyonu&#8221; ak\u0131m\u0131n\u0131n d\u0131\u015f mekan yans\u0131mas\u0131. Ne\u015fe, enerji ve ki\u015fisel kimlik vurgusu.<\/li>\n<\/ul>\n<p>&nbsp;<\/p>\n<h2>6. Konforu Yeniden Tan\u0131mlayan \u0130novasyonlar<\/h2>\n<ul>\n<li>\u00c7ift Katmanl\u0131 (Double Canopy) ve Vantilli Tasar\u0131mlar: \u00dcstte hava delikleri olan ikinci bir katman, \u0131s\u0131y\u0131 %50&#8217;ye varan oranda azalt\u0131rken, r\u00fczgar\u0131 i\u00e7inden ge\u00e7irerek devrilme riskini minimize ediyor. 2024&#8217;\u00fcn olmazsa olmaz g\u00fcvenlik ve konfor \u00f6zelli\u011fi.<\/li>\n<li>360 Derece D\u00f6nebilen ve Ayarlanabilir E\u011fim (Tilt): Art\u0131k bir l\u00fcks de\u011fil, standart beklenti haline geldi. Tek bir kolla hem d\u00f6nd\u00fcrme hem e\u011fim sa\u011flayan kombine sistemler yayg\u0131nla\u015f\u0131yor.<\/li>\n<li>Hafif ancak \u00c7ok Sa\u011flam \u0130skeletler: Yeni nesil ala\u015f\u0131mlar ve fiberglas teller, inan\u0131lmaz hafiflikle \u00fcst\u00fcn dayan\u0131kl\u0131l\u0131\u011f\u0131 bir araya getiriyor.<\/li>\n<\/ul>\n<p>&nbsp;<\/p>\n<h2>Sonu\u00e7: 2024&#8217;te \u015eemsiyeniz, Ya\u015fam Tarz\u0131n\u0131z\u0131n Bir Yans\u0131mas\u0131 Olsun<\/h2>\n<p>2024 dekoratif \u015femsiye trendleri, bize net bir mesaj veriyor: Art\u0131k bir \u015femsiye se\u00e7mek, sadece bir g\u00f6lgelik se\u00e7mek de\u011fil. Do\u011fayla uyum i\u00e7inde ya\u015fama, teknolojinin konforundan yararlanma, minimalist bir zarafeti benimseme, \u00e7evreye duyarl\u0131 olma veya cesurca ki\u015fili\u011fini ifade etme tercihidir.<\/p>\n<p>Bu trendler aras\u0131ndan size en \u00e7ok hitap eden, bah\u00e7enizin veya balkonunuzun ruhunu tamamlayan dokunu\u015fu se\u00e7in. Unutmay\u0131n, trendler gelip ge\u00e7icidir; as\u0131l olan sizi mutlu eden, ihtiya\u00e7lar\u0131n\u0131z\u0131 kar\u015f\u0131layan ve uzun y\u0131llar keyifle kullanaca\u011f\u0131n\u0131z kalitede bir \u00fcr\u00fcn se\u00e7mektir. 2024 yaz\u0131n\u0131, hem stil hem konfor anlam\u0131nda bir \u00fcst seviyeye ta\u015f\u0131yacak dekoratif \u015femsiyenizi ke\u015ffetme zaman\u0131!<\/p>","protected":false},"excerpt":{"rendered":"<p>Giri\u015f: Dekoratif \u015eemsiyeler Art\u0131k Sadece G\u00f6lgelik De\u011fil! G\u00fcne\u015ften korunmak, art\u0131k s\u0131radan bir ihtiya\u00e7tan \u00e7ok daha fazlas\u0131. Bug\u00fcn\u00fcn dekoratif \u015femsiyeleri, d\u0131\u015f mekanlar\u0131m\u0131z\u0131n g\u00f6z al\u0131c\u0131 odak noktalar\u0131, teknolojik konfor unsurlar\u0131 ve ki\u015fisel tarz\u0131m\u0131z\u0131n bir yans\u0131mas\u0131 haline geldi. 2024 y\u0131l\u0131, bu d\u00f6n\u00fc\u015f\u00fcm\u00fc zirveye ta\u015f\u0131yor. Peki, bu y\u0131l bah\u00e7e ve teraslar\u0131n vazge\u00e7ilmezi haline gelen \u015femsiyeler hangi y\u00f6nde evriliyor? Bu [&hellip;]<\/p>","protected":false},"author":6,"featured_media":2804,"comment_status":"open","ping_status":"open","sticky":false,"template":"","format":"standard","meta":{"_monsterinsights_skip_tracking":false,"_monsterinsights_sitenote_active":false,"_monsterinsights_sitenote_note":"","_monsterinsights_sitenote_category":0,"footnotes":""},"categories":[354],"tags":[],"class_list":["post-2803","post","type-post","status-publish","format-standard","has-post-thumbnail","hentry","category-dekoratif-semsiye"],"yoast_head":"<!-- This site is optimized with the Yoast SEO plugin v26.7 - https:\/\/yoast.com\/wordpress\/plugins\/seo\/ -->\n<title>2024 Dekoratif \u015eemsiye Trendleri: Bah\u00e7e ve Teraslar\u0131n Yeni Y\u0131ld\u0131zlar\u0131 - Bali Decor<\/title>\n<meta name=\"description\" content=\"Bug\u00fcn\u00fcn dekoratif \u015femsiyeleri, d\u0131\u015f mekanlar\u0131m\u0131z\u0131n g\u00f6z al\u0131c\u0131 odak noktalar\u0131, teknolojik konfor unsurlar\u0131 ve ki\u015fisel tarz\u0131m\u0131z\u0131n bir yans\u0131mas\u0131 haline geldi.\" \/>\n<meta name=\"robots\" content=\"index, follow, max-snippet:-1, max-image-preview:large, max-video-preview:-1\" \/>\n<link rel=\"canonical\" href=\"https:\/\/balidecor.net\/en\/dekoratif-semsiye\/2024-dekoratif-semsiye-trendleri-bahce-ve-teraslarin-yeni-yildizlari\/\" \/>\n<meta property=\"og:locale\" content=\"en_US\" \/>\n<meta property=\"og:type\" content=\"article\" \/>\n<meta property=\"og:title\" content=\"2024 Dekoratif \u015eemsiye Trendleri: Bah\u00e7e ve Teraslar\u0131n Yeni Y\u0131ld\u0131zlar\u0131 - Bali Decor\" \/>\n<meta property=\"og:description\" content=\"Bug\u00fcn\u00fcn dekoratif \u015femsiyeleri, d\u0131\u015f mekanlar\u0131m\u0131z\u0131n g\u00f6z al\u0131c\u0131 odak noktalar\u0131, teknolojik konfor unsurlar\u0131 ve ki\u015fisel tarz\u0131m\u0131z\u0131n bir yans\u0131mas\u0131 haline geldi.\" \/>\n<meta property=\"og:url\" content=\"https:\/\/balidecor.net\/en\/dekoratif-semsiye\/2024-dekoratif-semsiye-trendleri-bahce-ve-teraslarin-yeni-yildizlari\/\" \/>\n<meta property=\"og:site_name\" content=\"Bali Decor\" \/>\n<meta property=\"article:published_time\" content=\"2026-01-06T04:47:02+00:00\" \/>\n<meta property=\"og:image\" content=\"https:\/\/balidecor.net\/wp-content\/uploads\/2026\/01\/2024-Dekoratif-Semsiye-Trendleri-Bahce-ve-Teraslarin-Yeni-Yildizlari.jpg\" \/>\n\t<meta property=\"og:image:width\" content=\"1280\" \/>\n\t<meta property=\"og:image:height\" content=\"854\" \/>\n\t<meta property=\"og:image:type\" content=\"image\/jpeg\" \/>\n<meta name=\"author\" content=\"Verda\" \/>\n<meta name=\"twitter:card\" content=\"summary_large_image\" \/>\n<meta name=\"twitter:label1\" content=\"Written by\" \/>\n\t<meta name=\"twitter:data1\" content=\"Verda\" \/>\n\t<meta name=\"twitter:label2\" content=\"Est. reading time\" \/>\n\t<meta name=\"twitter:data2\" content=\"4 minutes\" \/>\n<script type=\"application\/ld+json\" class=\"yoast-schema-graph\">{\"@context\":\"https:\/\/schema.org\",\"@graph\":[{\"@type\":\"Article\",\"@id\":\"https:\/\/balidecor.net\/dekoratif-semsiye\/2024-dekoratif-semsiye-trendleri-bahce-ve-teraslarin-yeni-yildizlari\/#article\",\"isPartOf\":{\"@id\":\"https:\/\/balidecor.net\/dekoratif-semsiye\/2024-dekoratif-semsiye-trendleri-bahce-ve-teraslarin-yeni-yildizlari\/\"},\"author\":{\"name\":\"Verda\",\"@id\":\"https:\/\/balidecor.net\/#\/schema\/person\/5894ed19f8915a9018748da97b30cbd0\"},\"headline\":\"2024 Dekoratif \u015eemsiye Trendleri: Bah\u00e7e ve Teraslar\u0131n Yeni Y\u0131ld\u0131zlar\u0131\",\"datePublished\":\"2026-01-06T04:47:02+00:00\",\"mainEntityOfPage\":{\"@id\":\"https:\/\/balidecor.net\/dekoratif-semsiye\/2024-dekoratif-semsiye-trendleri-bahce-ve-teraslarin-yeni-yildizlari\/\"},\"wordCount\":1132,\"commentCount\":0,\"publisher\":{\"@id\":\"https:\/\/balidecor.net\/#organization\"},\"image\":{\"@id\":\"https:\/\/balidecor.net\/dekoratif-semsiye\/2024-dekoratif-semsiye-trendleri-bahce-ve-teraslarin-yeni-yildizlari\/#primaryimage\"},\"thumbnailUrl\":\"https:\/\/balidecor.net\/wp-content\/uploads\/2026\/01\/2024-Dekoratif-Semsiye-Trendleri-Bahce-ve-Teraslarin-Yeni-Yildizlari.jpg\",\"articleSection\":[\"Dekoratif \u015eemsiye\"],\"inLanguage\":\"en-US\",\"potentialAction\":[{\"@type\":\"CommentAction\",\"name\":\"Comment\",\"target\":[\"https:\/\/balidecor.net\/dekoratif-semsiye\/2024-dekoratif-semsiye-trendleri-bahce-ve-teraslarin-yeni-yildizlari\/#respond\"]}]},{\"@type\":\"WebPage\",\"@id\":\"https:\/\/balidecor.net\/dekoratif-semsiye\/2024-dekoratif-semsiye-trendleri-bahce-ve-teraslarin-yeni-yildizlari\/\",\"url\":\"https:\/\/balidecor.net\/dekoratif-semsiye\/2024-dekoratif-semsiye-trendleri-bahce-ve-teraslarin-yeni-yildizlari\/\",\"name\":\"2024 Dekoratif \u015eemsiye Trendleri: Bah\u00e7e ve Teraslar\u0131n Yeni Y\u0131ld\u0131zlar\u0131 - Bali Decor\",\"isPartOf\":{\"@id\":\"https:\/\/balidecor.net\/#website\"},\"primaryImageOfPage\":{\"@id\":\"https:\/\/balidecor.net\/dekoratif-semsiye\/2024-dekoratif-semsiye-trendleri-bahce-ve-teraslarin-yeni-yildizlari\/#primaryimage\"},\"image\":{\"@id\":\"https:\/\/balidecor.net\/dekoratif-semsiye\/2024-dekoratif-semsiye-trendleri-bahce-ve-teraslarin-yeni-yildizlari\/#primaryimage\"},\"thumbnailUrl\":\"https:\/\/balidecor.net\/wp-content\/uploads\/2026\/01\/2024-Dekoratif-Semsiye-Trendleri-Bahce-ve-Teraslarin-Yeni-Yildizlari.jpg\",\"datePublished\":\"2026-01-06T04:47:02+00:00\",\"description\":\"Bug\u00fcn\u00fcn dekoratif \u015femsiyeleri, d\u0131\u015f mekanlar\u0131m\u0131z\u0131n g\u00f6z al\u0131c\u0131 odak noktalar\u0131, teknolojik konfor unsurlar\u0131 ve ki\u015fisel tarz\u0131m\u0131z\u0131n bir yans\u0131mas\u0131 haline geldi.\",\"breadcrumb\":{\"@id\":\"https:\/\/balidecor.net\/dekoratif-semsiye\/2024-dekoratif-semsiye-trendleri-bahce-ve-teraslarin-yeni-yildizlari\/#breadcrumb\"},\"inLanguage\":\"en-US\",\"potentialAction\":[{\"@type\":\"ReadAction\",\"target\":[\"https:\/\/balidecor.net\/dekoratif-semsiye\/2024-dekoratif-semsiye-trendleri-bahce-ve-teraslarin-yeni-yildizlari\/\"]}]},{\"@type\":\"ImageObject\",\"inLanguage\":\"en-US\",\"@id\":\"https:\/\/balidecor.net\/dekoratif-semsiye\/2024-dekoratif-semsiye-trendleri-bahce-ve-teraslarin-yeni-yildizlari\/#primaryimage\",\"url\":\"https:\/\/balidecor.net\/wp-content\/uploads\/2026\/01\/2024-Dekoratif-Semsiye-Trendleri-Bahce-ve-Teraslarin-Yeni-Yildizlari.jpg\",\"contentUrl\":\"https:\/\/balidecor.net\/wp-content\/uploads\/2026\/01\/2024-Dekoratif-Semsiye-Trendleri-Bahce-ve-Teraslarin-Yeni-Yildizlari.jpg\",\"width\":1280,\"height\":854,\"caption\":\"Dekoratif \u015eemsiye\"},{\"@type\":\"BreadcrumbList\",\"@id\":\"https:\/\/balidecor.net\/dekoratif-semsiye\/2024-dekoratif-semsiye-trendleri-bahce-ve-teraslarin-yeni-yildizlari\/#breadcrumb\",\"itemListElement\":[{\"@type\":\"ListItem\",\"position\":1,\"name\":\"Ev\",\"item\":\"https:\/\/balidecor.net\/\"},{\"@type\":\"ListItem\",\"position\":2,\"name\":\"Dekoratif \u015eemsiye\",\"item\":\"https:\/\/balidecor.net\/blog\/dekoratif-semsiye\/\"},{\"@type\":\"ListItem\",\"position\":3,\"name\":\"2024 Dekoratif \u015eemsiye Trendleri: Bah\u00e7e ve Teraslar\u0131n Yeni Y\u0131ld\u0131zlar\u0131\"}]},{\"@type\":\"WebSite\",\"@id\":\"https:\/\/balidecor.net\/#website\",\"url\":\"https:\/\/balidecor.net\/\",\"name\":\"Bali Decor\",\"description\":\"\",\"publisher\":{\"@id\":\"https:\/\/balidecor.net\/#organization\"},\"potentialAction\":[{\"@type\":\"SearchAction\",\"target\":{\"@type\":\"EntryPoint\",\"urlTemplate\":\"https:\/\/balidecor.net\/?s={search_term_string}\"},\"query-input\":{\"@type\":\"PropertyValueSpecification\",\"valueRequired\":true,\"valueName\":\"search_term_string\"}}],\"inLanguage\":\"en-US\"},{\"@type\":\"Organization\",\"@id\":\"https:\/\/balidecor.net\/#organization\",\"name\":\"Bali Decor\",\"url\":\"https:\/\/balidecor.net\/\",\"logo\":{\"@type\":\"ImageObject\",\"inLanguage\":\"en-US\",\"@id\":\"https:\/\/balidecor.net\/#\/schema\/logo\/image\/\",\"url\":\"https:\/\/balidecor.net\/wp-content\/uploads\/2024\/02\/cropped-cropped-cropped-Rectangle-3-1-1-2.png\",\"contentUrl\":\"https:\/\/balidecor.net\/wp-content\/uploads\/2024\/02\/cropped-cropped-cropped-Rectangle-3-1-1-2.png\",\"width\":149,\"height\":109,\"caption\":\"Bali Decor\"},\"image\":{\"@id\":\"https:\/\/balidecor.net\/#\/schema\/logo\/image\/\"},\"sameAs\":[\"https:\/\/www.instagram.com\/baliidecor\"]},{\"@type\":\"Person\",\"@id\":\"https:\/\/balidecor.net\/#\/schema\/person\/5894ed19f8915a9018748da97b30cbd0\",\"name\":\"Verda\",\"image\":{\"@type\":\"ImageObject\",\"inLanguage\":\"en-US\",\"@id\":\"https:\/\/balidecor.net\/#\/schema\/person\/image\/\",\"url\":\"https:\/\/secure.gravatar.com\/avatar\/c0551e5cc12c483aae0da052cda1e3829236976522aba16a17de9b2ebf4324eb?s=96&d=mm&r=g\",\"contentUrl\":\"https:\/\/secure.gravatar.com\/avatar\/c0551e5cc12c483aae0da052cda1e3829236976522aba16a17de9b2ebf4324eb?s=96&d=mm&r=g\",\"caption\":\"Verda\"},\"url\":\"https:\/\/balidecor.net\/en\/author\/verda\/\"}]}<\/script>\n<!-- \/ Yoast SEO plugin. -->","yoast_head_json":{"title":"2024 Dekoratif \u015eemsiye Trendleri: Bah\u00e7e ve Teraslar\u0131n Yeni Y\u0131ld\u0131zlar\u0131 - Bali Decor","description":"Bug\u00fcn\u00fcn dekoratif \u015femsiyeleri, d\u0131\u015f mekanlar\u0131m\u0131z\u0131n g\u00f6z al\u0131c\u0131 odak noktalar\u0131, teknolojik konfor unsurlar\u0131 ve ki\u015fisel tarz\u0131m\u0131z\u0131n bir yans\u0131mas\u0131 haline geldi.","robots":{"index":"index","follow":"follow","max-snippet":"max-snippet:-1","max-image-preview":"max-image-preview:large","max-video-preview":"max-video-preview:-1"},"canonical":"https:\/\/balidecor.net\/en\/dekoratif-semsiye\/2024-dekoratif-semsiye-trendleri-bahce-ve-teraslarin-yeni-yildizlari\/","og_locale":"en_US","og_type":"article","og_title":"2024 Dekoratif \u015eemsiye Trendleri: Bah\u00e7e ve Teraslar\u0131n Yeni Y\u0131ld\u0131zlar\u0131 - Bali Decor","og_description":"Bug\u00fcn\u00fcn dekoratif \u015femsiyeleri, d\u0131\u015f mekanlar\u0131m\u0131z\u0131n g\u00f6z al\u0131c\u0131 odak noktalar\u0131, teknolojik konfor unsurlar\u0131 ve ki\u015fisel tarz\u0131m\u0131z\u0131n bir yans\u0131mas\u0131 haline geldi.","og_url":"https:\/\/balidecor.net\/en\/dekoratif-semsiye\/2024-dekoratif-semsiye-trendleri-bahce-ve-teraslarin-yeni-yildizlari\/","og_site_name":"Bali Decor","article_published_time":"2026-01-06T04:47:02+00:00","og_image":[{"width":1280,"height":854,"url":"https:\/\/balidecor.net\/wp-content\/uploads\/2026\/01\/2024-Dekoratif-Semsiye-Trendleri-Bahce-ve-Teraslarin-Yeni-Yildizlari.jpg","type":"image\/jpeg"}],"author":"Verda","twitter_card":"summary_large_image","twitter_misc":{"Written by":"Verda","Est. reading time":"4 minutes"},"schema":{"@context":"https:\/\/schema.org","@graph":[{"@type":"Article","@id":"https:\/\/balidecor.net\/dekoratif-semsiye\/2024-dekoratif-semsiye-trendleri-bahce-ve-teraslarin-yeni-yildizlari\/#article","isPartOf":{"@id":"https:\/\/balidecor.net\/dekoratif-semsiye\/2024-dekoratif-semsiye-trendleri-bahce-ve-teraslarin-yeni-yildizlari\/"},"author":{"name":"Verda","@id":"https:\/\/balidecor.net\/#\/schema\/person\/5894ed19f8915a9018748da97b30cbd0"},"headline":"2024 Dekoratif \u015eemsiye Trendleri: Bah\u00e7e ve Teraslar\u0131n Yeni Y\u0131ld\u0131zlar\u0131","datePublished":"2026-01-06T04:47:02+00:00","mainEntityOfPage":{"@id":"https:\/\/balidecor.net\/dekoratif-semsiye\/2024-dekoratif-semsiye-trendleri-bahce-ve-teraslarin-yeni-yildizlari\/"},"wordCount":1132,"commentCount":0,"publisher":{"@id":"https:\/\/balidecor.net\/#organization"},"image":{"@id":"https:\/\/balidecor.net\/dekoratif-semsiye\/2024-dekoratif-semsiye-trendleri-bahce-ve-teraslarin-yeni-yildizlari\/#primaryimage"},"thumbnailUrl":"https:\/\/balidecor.net\/wp-content\/uploads\/2026\/01\/2024-Dekoratif-Semsiye-Trendleri-Bahce-ve-Teraslarin-Yeni-Yildizlari.jpg","articleSection":["Dekoratif \u015eemsiye"],"inLanguage":"en-US","potentialAction":[{"@type":"CommentAction","name":"Comment","target":["https:\/\/balidecor.net\/dekoratif-semsiye\/2024-dekoratif-semsiye-trendleri-bahce-ve-teraslarin-yeni-yildizlari\/#respond"]}]},{"@type":"WebPage","@id":"https:\/\/balidecor.net\/dekoratif-semsiye\/2024-dekoratif-semsiye-trendleri-bahce-ve-teraslarin-yeni-yildizlari\/","url":"https:\/\/balidecor.net\/dekoratif-semsiye\/2024-dekoratif-semsiye-trendleri-bahce-ve-teraslarin-yeni-yildizlari\/","name":"2024 Dekoratif \u015eemsiye Trendleri: Bah\u00e7e ve Teraslar\u0131n Yeni Y\u0131ld\u0131zlar\u0131 - Bali Decor","isPartOf":{"@id":"https:\/\/balidecor.net\/#website"},"primaryImageOfPage":{"@id":"https:\/\/balidecor.net\/dekoratif-semsiye\/2024-dekoratif-semsiye-trendleri-bahce-ve-teraslarin-yeni-yildizlari\/#primaryimage"},"image":{"@id":"https:\/\/balidecor.net\/dekoratif-semsiye\/2024-dekoratif-semsiye-trendleri-bahce-ve-teraslarin-yeni-yildizlari\/#primaryimage"},"thumbnailUrl":"https:\/\/balidecor.net\/wp-content\/uploads\/2026\/01\/2024-Dekoratif-Semsiye-Trendleri-Bahce-ve-Teraslarin-Yeni-Yildizlari.jpg","datePublished":"2026-01-06T04:47:02+00:00","description":"Bug\u00fcn\u00fcn dekoratif \u015femsiyeleri, d\u0131\u015f mekanlar\u0131m\u0131z\u0131n g\u00f6z al\u0131c\u0131 odak noktalar\u0131, teknolojik konfor unsurlar\u0131 ve ki\u015fisel tarz\u0131m\u0131z\u0131n bir yans\u0131mas\u0131 haline geldi.","breadcrumb":{"@id":"https:\/\/balidecor.net\/dekoratif-semsiye\/2024-dekoratif-semsiye-trendleri-bahce-ve-teraslarin-yeni-yildizlari\/#breadcrumb"},"inLanguage":"en-US","potentialAction":[{"@type":"ReadAction","target":["https:\/\/balidecor.net\/dekoratif-semsiye\/2024-dekoratif-semsiye-trendleri-bahce-ve-teraslarin-yeni-yildizlari\/"]}]},{"@type":"ImageObject","inLanguage":"en-US","@id":"https:\/\/balidecor.net\/dekoratif-semsiye\/2024-dekoratif-semsiye-trendleri-bahce-ve-teraslarin-yeni-yildizlari\/#primaryimage","url":"https:\/\/balidecor.net\/wp-content\/uploads\/2026\/01\/2024-Dekoratif-Semsiye-Trendleri-Bahce-ve-Teraslarin-Yeni-Yildizlari.jpg","contentUrl":"https:\/\/balidecor.net\/wp-content\/uploads\/2026\/01\/2024-Dekoratif-Semsiye-Trendleri-Bahce-ve-Teraslarin-Yeni-Yildizlari.jpg","width":1280,"height":854,"caption":"Dekoratif \u015eemsiye"},{"@type":"BreadcrumbList","@id":"https:\/\/balidecor.net\/dekoratif-semsiye\/2024-dekoratif-semsiye-trendleri-bahce-ve-teraslarin-yeni-yildizlari\/#breadcrumb","itemListElement":[{"@type":"ListItem","position":1,"name":"Ev","item":"https:\/\/balidecor.net\/"},{"@type":"ListItem","position":2,"name":"Dekoratif \u015eemsiye","item":"https:\/\/balidecor.net\/blog\/dekoratif-semsiye\/"},{"@type":"ListItem","position":3,"name":"2024 Dekoratif \u015eemsiye Trendleri: Bah\u00e7e ve Teraslar\u0131n Yeni Y\u0131ld\u0131zlar\u0131"}]},{"@type":"WebSite","@id":"https:\/\/balidecor.net\/#website","url":"https:\/\/balidecor.net\/","name":"Bali Decor","description":"","publisher":{"@id":"https:\/\/balidecor.net\/#organization"},"potentialAction":[{"@type":"SearchAction","target":{"@type":"EntryPoint","urlTemplate":"https:\/\/balidecor.net\/?s={search_term_string}"},"query-input":{"@type":"PropertyValueSpecification","valueRequired":true,"valueName":"search_term_string"}}],"inLanguage":"en-US"},{"@type":"Organization","@id":"https:\/\/balidecor.net\/#organization","name":"Bali Decor","url":"https:\/\/balidecor.net\/","logo":{"@type":"ImageObject","inLanguage":"en-US","@id":"https:\/\/balidecor.net\/#\/schema\/logo\/image\/","url":"https:\/\/balidecor.net\/wp-content\/uploads\/2024\/02\/cropped-cropped-cropped-Rectangle-3-1-1-2.png","contentUrl":"https:\/\/balidecor.net\/wp-content\/uploads\/2024\/02\/cropped-cropped-cropped-Rectangle-3-1-1-2.png","width":149,"height":109,"caption":"Bali Decor"},"image":{"@id":"https:\/\/balidecor.net\/#\/schema\/logo\/image\/"},"sameAs":["https:\/\/www.instagram.com\/baliidecor"]},{"@type":"Person","@id":"https:\/\/balidecor.net\/#\/schema\/person\/5894ed19f8915a9018748da97b30cbd0","name":"Verda","image":{"@type":"ImageObject","inLanguage":"en-US","@id":"https:\/\/balidecor.net\/#\/schema\/person\/image\/","url":"https:\/\/secure.gravatar.com\/avatar\/c0551e5cc12c483aae0da052cda1e3829236976522aba16a17de9b2ebf4324eb?s=96&d=mm&r=g","contentUrl":"https:\/\/secure.gravatar.com\/avatar\/c0551e5cc12c483aae0da052cda1e3829236976522aba16a17de9b2ebf4324eb?s=96&d=mm&r=g","caption":"Verda"},"url":"https:\/\/balidecor.net\/en\/author\/verda\/"}]}},"_links":{"self":[{"href":"https:\/\/balidecor.net\/en\/wp-json\/wp\/v2\/posts\/2803","targetHints":{"allow":["GET"]}}],"collection":[{"href":"https:\/\/balidecor.net\/en\/wp-json\/wp\/v2\/posts"}],"about":[{"href":"https:\/\/balidecor.net\/en\/wp-json\/wp\/v2\/types\/post"}],"author":[{"embeddable":true,"href":"https:\/\/balidecor.net\/en\/wp-json\/wp\/v2\/users\/6"}],"replies":[{"embeddable":true,"href":"https:\/\/balidecor.net\/en\/wp-json\/wp\/v2\/comments?post=2803"}],"version-history":[{"count":1,"href":"https:\/\/balidecor.net\/en\/wp-json\/wp\/v2\/posts\/2803\/revisions"}],"predecessor-version":[{"id":2805,"href":"https:\/\/balidecor.net\/en\/wp-json\/wp\/v2\/posts\/2803\/revisions\/2805"}],"wp:featuredmedia":[{"embeddable":true,"href":"https:\/\/balidecor.net\/en\/wp-json\/wp\/v2\/media\/2804"}],"wp:attachment":[{"href":"https:\/\/balidecor.net\/en\/wp-json\/wp\/v2\/media?parent=2803"}],"wp:term":[{"taxonomy":"category","embeddable":true,"href":"https:\/\/balidecor.net\/en\/wp-json\/wp\/v2\/categories?post=2803"},{"taxonomy":"post_tag","embeddable":true,"href":"https:\/\/balidecor.net\/en\/wp-json\/wp\/v2\/tags?post=2803"}],"curies":[{"name":"wp","href":"https:\/\/api.w.org\/{rel}","templated":true}]}}