{"id":3380,"date":"2026-03-06T15:00:35","date_gmt":"2026-03-06T12:00:35","guid":{"rendered":"https:\/\/balidecor.net\/?p=3380"},"modified":"2026-03-03T09:39:47","modified_gmt":"2026-03-03T06:39:47","slug":"bali-tarzi-perdeler-pencereler-icin-oneriler","status":"publish","type":"post","link":"https:\/\/balidecor.net\/en\/mobilya\/bali-tarzi-perdeler-pencereler-icin-oneriler\/","title":{"rendered":"Bali Tarz\u0131 Perdeler: Pencereler \u0130\u00e7in \u00d6neriler"},"content":{"rendered":"<p><span style=\"font-weight: 400;\">Evinizin pencereleri, d\u0131\u015f d\u00fcnya ile ki\u015fisel mahremiyetiniz aras\u0131ndaki en \u00f6nemli k\u00f6pr\u00fcd\u00fcr. Bu k\u00f6pr\u00fcy\u00fc nas\u0131l dekore etti\u011finiz, sadece d\u0131\u015far\u0131y\u0131 nas\u0131l g\u00f6rd\u00fc\u011f\u00fcn\u00fcz\u00fc de\u011fil, i\u00e7eriye giren \u0131\u015f\u0131\u011f\u0131n kalitesini ve odan\u0131n enerjisini de belirler. Son y\u0131llarda y\u00fckselen &#8220;do\u011fall\u0131\u011fa d\u00f6n\u00fc\u015f&#8221; trendiyle birlikte, a\u011f\u0131r ve kasvetli kadife perdelerin yerini alan <\/span><a href=\"https:\/\/balidecor.net\/product-category\/mobilya\/\"><b>Bali perdeler<\/b><\/a><span style=\"font-weight: 400;\">, ya\u015fam alanlar\u0131na egzotik bir zarafet, hafiflik ve zamans\u0131z bir \u015f\u0131kl\u0131k kat\u0131yor.<\/span><\/p>\n<p><span style=\"font-weight: 400;\">Bali dekorasyon felsefesi, i\u00e7 ve d\u0131\u015f mekan\u0131 birle\u015ftirme sanat\u0131 \u00fczerine kuruludur. Bu sanat\u0131n en zarif par\u00e7as\u0131 olan perdeler; bambu, keten, pamuk ve j\u00fct gibi do\u011fal liflerin dokusuyla evinizde tropikal bir resort havas\u0131 yaratman\u0131za yard\u0131mc\u0131 olur. Bu yaz\u0131da, pencereleriniz i\u00e7in en iyi Bali tarz\u0131 perde \u00f6nerilerini, malzeme se\u00e7imlerini ve dekorasyon ipu\u00e7lar\u0131n\u0131 ke\u015ffedece\u011fiz.<\/span><\/p>\n<h2><b>Neden Bali Perdeler Tercih Edilmeli?<\/b><\/h2>\n<p><span style=\"font-weight: 400;\">Bir odaya girdi\u011finizde hissetti\u011finiz o ferahl\u0131k duygusu tesad\u00fcf de\u011fildir. Bali tarz\u0131 ayd\u0131nlatma ve mobilyalarla birle\u015fen do\u011fru perde se\u00e7imi, mekan\u0131n ruhunu an\u0131nda de\u011fi\u015ftirir.<\/span><\/p>\n<h3><b>1. I\u015f\u0131k Kontrol\u00fc ve Do\u011fal Filtreleme<\/b><\/h3>\n<p><span style=\"font-weight: 400;\">Bali stilinin en b\u00fcy\u00fck \u00f6zelli\u011fi \u0131\u015f\u0131\u011f\u0131 tamamen kesmek yerine onu yumu\u015fatarak i\u00e7eri almas\u0131d\u0131r. Do\u011fal dokulu <\/span><a href=\"https:\/\/balidecor.net\/product-category\/mobilya\/\"><b>Bali perdeler<\/b><\/a><span style=\"font-weight: 400;\">, g\u00fcne\u015f \u0131\u015f\u0131\u011f\u0131n\u0131 filtreleyerek odada huzurlu g\u00f6lge oyunlar\u0131 yarat\u0131r. Bu durum, g\u00f6z yorgunlu\u011funu azalt\u0131rken odan\u0131n daha geni\u015f g\u00f6r\u00fcnmesini sa\u011flar.<\/span><\/p>\n<h3><b>2. S\u00fcrd\u00fcr\u00fclebilirlik ve Sa\u011fl\u0131kl\u0131 Ya\u015fam<\/b><\/h3>\n<p><span style=\"font-weight: 400;\">Sentetik ve plastik bazl\u0131 storlar\u0131n aksine, Bali tarz\u0131 perdeler genellikle bitkisel liflerden \u00fcretilir.<\/span><a href=\"https:\/\/www.unep.org\/\"> <span style=\"font-weight: 400;\">Birle\u015fmi\u015f Milletler \u00c7evre Program\u0131 (UNEP)<\/span><\/a><span style=\"font-weight: 400;\"> taraf\u0131ndan vurgulanan s\u00fcrd\u00fcr\u00fclebilir ya\u015fam standartlar\u0131na uygun olarak, bu do\u011fal malzemeler evinizdeki hava kalitesini art\u0131r\u0131r ve statik elektrik olu\u015fumunu engeller.<\/span><\/p>\n<h2><b>Bali Tarz\u0131 Perde Modelleri ve Malzemeleri<\/b><\/h2>\n<p><span style=\"font-weight: 400;\">Pencerelerinizde kullanaca\u011f\u0131n\u0131z materyal, hem kullan\u0131m kolayl\u0131\u011f\u0131n\u0131 hem de dekoratif etkiyi do\u011frudan etkiler. \u0130\u015fte en pop\u00fcler se\u00e7enekler:<\/span><\/p>\n<h3><b>Bambu ve Rattan Storlar<\/b><\/h3>\n<p><span style=\"font-weight: 400;\">Egzotik bir dokunu\u015fun en kestirme yolu bambu perdelerdir. \u0130nce bambu \u00e7ubuklar\u0131n\u0131n el i\u015f\u00e7ili\u011fiyle bir araya getirilmesiyle olu\u015fan bu perdeler, \u00f6zellikle \u00e7al\u0131\u015fma odalar\u0131 ve mutfaklar i\u00e7in idealdir. Dayan\u0131kl\u0131 yap\u0131lar\u0131 sayesinde uzun y\u0131llar formunu korurlar.<\/span><\/p>\n<h3><b>Saf Keten (Linen) Perdeler<\/b><\/h3>\n<p><span style=\"font-weight: 400;\">Bali\u2019nin o u\u00e7u\u015f u\u00e7u\u015f, havadar villalar\u0131ndaki g\u00f6r\u00fcn\u00fcm\u00fc yakalamak istiyorsan\u0131z keten perdeler vazge\u00e7ilmezinizdir. Keten, nefes alan bir kuma\u015ft\u0131r; yaz\u0131n oday\u0131 serin tutarken k\u0131\u015f\u0131n s\u0131cak bir doku sunar. \u0130\u00e7 mimari d\u00fcnyas\u0131n\u0131n otoritesi<\/span><a href=\"https:\/\/www.architecturaldigest.com\/\"> <span style=\"font-weight: 400;\">Architectural Digest<\/span><\/a><span style=\"font-weight: 400;\">, ketenin l\u00fcks ve do\u011fall\u0131\u011f\u0131 bir araya getiren en asil kuma\u015f oldu\u011funu belirtmektedir.<\/span><\/p>\n<h3><b>Makrome Duvar ve Pencere S\u00fcsleri<\/b><\/h3>\n<p><span style=\"font-weight: 400;\">Bohem bir dokunu\u015f arayanlar i\u00e7in makrome perdeler harika bir alternatiftir. El \u00f6rg\u00fcs\u00fc pamuk iplerden yap\u0131lan bu &#8220;perdeler&#8221;, mahremiyetten ziyade dekoratif bir b\u00f6l\u00fcc\u00fc veya g\u00fcne\u015f k\u0131r\u0131c\u0131 olarak kullan\u0131l\u0131r.<\/span><\/p>\n<h2><b>Odaya G\u00f6re Perde Se\u00e7im \u00d6nerileri<\/b><\/h2>\n<p><span style=\"font-weight: 400;\">Her odan\u0131n \u0131\u015f\u0131k ihtiyac\u0131 ve fonksiyonu farkl\u0131d\u0131r. <\/span><a href=\"https:\/\/balidecor.net\/product-category\/mobilya\/\"><b>Bali perdeler<\/b><\/a><span style=\"font-weight: 400;\"> aras\u0131ndan se\u00e7im yaparken odan\u0131n kullan\u0131m amac\u0131n\u0131 g\u00f6z \u00f6n\u00fcnde bulundurmal\u0131s\u0131n\u0131z.<\/span><\/p>\n<h3><b>Salon \u0130\u00e7in Katmanlama (Layering)<\/b><\/h3>\n<p><span style=\"font-weight: 400;\">Salonda derinlik yaratmak i\u00e7in katmanlama tekni\u011fini kullan\u0131n. Pencerenin en i\u00e7 k\u0131sm\u0131na do\u011fal bambu stor, \u00fczerine ise her iki yana d\u00f6k\u00fclen beyaz keten perdeler ekleyin. Bu kombinasyon, <a href=\"https:\/\/balidecor.net\/\"><b>Bali Decor<\/b> <\/a><\/span><span style=\"font-weight: 400;\">esteti\u011fini en profesyonel \u015fekilde yans\u0131tman\u0131z\u0131 sa\u011flar.<\/span><\/p>\n<h3><b>Yatak Odas\u0131nda Huzur ve Karanl\u0131k<\/b><\/h3>\n<p><span style=\"font-weight: 400;\">Yatak odas\u0131nda Bali stilini ya\u015fat\u0131rken uyku kalitenizden \u00f6d\u00fcn vermeyin. Do\u011fal keten perdelerinizi, \u0131\u015f\u0131\u011f\u0131 s\u0131zd\u0131rmayan (blackout) ancak do\u011fal dokulu bir astarla destekleyin. Toprak tonlar\u0131 veya kum beji perdeler, sakinle\u015ftirici bir etki yaratarak uykuya ge\u00e7i\u015finizi kolayla\u015ft\u0131r\u0131r.<\/span><\/p>\n<h3><b>Mutfak ve Banyo \u0130\u00e7in Pratik \u00c7\u00f6z\u00fcmler<\/b><\/h3>\n<p><span style=\"font-weight: 400;\">Nem oran\u0131 y\u00fcksek olan bu alanlarda, neme dayan\u0131kl\u0131 i\u015flem g\u00f6rm\u00fc\u015f bambu perdeler veya suya dayan\u0131kl\u0131 sentetik rattan dokular tercih edilebilir. Bu alanlarda stor formundaki <\/span><a href=\"https:\/\/balidecor.net\/product-category\/mobilya\/\"><b>Bali perdeler<\/b><\/a><span style=\"font-weight: 400;\">, kullan\u0131m kolayl\u0131\u011f\u0131 sunar.<\/span><\/p>\n<h2><b>Bali Tarz\u0131 Perdeler Nas\u0131l Kombinlenir?<\/b><\/h2>\n<p><span style=\"font-weight: 400;\">Do\u011fru perdeyi se\u00e7mek kadar onu odan\u0131n geri kalan\u0131yla uyumlu hale getirmek de \u00f6nemlidir.<\/span><\/p>\n<ol>\n<li style=\"font-weight: 400;\" aria-level=\"1\"><b>Bitkilerle Tamamlay\u0131n:<\/b><span style=\"font-weight: 400;\"> Perdelerinizin \u00f6n\u00fcne yerle\u015ftirece\u011finiz bir Areka palmiyesi veya devetaban\u0131 (Monstera), ye\u015filin ve do\u011fal kuma\u015f\u0131n e\u015fsiz uyumunu sergiler.<\/span><\/li>\n<li style=\"font-weight: 400;\" aria-level=\"1\"><b>Aksesuarlarda Do\u011fall\u0131k:<\/b><span style=\"font-weight: 400;\"> Perde ba\u011flama aparatlar\u0131n\u0131 plastik yerine deniz kabuklar\u0131, ah\u015fap boncuklar veya el \u00f6rg\u00fcs\u00fc halatlarla de\u011fi\u015ftirin.<\/span><\/li>\n<li style=\"font-weight: 400;\" aria-level=\"1\"><b>Zemin Uyumu:<\/b><span style=\"font-weight: 400;\"> J\u00fct hal\u0131lar ve ah\u015fap mobilyalar, Bali perdelerin do\u011fal dokusunu destekleyerek odada b\u00fct\u00fcnl\u00fck sa\u011flar.<\/span><\/li>\n<\/ol>\n<h2><b>Bak\u0131m ve Temizlik \u0130pu\u00e7lar\u0131<\/b><\/h2>\n<p><span style=\"font-weight: 400;\">Do\u011fal lifli perdeler \u00f6zel bir ilgi ister:<\/span><\/p>\n<ul>\n<li style=\"font-weight: 400;\" aria-level=\"1\"><b>Toz Alma:<\/b><span style=\"font-weight: 400;\"> Bambu ve rattan perdeleri haftada bir kez yumu\u015fak bir f\u0131r\u00e7a veya elektrik s\u00fcp\u00fcrgesinin hassas ba\u015fl\u0131\u011f\u0131yla tozdan ar\u0131nd\u0131r\u0131n.<\/span><\/li>\n<li style=\"font-weight: 400;\" aria-level=\"1\"><b>Y\u0131kama:<\/b><span style=\"font-weight: 400;\"> Keten ve pamuklu perdeleri genellikle d\u00fc\u015f\u00fck \u0131s\u0131da (30 derece) ve hassas programda y\u0131kamal\u0131s\u0131n\u0131z. Kurutma makinesi yerine, perdeleri hen\u00fcz hafif nemliyken asarak kendi formunda kurumas\u0131n\u0131 sa\u011flamak \u00fct\u00fc ihtiyac\u0131n\u0131 azalt\u0131r.<\/span><\/li>\n<\/ul>\n<h2><b>S\u0131k\u00e7a Sorulan Sorular (FAQ)<\/b><\/h2>\n<ol>\n<li><b> Bali perdeler d\u0131\u015far\u0131dan i\u00e7erisinin g\u00f6r\u00fcnmesini engeller mi?<\/b><\/li>\n<\/ol>\n<p><span style=\"font-weight: 400;\">Evet. Keten perdeler \u0131\u015f\u0131\u011f\u0131 filtrelerken g\u00f6r\u00fc\u015f\u00fc engeller. Bambu storlar ise doku s\u0131kl\u0131\u011f\u0131na g\u00f6re mahremiyet sa\u011flar. Daha fazla mahremiyet i\u00e7in \u00e7ift katl\u0131 kullan\u0131m \u00f6nerilir.<\/span><\/p>\n<ol start=\"2\">\n<li><b> Bambu perdeler zamanla karar\u0131r m\u0131?<\/b><\/li>\n<\/ol>\n<p><span style=\"font-weight: 400;\">Kaliteli ve f\u0131r\u0131nlanm\u0131\u015f bambu perdeler normal \u015fartlarda kararmaz. Ancak do\u011frudan suyla temas etmemesi ve \u00e7ok nemli kalmamas\u0131 uzun \u00f6m\u00fcrl\u00fcl\u00fck i\u00e7in \u00f6nemlidir.<\/span><\/p>\n<ol start=\"3\">\n<li><b> Bu perdeler modern evlerde s\u0131r\u0131t\u0131r m\u0131?<\/b><\/li>\n<\/ol>\n<p><span style=\"font-weight: 400;\">Tam tersine! Modern ve minimalist evlerde do\u011fal doku kullan\u0131m\u0131, &#8220;so\u011fuk&#8221; atmosferi k\u0131rarak daha s\u0131cak ve davetkar bir mekan yarat\u0131r.<\/span><\/p>\n<ol start=\"4\">\n<li><b> Keten perdeler \u00e7ok buru\u015fur mu?<\/b><\/li>\n<\/ol>\n<p><span style=\"font-weight: 400;\">Keten do\u011fal bir liftir ve kendine has hafif k\u0131r\u0131\u015f\u0131kl\u0131\u011f\u0131 onun karakteridir. E\u011fer bu g\u00f6r\u00fcn\u00fcmden ho\u015flanm\u0131yorsan\u0131z, pamuk-keten kar\u0131\u015f\u0131ml\u0131 modelleri tercih edebilirsiniz.<\/span><\/p>\n<ol start=\"5\">\n<li><b> Orijinal Bali tarz\u0131 dekorasyon \u00fcr\u00fcnlerini nereden bulabilirim?<\/b><\/li>\n<\/ol>\n<p><span style=\"font-weight: 400;\">Zanaatkarlar taraf\u0131ndan haz\u0131rlanan en \u00f6zel koleksiyonlar i\u00e7in <\/span><a href=\"https:\/\/balidecor.net\/\"><b>Balidecor.net<\/b><\/a><span style=\"font-weight: 400;\"> adresini ziyaret edebilirsiniz.<\/span><\/p>\n<h2><b>Pencerelerinizde Tropikal Esintiye Yer A\u00e7\u0131n!<\/b><\/h2>\n<p><span style=\"font-weight: 400;\">Evinizde huzurlu bir vaha yaratmak, detaylara verdi\u011finiz \u00f6nemle ba\u015flar. <\/span><a href=\"https:\/\/balidecor.net\/product-category\/mobilya\/\"><b>Bali perdeler<\/b><\/a><span style=\"font-weight: 400;\">, sadece pencerenizi kapatmakla kalmaz, d\u0131\u015far\u0131daki g\u00fcn \u0131\u015f\u0131\u011f\u0131n\u0131 bir huzur filtresine d\u00f6n\u00fc\u015ft\u00fcr\u00fcr. Do\u011fall\u0131\u011f\u0131n, el eme\u011finin ve s\u00fcrd\u00fcr\u00fclebilirli\u011fin g\u00fcc\u00fcyle evinizin atmosferini bug\u00fcn de\u011fi\u015ftirin.<\/span><\/p>\n<p><b>Pencerelerinizi Bali Ruhuyla Tan\u0131\u015ft\u0131r\u0131n!<\/b><\/p>\n<p><span style=\"font-weight: 400;\">En \u00f6zel keten, bambu ve el dokumas\u0131 koleksiyonlar\u0131m\u0131z\u0131 ke\u015ffetmek i\u00e7in<\/span><a href=\"https:\/\/balidecor.net\/\"> <span style=\"font-weight: 400;\">Balidecor.net<\/span><\/a><span style=\"font-weight: 400;\"> adresini ziyaret edin. Ya\u015fam alan\u0131n\u0131za hak etti\u011fi egzotik \u015f\u0131kl\u0131\u011f\u0131 kazand\u0131r\u0131n!<\/span><\/p>","protected":false},"excerpt":{"rendered":"<p>Evinizin pencereleri, d\u0131\u015f d\u00fcnya ile ki\u015fisel mahremiyetiniz aras\u0131ndaki en \u00f6nemli k\u00f6pr\u00fcd\u00fcr. Bu k\u00f6pr\u00fcy\u00fc nas\u0131l dekore etti\u011finiz, sadece d\u0131\u015far\u0131y\u0131 nas\u0131l g\u00f6rd\u00fc\u011f\u00fcn\u00fcz\u00fc de\u011fil, i\u00e7eriye giren \u0131\u015f\u0131\u011f\u0131n kalitesini ve odan\u0131n enerjisini de belirler. Son y\u0131llarda y\u00fckselen &#8220;do\u011fall\u0131\u011fa d\u00f6n\u00fc\u015f&#8221; trendiyle birlikte, a\u011f\u0131r ve kasvetli kadife perdelerin yerini alan Bali perdeler, ya\u015fam alanlar\u0131na egzotik bir zarafet, hafiflik ve zamans\u0131z bir [&hellip;]<\/p>","protected":false},"author":7,"featured_media":3381,"comment_status":"open","ping_status":"open","sticky":false,"template":"","format":"standard","meta":{"_monsterinsights_skip_tracking":false,"_monsterinsights_sitenote_active":false,"_monsterinsights_sitenote_note":"","_monsterinsights_sitenote_category":0,"footnotes":""},"categories":[54],"tags":[],"class_list":["post-3380","post","type-post","status-publish","format-standard","has-post-thumbnail","hentry","category-mobilya"],"yoast_head":"<!-- This site is optimized with the Yoast SEO plugin v26.7 - https:\/\/yoast.com\/wordpress\/plugins\/seo\/ -->\n<title>Bali Tarz\u0131 Perdeler: Pencereler \u0130\u00e7in \u00d6neriler - Bali Decor<\/title>\n<meta name=\"description\" content=\"Bali Perdeler ile evinizde egzotik ve ferah bir atmosfer yarat\u0131n! Bambu, keten ve el dokumas\u0131 perde \u00f6nerileri i\u00e7in hemen Balidecor.net\u2019i ziyaret edin.\" \/>\n<meta name=\"robots\" content=\"index, follow, max-snippet:-1, max-image-preview:large, max-video-preview:-1\" \/>\n<link rel=\"canonical\" href=\"https:\/\/balidecor.net\/en\/mobilya\/bali-tarzi-perdeler-pencereler-icin-oneriler\/\" \/>\n<meta property=\"og:locale\" content=\"en_US\" \/>\n<meta property=\"og:type\" content=\"article\" \/>\n<meta property=\"og:title\" content=\"Bali Tarz\u0131 Perdeler: Pencereler \u0130\u00e7in \u00d6neriler - Bali Decor\" \/>\n<meta property=\"og:description\" content=\"Bali Perdeler ile evinizde egzotik ve ferah bir atmosfer yarat\u0131n! Bambu, keten ve el dokumas\u0131 perde \u00f6nerileri i\u00e7in hemen Balidecor.net\u2019i ziyaret edin.\" \/>\n<meta property=\"og:url\" content=\"https:\/\/balidecor.net\/en\/mobilya\/bali-tarzi-perdeler-pencereler-icin-oneriler\/\" \/>\n<meta property=\"og:site_name\" content=\"Bali Decor\" \/>\n<meta property=\"article:published_time\" content=\"2026-03-06T12:00:35+00:00\" \/>\n<meta property=\"og:image\" content=\"https:\/\/balidecor.net\/wp-content\/uploads\/2026\/03\/Bali-Tarzi-Perdeler-Pencereler-Icin-Oneriler.jpg\" \/>\n\t<meta property=\"og:image:width\" content=\"1280\" \/>\n\t<meta property=\"og:image:height\" content=\"853\" \/>\n\t<meta property=\"og:image:type\" content=\"image\/jpeg\" \/>\n<meta name=\"author\" content=\"Makale Yazar\u0131\" \/>\n<meta name=\"twitter:card\" content=\"summary_large_image\" \/>\n<meta name=\"twitter:label1\" content=\"Written by\" \/>\n\t<meta name=\"twitter:data1\" content=\"Makale Yazar\u0131\" \/>\n\t<meta name=\"twitter:label2\" content=\"Est. reading time\" \/>\n\t<meta name=\"twitter:data2\" content=\"4 minutes\" \/>\n<script type=\"application\/ld+json\" class=\"yoast-schema-graph\">{\"@context\":\"https:\/\/schema.org\",\"@graph\":[{\"@type\":\"Article\",\"@id\":\"https:\/\/balidecor.net\/mobilya\/bali-tarzi-perdeler-pencereler-icin-oneriler\/#article\",\"isPartOf\":{\"@id\":\"https:\/\/balidecor.net\/mobilya\/bali-tarzi-perdeler-pencereler-icin-oneriler\/\"},\"author\":{\"name\":\"Makale Yazar\u0131\",\"@id\":\"https:\/\/balidecor.net\/#\/schema\/person\/8ab1353c2bf9c58033023788ce17a205\"},\"headline\":\"Bali Tarz\u0131 Perdeler: Pencereler \u0130\u00e7in \u00d6neriler\",\"datePublished\":\"2026-03-06T12:00:35+00:00\",\"mainEntityOfPage\":{\"@id\":\"https:\/\/balidecor.net\/mobilya\/bali-tarzi-perdeler-pencereler-icin-oneriler\/\"},\"wordCount\":1139,\"commentCount\":0,\"publisher\":{\"@id\":\"https:\/\/balidecor.net\/#organization\"},\"image\":{\"@id\":\"https:\/\/balidecor.net\/mobilya\/bali-tarzi-perdeler-pencereler-icin-oneriler\/#primaryimage\"},\"thumbnailUrl\":\"https:\/\/balidecor.net\/wp-content\/uploads\/2026\/03\/Bali-Tarzi-Perdeler-Pencereler-Icin-Oneriler.jpg\",\"articleSection\":[\"Mobilya\"],\"inLanguage\":\"en-US\",\"potentialAction\":[{\"@type\":\"CommentAction\",\"name\":\"Comment\",\"target\":[\"https:\/\/balidecor.net\/mobilya\/bali-tarzi-perdeler-pencereler-icin-oneriler\/#respond\"]}]},{\"@type\":\"WebPage\",\"@id\":\"https:\/\/balidecor.net\/mobilya\/bali-tarzi-perdeler-pencereler-icin-oneriler\/\",\"url\":\"https:\/\/balidecor.net\/mobilya\/bali-tarzi-perdeler-pencereler-icin-oneriler\/\",\"name\":\"Bali Tarz\u0131 Perdeler: Pencereler \u0130\u00e7in \u00d6neriler - Bali Decor\",\"isPartOf\":{\"@id\":\"https:\/\/balidecor.net\/#website\"},\"primaryImageOfPage\":{\"@id\":\"https:\/\/balidecor.net\/mobilya\/bali-tarzi-perdeler-pencereler-icin-oneriler\/#primaryimage\"},\"image\":{\"@id\":\"https:\/\/balidecor.net\/mobilya\/bali-tarzi-perdeler-pencereler-icin-oneriler\/#primaryimage\"},\"thumbnailUrl\":\"https:\/\/balidecor.net\/wp-content\/uploads\/2026\/03\/Bali-Tarzi-Perdeler-Pencereler-Icin-Oneriler.jpg\",\"datePublished\":\"2026-03-06T12:00:35+00:00\",\"description\":\"Bali Perdeler ile evinizde egzotik ve ferah bir atmosfer yarat\u0131n! Bambu, keten ve el dokumas\u0131 perde \u00f6nerileri i\u00e7in hemen Balidecor.net\u2019i ziyaret edin.\",\"breadcrumb\":{\"@id\":\"https:\/\/balidecor.net\/mobilya\/bali-tarzi-perdeler-pencereler-icin-oneriler\/#breadcrumb\"},\"inLanguage\":\"en-US\",\"potentialAction\":[{\"@type\":\"ReadAction\",\"target\":[\"https:\/\/balidecor.net\/mobilya\/bali-tarzi-perdeler-pencereler-icin-oneriler\/\"]}]},{\"@type\":\"ImageObject\",\"inLanguage\":\"en-US\",\"@id\":\"https:\/\/balidecor.net\/mobilya\/bali-tarzi-perdeler-pencereler-icin-oneriler\/#primaryimage\",\"url\":\"https:\/\/balidecor.net\/wp-content\/uploads\/2026\/03\/Bali-Tarzi-Perdeler-Pencereler-Icin-Oneriler.jpg\",\"contentUrl\":\"https:\/\/balidecor.net\/wp-content\/uploads\/2026\/03\/Bali-Tarzi-Perdeler-Pencereler-Icin-Oneriler.jpg\",\"width\":1280,\"height\":853,\"caption\":\"Yumu\u015fak g\u00fcn \u0131\u015f\u0131\u011f\u0131 alan bir pencerede as\u0131l\u0131 Bali Decor keten perde ve yan\u0131nda has\u0131r sepet i\u00e7indeki dev tropikal bitkilerin do\u011fal g\u00f6r\u00fcn\u00fcm\u00fc.\"},{\"@type\":\"BreadcrumbList\",\"@id\":\"https:\/\/balidecor.net\/mobilya\/bali-tarzi-perdeler-pencereler-icin-oneriler\/#breadcrumb\",\"itemListElement\":[{\"@type\":\"ListItem\",\"position\":1,\"name\":\"Ev\",\"item\":\"https:\/\/balidecor.net\/\"},{\"@type\":\"ListItem\",\"position\":2,\"name\":\"Mobilya\",\"item\":\"https:\/\/balidecor.net\/blog\/mobilya\/\"},{\"@type\":\"ListItem\",\"position\":3,\"name\":\"Bali Tarz\u0131 Perdeler: Pencereler \u0130\u00e7in \u00d6neriler\"}]},{\"@type\":\"WebSite\",\"@id\":\"https:\/\/balidecor.net\/#website\",\"url\":\"https:\/\/balidecor.net\/\",\"name\":\"Bali Decor\",\"description\":\"\",\"publisher\":{\"@id\":\"https:\/\/balidecor.net\/#organization\"},\"potentialAction\":[{\"@type\":\"SearchAction\",\"target\":{\"@type\":\"EntryPoint\",\"urlTemplate\":\"https:\/\/balidecor.net\/?s={search_term_string}\"},\"query-input\":{\"@type\":\"PropertyValueSpecification\",\"valueRequired\":true,\"valueName\":\"search_term_string\"}}],\"inLanguage\":\"en-US\"},{\"@type\":\"Organization\",\"@id\":\"https:\/\/balidecor.net\/#organization\",\"name\":\"Bali Decor\",\"url\":\"https:\/\/balidecor.net\/\",\"logo\":{\"@type\":\"ImageObject\",\"inLanguage\":\"en-US\",\"@id\":\"https:\/\/balidecor.net\/#\/schema\/logo\/image\/\",\"url\":\"https:\/\/balidecor.net\/wp-content\/uploads\/2024\/02\/cropped-cropped-cropped-Rectangle-3-1-1-2.png\",\"contentUrl\":\"https:\/\/balidecor.net\/wp-content\/uploads\/2024\/02\/cropped-cropped-cropped-Rectangle-3-1-1-2.png\",\"width\":149,\"height\":109,\"caption\":\"Bali Decor\"},\"image\":{\"@id\":\"https:\/\/balidecor.net\/#\/schema\/logo\/image\/\"},\"sameAs\":[\"https:\/\/www.instagram.com\/baliidecor\"]},{\"@type\":\"Person\",\"@id\":\"https:\/\/balidecor.net\/#\/schema\/person\/8ab1353c2bf9c58033023788ce17a205\",\"name\":\"Makale Yazar\u0131\",\"image\":{\"@type\":\"ImageObject\",\"inLanguage\":\"en-US\",\"@id\":\"https:\/\/balidecor.net\/#\/schema\/person\/image\/\",\"url\":\"https:\/\/secure.gravatar.com\/avatar\/5610bfc077a10e3f8ae54912f2c036324c29932b055586c3f2faa7ace096798d?s=96&d=mm&r=g\",\"contentUrl\":\"https:\/\/secure.gravatar.com\/avatar\/5610bfc077a10e3f8ae54912f2c036324c29932b055586c3f2faa7ace096798d?s=96&d=mm&r=g\",\"caption\":\"Makale Yazar\u0131\"},\"sameAs\":[\"https:\/\/balidecor.net\/\"],\"url\":\"https:\/\/balidecor.net\/en\/author\/makaleyazari\/\"}]}<\/script>\n<!-- \/ Yoast SEO plugin. -->","yoast_head_json":{"title":"Bali Tarz\u0131 Perdeler: Pencereler \u0130\u00e7in \u00d6neriler - Bali Decor","description":"Bali Perdeler ile evinizde egzotik ve ferah bir atmosfer yarat\u0131n! Bambu, keten ve el dokumas\u0131 perde \u00f6nerileri i\u00e7in hemen Balidecor.net\u2019i ziyaret edin.","robots":{"index":"index","follow":"follow","max-snippet":"max-snippet:-1","max-image-preview":"max-image-preview:large","max-video-preview":"max-video-preview:-1"},"canonical":"https:\/\/balidecor.net\/en\/mobilya\/bali-tarzi-perdeler-pencereler-icin-oneriler\/","og_locale":"en_US","og_type":"article","og_title":"Bali Tarz\u0131 Perdeler: Pencereler \u0130\u00e7in \u00d6neriler - Bali Decor","og_description":"Bali Perdeler ile evinizde egzotik ve ferah bir atmosfer yarat\u0131n! Bambu, keten ve el dokumas\u0131 perde \u00f6nerileri i\u00e7in hemen Balidecor.net\u2019i ziyaret edin.","og_url":"https:\/\/balidecor.net\/en\/mobilya\/bali-tarzi-perdeler-pencereler-icin-oneriler\/","og_site_name":"Bali Decor","article_published_time":"2026-03-06T12:00:35+00:00","og_image":[{"width":1280,"height":853,"url":"https:\/\/balidecor.net\/wp-content\/uploads\/2026\/03\/Bali-Tarzi-Perdeler-Pencereler-Icin-Oneriler.jpg","type":"image\/jpeg"}],"author":"Makale Yazar\u0131","twitter_card":"summary_large_image","twitter_misc":{"Written by":"Makale Yazar\u0131","Est. reading time":"4 minutes"},"schema":{"@context":"https:\/\/schema.org","@graph":[{"@type":"Article","@id":"https:\/\/balidecor.net\/mobilya\/bali-tarzi-perdeler-pencereler-icin-oneriler\/#article","isPartOf":{"@id":"https:\/\/balidecor.net\/mobilya\/bali-tarzi-perdeler-pencereler-icin-oneriler\/"},"author":{"name":"Makale Yazar\u0131","@id":"https:\/\/balidecor.net\/#\/schema\/person\/8ab1353c2bf9c58033023788ce17a205"},"headline":"Bali Tarz\u0131 Perdeler: Pencereler \u0130\u00e7in \u00d6neriler","datePublished":"2026-03-06T12:00:35+00:00","mainEntityOfPage":{"@id":"https:\/\/balidecor.net\/mobilya\/bali-tarzi-perdeler-pencereler-icin-oneriler\/"},"wordCount":1139,"commentCount":0,"publisher":{"@id":"https:\/\/balidecor.net\/#organization"},"image":{"@id":"https:\/\/balidecor.net\/mobilya\/bali-tarzi-perdeler-pencereler-icin-oneriler\/#primaryimage"},"thumbnailUrl":"https:\/\/balidecor.net\/wp-content\/uploads\/2026\/03\/Bali-Tarzi-Perdeler-Pencereler-Icin-Oneriler.jpg","articleSection":["Mobilya"],"inLanguage":"en-US","potentialAction":[{"@type":"CommentAction","name":"Comment","target":["https:\/\/balidecor.net\/mobilya\/bali-tarzi-perdeler-pencereler-icin-oneriler\/#respond"]}]},{"@type":"WebPage","@id":"https:\/\/balidecor.net\/mobilya\/bali-tarzi-perdeler-pencereler-icin-oneriler\/","url":"https:\/\/balidecor.net\/mobilya\/bali-tarzi-perdeler-pencereler-icin-oneriler\/","name":"Bali Tarz\u0131 Perdeler: Pencereler \u0130\u00e7in \u00d6neriler - Bali Decor","isPartOf":{"@id":"https:\/\/balidecor.net\/#website"},"primaryImageOfPage":{"@id":"https:\/\/balidecor.net\/mobilya\/bali-tarzi-perdeler-pencereler-icin-oneriler\/#primaryimage"},"image":{"@id":"https:\/\/balidecor.net\/mobilya\/bali-tarzi-perdeler-pencereler-icin-oneriler\/#primaryimage"},"thumbnailUrl":"https:\/\/balidecor.net\/wp-content\/uploads\/2026\/03\/Bali-Tarzi-Perdeler-Pencereler-Icin-Oneriler.jpg","datePublished":"2026-03-06T12:00:35+00:00","description":"Bali Perdeler ile evinizde egzotik ve ferah bir atmosfer yarat\u0131n! Bambu, keten ve el dokumas\u0131 perde \u00f6nerileri i\u00e7in hemen Balidecor.net\u2019i ziyaret edin.","breadcrumb":{"@id":"https:\/\/balidecor.net\/mobilya\/bali-tarzi-perdeler-pencereler-icin-oneriler\/#breadcrumb"},"inLanguage":"en-US","potentialAction":[{"@type":"ReadAction","target":["https:\/\/balidecor.net\/mobilya\/bali-tarzi-perdeler-pencereler-icin-oneriler\/"]}]},{"@type":"ImageObject","inLanguage":"en-US","@id":"https:\/\/balidecor.net\/mobilya\/bali-tarzi-perdeler-pencereler-icin-oneriler\/#primaryimage","url":"https:\/\/balidecor.net\/wp-content\/uploads\/2026\/03\/Bali-Tarzi-Perdeler-Pencereler-Icin-Oneriler.jpg","contentUrl":"https:\/\/balidecor.net\/wp-content\/uploads\/2026\/03\/Bali-Tarzi-Perdeler-Pencereler-Icin-Oneriler.jpg","width":1280,"height":853,"caption":"Yumu\u015fak g\u00fcn \u0131\u015f\u0131\u011f\u0131 alan bir pencerede as\u0131l\u0131 Bali Decor keten perde ve yan\u0131nda has\u0131r sepet i\u00e7indeki dev tropikal bitkilerin do\u011fal g\u00f6r\u00fcn\u00fcm\u00fc."},{"@type":"BreadcrumbList","@id":"https:\/\/balidecor.net\/mobilya\/bali-tarzi-perdeler-pencereler-icin-oneriler\/#breadcrumb","itemListElement":[{"@type":"ListItem","position":1,"name":"Ev","item":"https:\/\/balidecor.net\/"},{"@type":"ListItem","position":2,"name":"Mobilya","item":"https:\/\/balidecor.net\/blog\/mobilya\/"},{"@type":"ListItem","position":3,"name":"Bali Tarz\u0131 Perdeler: Pencereler \u0130\u00e7in \u00d6neriler"}]},{"@type":"WebSite","@id":"https:\/\/balidecor.net\/#website","url":"https:\/\/balidecor.net\/","name":"Bali Decor","description":"","publisher":{"@id":"https:\/\/balidecor.net\/#organization"},"potentialAction":[{"@type":"SearchAction","target":{"@type":"EntryPoint","urlTemplate":"https:\/\/balidecor.net\/?s={search_term_string}"},"query-input":{"@type":"PropertyValueSpecification","valueRequired":true,"valueName":"search_term_string"}}],"inLanguage":"en-US"},{"@type":"Organization","@id":"https:\/\/balidecor.net\/#organization","name":"Bali Decor","url":"https:\/\/balidecor.net\/","logo":{"@type":"ImageObject","inLanguage":"en-US","@id":"https:\/\/balidecor.net\/#\/schema\/logo\/image\/","url":"https:\/\/balidecor.net\/wp-content\/uploads\/2024\/02\/cropped-cropped-cropped-Rectangle-3-1-1-2.png","contentUrl":"https:\/\/balidecor.net\/wp-content\/uploads\/2024\/02\/cropped-cropped-cropped-Rectangle-3-1-1-2.png","width":149,"height":109,"caption":"Bali Decor"},"image":{"@id":"https:\/\/balidecor.net\/#\/schema\/logo\/image\/"},"sameAs":["https:\/\/www.instagram.com\/baliidecor"]},{"@type":"Person","@id":"https:\/\/balidecor.net\/#\/schema\/person\/8ab1353c2bf9c58033023788ce17a205","name":"Makale Yazar\u0131","image":{"@type":"ImageObject","inLanguage":"en-US","@id":"https:\/\/balidecor.net\/#\/schema\/person\/image\/","url":"https:\/\/secure.gravatar.com\/avatar\/5610bfc077a10e3f8ae54912f2c036324c29932b055586c3f2faa7ace096798d?s=96&d=mm&r=g","contentUrl":"https:\/\/secure.gravatar.com\/avatar\/5610bfc077a10e3f8ae54912f2c036324c29932b055586c3f2faa7ace096798d?s=96&d=mm&r=g","caption":"Makale Yazar\u0131"},"sameAs":["https:\/\/balidecor.net\/"],"url":"https:\/\/balidecor.net\/en\/author\/makaleyazari\/"}]}},"_links":{"self":[{"href":"https:\/\/balidecor.net\/en\/wp-json\/wp\/v2\/posts\/3380","targetHints":{"allow":["GET"]}}],"collection":[{"href":"https:\/\/balidecor.net\/en\/wp-json\/wp\/v2\/posts"}],"about":[{"href":"https:\/\/balidecor.net\/en\/wp-json\/wp\/v2\/types\/post"}],"author":[{"embeddable":true,"href":"https:\/\/balidecor.net\/en\/wp-json\/wp\/v2\/users\/7"}],"replies":[{"embeddable":true,"href":"https:\/\/balidecor.net\/en\/wp-json\/wp\/v2\/comments?post=3380"}],"version-history":[{"count":1,"href":"https:\/\/balidecor.net\/en\/wp-json\/wp\/v2\/posts\/3380\/revisions"}],"predecessor-version":[{"id":3382,"href":"https:\/\/balidecor.net\/en\/wp-json\/wp\/v2\/posts\/3380\/revisions\/3382"}],"wp:featuredmedia":[{"embeddable":true,"href":"https:\/\/balidecor.net\/en\/wp-json\/wp\/v2\/media\/3381"}],"wp:attachment":[{"href":"https:\/\/balidecor.net\/en\/wp-json\/wp\/v2\/media?parent=3380"}],"wp:term":[{"taxonomy":"category","embeddable":true,"href":"https:\/\/balidecor.net\/en\/wp-json\/wp\/v2\/categories?post=3380"},{"taxonomy":"post_tag","embeddable":true,"href":"https:\/\/balidecor.net\/en\/wp-json\/wp\/v2\/tags?post=3380"}],"curies":[{"name":"wp","href":"https:\/\/api.w.org\/{rel}","templated":true}]}}