{"id":3419,"date":"2026-03-10T15:00:45","date_gmt":"2026-03-10T12:00:45","guid":{"rendered":"https:\/\/balidecor.net\/?p=3419"},"modified":"2026-03-09T07:23:57","modified_gmt":"2026-03-09T04:23:57","slug":"bali-duvar-aynalari-genis-alan-illuzyonu","status":"publish","type":"post","link":"https:\/\/balidecor.net\/en\/ayna-modelleri\/bali-duvar-aynalari-genis-alan-illuzyonu\/","title":{"rendered":"Bali Duvar Aynalar\u0131: Geni\u015f Alan \u0130ll\u00fczyonu"},"content":{"rendered":"<p><span style=\"font-weight: 400;\">Modern i\u00e7 mekan tasar\u0131mlar\u0131nda kar\u015f\u0131la\u015f\u0131lan en b\u00fcy\u00fck zorluklardan biri, k\u0131s\u0131tl\u0131 alanlarda ferahl\u0131k ve derinlik hissi yaratmakt\u0131r. \u015eehir hayat\u0131n\u0131n getirdi\u011fi k\u00fc\u00e7\u00fck metrekareli dairelerde ya\u015farken, nefes alan bir atmosfer olu\u015fturmak estetik bir zorunluluk haline geldi. \u0130\u015fte bu noktada, egzotik dokular\u0131n g\u00fcc\u00fcyle birle\u015fen <\/span><a href=\"https:\/\/balidecor.net\/product-category\/ayna\/\"><b>Bali duvar ayna<\/b><\/a><span style=\"font-weight: 400;\"> modelleri devreye giriyor. Bir aynan\u0131n yans\u0131tma g\u00fcc\u00fc, Bali&#8217;nin usta zanaatkarlar\u0131n\u0131n elinden \u00e7\u0131kan do\u011fal \u00e7er\u00e7evelerle bulu\u015ftu\u011funda, sadece bir aksesuar de\u011fil, odan\u0131n mimari yap\u0131s\u0131n\u0131 de\u011fi\u015ftiren sanatsal bir ill\u00fczyon do\u011fuyor.<\/span><\/p>\n<p><span style=\"font-weight: 400;\">Bali aynalar\u0131; rattan, bambu, deniz \u00e7ay\u0131r\u0131 ve masif tik a\u011fac\u0131 gibi tamamen do\u011fal materyallerle \u00e7evrelenmi\u015ftir. Bu materyallerin ham dokusu, aynan\u0131n p\u00fcr\u00fczs\u00fcz ve parlak y\u00fczeyiyle birle\u015ferek mekana an\u0131nda bir karakter katar. Bu rehberde, Bali aynalar\u0131n\u0131 kullanarak nas\u0131l geni\u015f alan ill\u00fczyonu yaratabilece\u011finizi, do\u011fru yerle\u015ftirme tekniklerini ve 2026 dekorasyon trendlerini inceleyece\u011fiz.<\/span><\/p>\n<h2><b>Dekorasyonda Aynalar\u0131n G\u00fcc\u00fc: Neden Bali Tarz\u0131?<\/b><\/h2>\n<p><span style=\"font-weight: 400;\">Aynalar, bir odan\u0131n &#8220;g\u00f6zleri&#8221; gibidir. Ancak her ayna ayn\u0131 etkiyi yaratmaz. Bali tarz\u0131 bir aynay\u0131 tercih etmek, evinize sadece bir yans\u0131t\u0131c\u0131 de\u011fil, bir ya\u015fam felsefesi davet etmektir.<\/span><\/p>\n<h3><b>1. I\u015f\u0131\u011f\u0131 Maksimize Etme<\/b><\/h3>\n<p><span style=\"font-weight: 400;\">Karanl\u0131k ve bas\u0131k odalar, insan\u0131n enerjisini d\u00fc\u015f\u00fcrebilir. Bali aynalar\u0131n\u0131n genellikle tercih edilen dairesel (mandala) veya g\u00fcne\u015f formu, \u0131\u015f\u0131\u011f\u0131 odaya daha geni\u015f bir a\u00e7\u0131yla da\u011f\u0131t\u0131r.<\/span><a href=\"https:\/\/www.iald.org\/\"> <span style=\"font-weight: 400;\">Ayd\u0131nlatma Tasar\u0131mc\u0131lar\u0131 Derne\u011fi (IALD)<\/span><\/a><span style=\"font-weight: 400;\"> gibi kurulu\u015flar\u0131n vurgulad\u0131\u011f\u0131 \u00fczere, do\u011fal \u0131\u015f\u0131\u011f\u0131n i\u00e7 mekanlarda stratejik kullan\u0131m\u0131, biyofilik tasar\u0131m\u0131 destekleyerek ruh sa\u011fl\u0131\u011f\u0131 \u00fczerinde olumlu etkiler yarat\u0131r.<\/span><\/p>\n<h3><b>2. Derinlik ve Sonsuzluk Hissi<\/b><\/h3>\n<p><span style=\"font-weight: 400;\">K\u00fc\u00e7\u00fck bir koridorda veya dar bir salonda kullan\u0131lan b\u00fcy\u00fck bir <\/span><a href=\"https:\/\/balidecor.net\/product-category\/ayna\/\"><b>Bali duvar ayna<\/b><\/a><span style=\"font-weight: 400;\">, bak\u0131\u015f a\u00e7\u0131s\u0131n\u0131 duvar\u0131n \u00f6tesine ta\u015f\u0131yarak sonsuzluk ill\u00fczyonu yarat\u0131r. \u00d6zellikle masif ah\u015fap \u00e7er\u00e7eveli aynalar, pencere etkisi yaratarak d\u0131\u015f d\u00fcnyay\u0131 i\u00e7eriye davet eder.<\/span><\/p>\n<h2><b>Bali Duvar Aynas\u0131 Modelleri ve Alan Y\u00f6netimi<\/b><\/h2>\n<p><span style=\"font-weight: 400;\">Hangi odaya hangi modelin yak\u0131\u015faca\u011f\u0131, alan\u0131n fonsiyonuna g\u00f6re de\u011fi\u015fir. \u0130\u015fte pop\u00fcler se\u00e7imler:<\/span><\/p>\n<h3><b>Rattan G\u00fcne\u015f (Sunburst) Aynalar<\/b><\/h3>\n<p><span style=\"font-weight: 400;\">Bohem tarz\u0131n vazge\u00e7ilmezi olan g\u00fcne\u015f formundaki rattan aynalar, genellikle &#8220;odak noktas\u0131&#8221; yaratmak i\u00e7in kullan\u0131l\u0131r. Salonunuzdaki ana duvar\u0131n merkezine yerle\u015ftirilen bu model, t\u00fcm dikkatleri \u00fczerine \u00e7eker ve odan\u0131n geri kalan\u0131ndaki basit dekorasyonu zenginle\u015ftirir.<\/span><\/p>\n<h3><b>Masif Ah\u015fap ve Tik \u00c7er\u00e7eveli Aynalar<\/b><\/h3>\n<p><span style=\"font-weight: 400;\">E\u011fer daha a\u011f\u0131r ve prestijli bir g\u00f6r\u00fcn\u00fcm ar\u0131yorsan\u0131z, tik a\u011fac\u0131 k\u00f6klerinden veya geri d\u00f6n\u00fc\u015ft\u00fcr\u00fclm\u00fc\u015f teknelerden yap\u0131lm\u0131\u015f ah\u015fap \u00e7er\u00e7eveler idealdir. Bu aynalar, banyolarda veya giri\u015f (hol) alanlar\u0131nda kullan\u0131ld\u0131\u011f\u0131nda &#8220;rustik l\u00fcks&#8221; bir hava katar.<\/span><a href=\"https:\/\/www.architecturaldigest.com\/\"> <span style=\"font-weight: 400;\">Architectural Digest<\/span><\/a><span style=\"font-weight: 400;\"> gibi prestijli yay\u0131nlar, 2026 trendlerinde &#8220;ham kenarl\u0131&#8221; (live-edge) ah\u015fap \u00e7er\u00e7evelerin banyolarda spa etkisi yaratmak i\u00e7in kullan\u0131ld\u0131\u011f\u0131n\u0131 belirtmektedir.<\/span><\/p>\n<h3><b>Deniz \u00c7ay\u0131r\u0131 ve Makrome Detayl\u0131 Aynalar<\/b><\/h3>\n<p><span style=\"font-weight: 400;\">Yumu\u015fak dokular\u0131 sevenler i\u00e7in deniz \u00e7ay\u0131r\u0131 ile \u00f6r\u00fclm\u00fc\u015f aynalar, mekan\u0131n sert k\u00f6\u015felerini yumu\u015fat\u0131r. Bu modeller yatak odalar\u0131nda veya giyinme alanlar\u0131nda s\u0131cak bir dokunu\u015f sunar.<\/span><\/p>\n<h2><b>Stratejik Yerle\u015ftirme: Geni\u015f Alan \u0130ll\u00fczyonu Nas\u0131l Yarat\u0131l\u0131r?<\/b><\/h2>\n<p><span style=\"font-weight: 400;\">Bir aynay\u0131 sadece asmak yetmez; onu bir \u0131\u015f\u0131k m\u00fchendisi gibi konumland\u0131rmal\u0131s\u0131n\u0131z.<\/span><\/p>\n<h3><b>Pencerenin Tam Kar\u015f\u0131s\u0131na Yerle\u015ftirin<\/b><\/h3>\n<p><span style=\"font-weight: 400;\">Aynan\u0131z\u0131 bir pencerenin tam kar\u015f\u0131s\u0131na gelecek \u015fekilde asarsan\u0131z, d\u0131\u015far\u0131daki manzaray\u0131 ve g\u00fcn \u0131\u015f\u0131\u011f\u0131n\u0131 do\u011frudan i\u00e7eriye &#8220;kopyalam\u0131\u015f&#8221; olursunuz. Bu teknik, odaya ikinci bir pencere varm\u0131\u015f gibi bir ferahl\u0131k katar. <\/span><a href=\"https:\/\/balidecor.net\/\"><b>Bali Decor<\/b><\/a><span style=\"font-weight: 400;\"> esteti\u011fi, do\u011fay\u0131 i\u00e7eriye ta\u015f\u0131ma prensibine dayand\u0131\u011f\u0131 i\u00e7in bu y\u00f6ntem stilinizle tam uyum sa\u011flar.<\/span><\/p>\n<h3><b>Koridor Sonu Hileleri<\/b><\/h3>\n<p><span style=\"font-weight: 400;\">Dar ve karanl\u0131k koridorlar\u0131n sonunda kullan\u0131lan b\u00fcy\u00fck bir <\/span><a href=\"https:\/\/balidecor.net\/product-category\/ayna\/\"><b>Bali duvar ayna<\/b><\/a><span style=\"font-weight: 400;\">, koridorun bitti\u011fi hissini ortadan kald\u0131r\u0131r. Bu, beynin alan\u0131 daha uzun alg\u0131lamas\u0131n\u0131 sa\u011flar.<\/span><\/p>\n<h3><b>Grupland\u0131rma ve Galeri Duvar\u0131<\/b><\/h3>\n<p><span style=\"font-weight: 400;\">Tek bir b\u00fcy\u00fck ayna yerine, farkl\u0131 boyutlarda birka\u00e7 k\u00fc\u00e7\u00fck rattan aynay\u0131 bir araya getirerek bir &#8220;galeri duvar\u0131&#8221; olu\u015fturun. Bu y\u00f6ntem, duvar\u0131n dokusunu hareketlendirir ve odan\u0131n dura\u011fanl\u0131\u011f\u0131n\u0131 k\u0131rar.<\/span><\/p>\n<h2><b>Malzeme Se\u00e7imi ve S\u00fcrd\u00fcr\u00fclebilirlik<\/b><\/h2>\n<p><span style=\"font-weight: 400;\">Bali aynalar\u0131n\u0131 \u00f6zel k\u0131lan, \u00e7er\u00e7evelerinde kullan\u0131lan malzemelerin s\u00fcrd\u00fcr\u00fclebilir olmas\u0131d\u0131r. 2026 y\u0131l\u0131nda t\u00fcketiciler, ald\u0131klar\u0131 \u00fcr\u00fcn\u00fcn \u00e7evreye olan etkisini her zamankinden daha \u00e7ok \u00f6nemsiyor.<\/span><\/p>\n<ul>\n<li style=\"font-weight: 400;\" aria-level=\"1\"><b>Rattan ve Bambu:<\/b><span style=\"font-weight: 400;\"> \u00c7ok h\u0131zl\u0131 b\u00fcy\u00fcyen bitkiler olduklar\u0131 i\u00e7in \u00e7evre dostudurlar. Lifli yap\u0131lar\u0131 sayesinde dayan\u0131kl\u0131d\u0131rlar ve y\u0131llar ge\u00e7se de formlar\u0131n\u0131 kaybetmezler.<\/span><\/li>\n<li style=\"font-weight: 400;\" aria-level=\"1\"><b>J\u00fct ve Pamuk \u0130pleri:<\/b><span style=\"font-weight: 400;\"> Makrome aynalarda kullan\u0131lan bu do\u011fal lifler, evdeki plastik kullan\u0131m\u0131n\u0131 azaltman\u0131za yard\u0131mc\u0131 olur.<\/span><\/li>\n<li style=\"font-weight: 400;\" aria-level=\"1\"><b>Su Bazl\u0131 Cilalar:<\/b><span style=\"font-weight: 400;\"> Orijinal Bali \u00fcr\u00fcnlerinde sentetik kokular yerine, ah\u015fab\u0131n nefes almas\u0131na izin veren do\u011fal ya\u011flar ve su bazl\u0131 cilalar tercih edilir.<\/span><\/li>\n<\/ul>\n<h2><b>Bak\u0131m ve Temizlik \u0130pu\u00e7lar\u0131<\/b><\/h2>\n<p><span style=\"font-weight: 400;\">Do\u011fal \u00e7er\u00e7eveli aynalar, kimyasal temizleyicilere kar\u015f\u0131 hassas olabilir.<\/span><\/p>\n<ol>\n<li style=\"font-weight: 400;\" aria-level=\"1\"><b>Ayna Y\u00fczeyi:<\/b><span style=\"font-weight: 400;\"> Cam y\u00fczeyi temizlemek i\u00e7in sirke ve su kar\u0131\u015f\u0131m\u0131 kullan\u0131n. Kimyasal spreyi do\u011frudan \u00e7er\u00e7eveye s\u0131kmaktan ka\u00e7\u0131n\u0131n.<\/span><\/li>\n<li style=\"font-weight: 400;\" aria-level=\"1\"><b>Rattan ve Bambu \u00c7er\u00e7eve:<\/b><span style=\"font-weight: 400;\"> Tozlar\u0131 temizlemek i\u00e7in yumu\u015fak bir f\u0131r\u00e7a veya elektrik s\u00fcp\u00fcrgesinin hassas ucu idealdir.<\/span><\/li>\n<li style=\"font-weight: 400;\" aria-level=\"1\"><b>Ah\u015fap Bak\u0131m\u0131:<\/b><span style=\"font-weight: 400;\"> Masif \u00e7er\u00e7eveleri y\u0131lda bir kez do\u011fal bir ah\u015fap koruyucu ile silmek, rengin canl\u0131 kalmas\u0131n\u0131 sa\u011flar.<\/span><\/li>\n<\/ol>\n<h2><b>S\u0131k\u00e7a Sorulan Sorular (FAQ)<\/b><\/h2>\n<ol>\n<li><b> Bali duvar aynalar\u0131 nemli banyolar i\u00e7in uygun mu?<\/b><\/li>\n<\/ol>\n<p><span style=\"font-weight: 400;\">Tik a\u011fac\u0131 ve i\u015flem g\u00f6rm\u00fc\u015f bambu modelleri neme son derece dayan\u0131kl\u0131d\u0131r. Ancak direkt suyla temas\u0131ndan ka\u00e7\u0131nmak ve banyoyu havaland\u0131rmak aynan\u0131z\u0131n \u00f6mr\u00fcn\u00fc uzat\u0131r.<\/span><\/p>\n<ol start=\"2\">\n<li><b> A\u011f\u0131r ah\u015fap aynalar\u0131 duvara nas\u0131l g\u00fcvenle asabilirim?<\/b><\/li>\n<\/ol>\n<p><span style=\"font-weight: 400;\">Masif ah\u015fap \u00e7er\u00e7eveli aynalar olduk\u00e7a a\u011f\u0131r olabilir. Bu t\u00fcr \u00fcr\u00fcnler i\u00e7in mutlaka d\u00fcbel ve sa\u011flam vidalar kullan\u0131lmal\u0131, m\u00fcmk\u00fcnse profesyonel bir montaj deste\u011fi al\u0131nmal\u0131d\u0131r.<\/span><\/p>\n<ol start=\"3\">\n<li><b> Rattan aynalar zamanla sarkar m\u0131?<\/b><\/li>\n<\/ol>\n<p><span style=\"font-weight: 400;\">Kaliteli, usta i\u015f\u00e7ilikle \u00f6r\u00fclm\u00fc\u015f rattan sandalyeler ve aynalar sarkma yapmaz. <\/span><a href=\"https:\/\/balidecor.net\/\"><b>Balidecor.net<\/b><\/a><span style=\"font-weight: 400;\"> \u00fcr\u00fcnleri, dayan\u0131kl\u0131l\u0131k testlerinden ge\u00e7mi\u015f y\u00fcksek kaliteli rattan liflerinden \u00fcretilir.<\/span><\/p>\n<ol start=\"4\">\n<li><b> K\u00fc\u00e7\u00fck bir odada \u00e7ok b\u00fcy\u00fck bir ayna kullanmak hatay\u0131 m\u0131d\u0131r?<\/b><\/li>\n<\/ol>\n<p><span style=\"font-weight: 400;\">Hay\u0131r, tam aksine! K\u00fc\u00e7\u00fck bir odada kullan\u0131lan tek bir b\u00fcy\u00fck par\u00e7a (oversized), mekana dramatik bir derinlik katar ve alan\u0131n daha geni\u015f alg\u0131lanmas\u0131n\u0131 sa\u011flar.<\/span><\/p>\n<ol start=\"5\">\n<li><b> Ger\u00e7ek Bali el i\u015f\u00e7ili\u011fi aynay\u0131 nas\u0131l anlar\u0131m?<\/b><\/li>\n<\/ol>\n<p><span style=\"font-weight: 400;\">\u00c7er\u00e7evedeki el oymas\u0131 izleri, \u00f6rg\u00fclerin muntazam ama fabrikasyon olmayan do\u011fall\u0131\u011f\u0131 ve kullan\u0131lan ah\u015fab\u0131n kendine has damar yap\u0131s\u0131 orijinalli\u011fin kan\u0131t\u0131d\u0131r.<\/span><\/p>\n<h2><b>Evinize I\u015f\u0131k ve Derinlik Kat\u0131n!<\/b><\/h2>\n<p><span style=\"font-weight: 400;\">Evinizdeki her duvar, anlat\u0131lmay\u0131 bekleyen bir hikayedir. <\/span><a href=\"https:\/\/balidecor.net\/product-category\/ayna\/\"><b>Bali duvar ayna<\/b><\/a><span style=\"font-weight: 400;\"> koleksiyonumuzla, bu hikayeyi \u0131\u015f\u0131kla yaz\u0131n. Do\u011fan\u0131n en saf hallerini, modern i\u00e7 mekan \u00e7\u00f6z\u00fcmleriyle birle\u015ftiren aynalar\u0131m\u0131zla, ya\u015fam alanlar\u0131n\u0131zdaki s\u0131n\u0131rlar\u0131 kald\u0131r\u0131n.<\/span><\/p>\n<p><b>I\u015f\u0131lt\u0131l\u0131 Bir D\u00f6n\u00fc\u015f\u00fcm \u0130\u00e7in Harekete Ge\u00e7in!<\/b><\/p>\n<p><span style=\"font-weight: 400;\">Zanaatkarlar\u0131m\u0131z taraf\u0131ndan titizlikle haz\u0131rlanan, her biri e\u015fsiz ayna modellerimizi ke\u015ffetmek i\u00e7in<\/span><a href=\"https:\/\/balidecor.net\/\"> <span style=\"font-weight: 400;\">Balidecor.net<\/span><\/a><span style=\"font-weight: 400;\"> adresini hemen ziyaret edin. Evinize hak etti\u011fi ferahl\u0131\u011f\u0131 ve Bali esintisini ta\u015f\u0131y\u0131n!<\/span><\/p>","protected":false},"excerpt":{"rendered":"<p>Modern i\u00e7 mekan tasar\u0131mlar\u0131nda kar\u015f\u0131la\u015f\u0131lan en b\u00fcy\u00fck zorluklardan biri, k\u0131s\u0131tl\u0131 alanlarda ferahl\u0131k ve derinlik hissi yaratmakt\u0131r. \u015eehir hayat\u0131n\u0131n getirdi\u011fi k\u00fc\u00e7\u00fck metrekareli dairelerde ya\u015farken, nefes alan bir atmosfer olu\u015fturmak estetik bir zorunluluk haline geldi. \u0130\u015fte bu noktada, egzotik dokular\u0131n g\u00fcc\u00fcyle birle\u015fen Bali duvar ayna modelleri devreye giriyor. Bir aynan\u0131n yans\u0131tma g\u00fcc\u00fc, Bali&#8217;nin usta zanaatkarlar\u0131n\u0131n elinden \u00e7\u0131kan [&hellip;]<\/p>","protected":false},"author":7,"featured_media":3420,"comment_status":"open","ping_status":"open","sticky":false,"template":"","format":"standard","meta":{"_monsterinsights_skip_tracking":false,"_monsterinsights_sitenote_active":false,"_monsterinsights_sitenote_note":"","_monsterinsights_sitenote_category":0,"footnotes":""},"categories":[350],"tags":[],"class_list":["post-3419","post","type-post","status-publish","format-standard","has-post-thumbnail","hentry","category-ayna-modelleri"],"yoast_head":"<!-- This site is optimized with the Yoast SEO plugin v26.7 - https:\/\/yoast.com\/wordpress\/plugins\/seo\/ -->\n<title>Bali Duvar Aynalar\u0131: Geni\u015f Alan \u0130ll\u00fczyonu - Bali Decor<\/title>\n<meta name=\"description\" content=\"Bali Duvar Ayna modelleriyle evinizde derinlik yarat\u0131n! Rattan, bambu ve el oymas\u0131 ah\u015fap aynalarla geni\u015f alan ill\u00fczyonu fikirleri Balidecor.net&#039;te sizi bekliyor.\" \/>\n<meta name=\"robots\" content=\"index, follow, max-snippet:-1, max-image-preview:large, max-video-preview:-1\" \/>\n<link rel=\"canonical\" href=\"https:\/\/balidecor.net\/en\/ayna-modelleri\/bali-duvar-aynalari-genis-alan-illuzyonu\/\" \/>\n<meta property=\"og:locale\" content=\"en_US\" \/>\n<meta property=\"og:type\" content=\"article\" \/>\n<meta property=\"og:title\" content=\"Bali Duvar Aynalar\u0131: Geni\u015f Alan \u0130ll\u00fczyonu - Bali Decor\" \/>\n<meta property=\"og:description\" content=\"Bali Duvar Ayna modelleriyle evinizde derinlik yarat\u0131n! Rattan, bambu ve el oymas\u0131 ah\u015fap aynalarla geni\u015f alan ill\u00fczyonu fikirleri Balidecor.net&#039;te sizi bekliyor.\" \/>\n<meta property=\"og:url\" content=\"https:\/\/balidecor.net\/en\/ayna-modelleri\/bali-duvar-aynalari-genis-alan-illuzyonu\/\" \/>\n<meta property=\"og:site_name\" content=\"Bali Decor\" \/>\n<meta property=\"article:published_time\" content=\"2026-03-10T12:00:45+00:00\" \/>\n<meta property=\"og:image\" content=\"https:\/\/balidecor.net\/wp-content\/uploads\/2026\/03\/Bali-Duvar-Aynalari-Genis-Alan-Illuzyonu.jpg\" \/>\n\t<meta property=\"og:image:width\" content=\"1200\" \/>\n\t<meta property=\"og:image:height\" content=\"1500\" \/>\n\t<meta property=\"og:image:type\" content=\"image\/jpeg\" \/>\n<meta name=\"author\" content=\"Makale Yazar\u0131\" \/>\n<meta name=\"twitter:card\" content=\"summary_large_image\" \/>\n<meta name=\"twitter:label1\" content=\"Written by\" \/>\n\t<meta name=\"twitter:data1\" content=\"Makale Yazar\u0131\" \/>\n\t<meta name=\"twitter:label2\" content=\"Est. reading time\" \/>\n\t<meta name=\"twitter:data2\" content=\"4 minutes\" \/>\n<script type=\"application\/ld+json\" class=\"yoast-schema-graph\">{\"@context\":\"https:\/\/schema.org\",\"@graph\":[{\"@type\":\"Article\",\"@id\":\"https:\/\/balidecor.net\/ayna-modelleri\/bali-duvar-aynalari-genis-alan-illuzyonu\/#article\",\"isPartOf\":{\"@id\":\"https:\/\/balidecor.net\/ayna-modelleri\/bali-duvar-aynalari-genis-alan-illuzyonu\/\"},\"author\":{\"name\":\"Makale Yazar\u0131\",\"@id\":\"https:\/\/balidecor.net\/#\/schema\/person\/8ab1353c2bf9c58033023788ce17a205\"},\"headline\":\"Bali Duvar Aynalar\u0131: Geni\u015f Alan \u0130ll\u00fczyonu\",\"datePublished\":\"2026-03-10T12:00:45+00:00\",\"mainEntityOfPage\":{\"@id\":\"https:\/\/balidecor.net\/ayna-modelleri\/bali-duvar-aynalari-genis-alan-illuzyonu\/\"},\"wordCount\":1257,\"commentCount\":0,\"publisher\":{\"@id\":\"https:\/\/balidecor.net\/#organization\"},\"image\":{\"@id\":\"https:\/\/balidecor.net\/ayna-modelleri\/bali-duvar-aynalari-genis-alan-illuzyonu\/#primaryimage\"},\"thumbnailUrl\":\"https:\/\/balidecor.net\/wp-content\/uploads\/2026\/03\/Bali-Duvar-Aynalari-Genis-Alan-Illuzyonu.jpg\",\"articleSection\":[\"Ayna\"],\"inLanguage\":\"en-US\",\"potentialAction\":[{\"@type\":\"CommentAction\",\"name\":\"Comment\",\"target\":[\"https:\/\/balidecor.net\/ayna-modelleri\/bali-duvar-aynalari-genis-alan-illuzyonu\/#respond\"]}]},{\"@type\":\"WebPage\",\"@id\":\"https:\/\/balidecor.net\/ayna-modelleri\/bali-duvar-aynalari-genis-alan-illuzyonu\/\",\"url\":\"https:\/\/balidecor.net\/ayna-modelleri\/bali-duvar-aynalari-genis-alan-illuzyonu\/\",\"name\":\"Bali Duvar Aynalar\u0131: Geni\u015f Alan \u0130ll\u00fczyonu - Bali Decor\",\"isPartOf\":{\"@id\":\"https:\/\/balidecor.net\/#website\"},\"primaryImageOfPage\":{\"@id\":\"https:\/\/balidecor.net\/ayna-modelleri\/bali-duvar-aynalari-genis-alan-illuzyonu\/#primaryimage\"},\"image\":{\"@id\":\"https:\/\/balidecor.net\/ayna-modelleri\/bali-duvar-aynalari-genis-alan-illuzyonu\/#primaryimage\"},\"thumbnailUrl\":\"https:\/\/balidecor.net\/wp-content\/uploads\/2026\/03\/Bali-Duvar-Aynalari-Genis-Alan-Illuzyonu.jpg\",\"datePublished\":\"2026-03-10T12:00:45+00:00\",\"description\":\"Bali Duvar Ayna modelleriyle evinizde derinlik yarat\u0131n! Rattan, bambu ve el oymas\u0131 ah\u015fap aynalarla geni\u015f alan ill\u00fczyonu fikirleri Balidecor.net'te sizi bekliyor.\",\"breadcrumb\":{\"@id\":\"https:\/\/balidecor.net\/ayna-modelleri\/bali-duvar-aynalari-genis-alan-illuzyonu\/#breadcrumb\"},\"inLanguage\":\"en-US\",\"potentialAction\":[{\"@type\":\"ReadAction\",\"target\":[\"https:\/\/balidecor.net\/ayna-modelleri\/bali-duvar-aynalari-genis-alan-illuzyonu\/\"]}]},{\"@type\":\"ImageObject\",\"inLanguage\":\"en-US\",\"@id\":\"https:\/\/balidecor.net\/ayna-modelleri\/bali-duvar-aynalari-genis-alan-illuzyonu\/#primaryimage\",\"url\":\"https:\/\/balidecor.net\/wp-content\/uploads\/2026\/03\/Bali-Duvar-Aynalari-Genis-Alan-Illuzyonu.jpg\",\"contentUrl\":\"https:\/\/balidecor.net\/wp-content\/uploads\/2026\/03\/Bali-Duvar-Aynalari-Genis-Alan-Illuzyonu.jpg\",\"width\":1200,\"height\":1500,\"caption\":\"Bali Duvar Ayna Dekorasyonu Bali Decor.\"},{\"@type\":\"BreadcrumbList\",\"@id\":\"https:\/\/balidecor.net\/ayna-modelleri\/bali-duvar-aynalari-genis-alan-illuzyonu\/#breadcrumb\",\"itemListElement\":[{\"@type\":\"ListItem\",\"position\":1,\"name\":\"Ev\",\"item\":\"https:\/\/balidecor.net\/\"},{\"@type\":\"ListItem\",\"position\":2,\"name\":\"Ayna\",\"item\":\"https:\/\/balidecor.net\/blog\/ayna-modelleri\/\"},{\"@type\":\"ListItem\",\"position\":3,\"name\":\"Bali Duvar Aynalar\u0131: Geni\u015f Alan \u0130ll\u00fczyonu\"}]},{\"@type\":\"WebSite\",\"@id\":\"https:\/\/balidecor.net\/#website\",\"url\":\"https:\/\/balidecor.net\/\",\"name\":\"Bali Decor\",\"description\":\"\",\"publisher\":{\"@id\":\"https:\/\/balidecor.net\/#organization\"},\"potentialAction\":[{\"@type\":\"SearchAction\",\"target\":{\"@type\":\"EntryPoint\",\"urlTemplate\":\"https:\/\/balidecor.net\/?s={search_term_string}\"},\"query-input\":{\"@type\":\"PropertyValueSpecification\",\"valueRequired\":true,\"valueName\":\"search_term_string\"}}],\"inLanguage\":\"en-US\"},{\"@type\":\"Organization\",\"@id\":\"https:\/\/balidecor.net\/#organization\",\"name\":\"Bali Decor\",\"url\":\"https:\/\/balidecor.net\/\",\"logo\":{\"@type\":\"ImageObject\",\"inLanguage\":\"en-US\",\"@id\":\"https:\/\/balidecor.net\/#\/schema\/logo\/image\/\",\"url\":\"https:\/\/balidecor.net\/wp-content\/uploads\/2024\/02\/cropped-cropped-cropped-Rectangle-3-1-1-2.png\",\"contentUrl\":\"https:\/\/balidecor.net\/wp-content\/uploads\/2024\/02\/cropped-cropped-cropped-Rectangle-3-1-1-2.png\",\"width\":149,\"height\":109,\"caption\":\"Bali Decor\"},\"image\":{\"@id\":\"https:\/\/balidecor.net\/#\/schema\/logo\/image\/\"},\"sameAs\":[\"https:\/\/www.instagram.com\/baliidecor\"]},{\"@type\":\"Person\",\"@id\":\"https:\/\/balidecor.net\/#\/schema\/person\/8ab1353c2bf9c58033023788ce17a205\",\"name\":\"Makale Yazar\u0131\",\"image\":{\"@type\":\"ImageObject\",\"inLanguage\":\"en-US\",\"@id\":\"https:\/\/balidecor.net\/#\/schema\/person\/image\/\",\"url\":\"https:\/\/secure.gravatar.com\/avatar\/5610bfc077a10e3f8ae54912f2c036324c29932b055586c3f2faa7ace096798d?s=96&d=mm&r=g\",\"contentUrl\":\"https:\/\/secure.gravatar.com\/avatar\/5610bfc077a10e3f8ae54912f2c036324c29932b055586c3f2faa7ace096798d?s=96&d=mm&r=g\",\"caption\":\"Makale Yazar\u0131\"},\"sameAs\":[\"https:\/\/balidecor.net\/\"],\"url\":\"https:\/\/balidecor.net\/en\/author\/makaleyazari\/\"}]}<\/script>\n<!-- \/ Yoast SEO plugin. -->","yoast_head_json":{"title":"Bali Duvar Aynalar\u0131: Geni\u015f Alan \u0130ll\u00fczyonu - Bali Decor","description":"Bali Duvar Ayna modelleriyle evinizde derinlik yarat\u0131n! Rattan, bambu ve el oymas\u0131 ah\u015fap aynalarla geni\u015f alan ill\u00fczyonu fikirleri Balidecor.net'te sizi bekliyor.","robots":{"index":"index","follow":"follow","max-snippet":"max-snippet:-1","max-image-preview":"max-image-preview:large","max-video-preview":"max-video-preview:-1"},"canonical":"https:\/\/balidecor.net\/en\/ayna-modelleri\/bali-duvar-aynalari-genis-alan-illuzyonu\/","og_locale":"en_US","og_type":"article","og_title":"Bali Duvar Aynalar\u0131: Geni\u015f Alan \u0130ll\u00fczyonu - Bali Decor","og_description":"Bali Duvar Ayna modelleriyle evinizde derinlik yarat\u0131n! Rattan, bambu ve el oymas\u0131 ah\u015fap aynalarla geni\u015f alan ill\u00fczyonu fikirleri Balidecor.net'te sizi bekliyor.","og_url":"https:\/\/balidecor.net\/en\/ayna-modelleri\/bali-duvar-aynalari-genis-alan-illuzyonu\/","og_site_name":"Bali Decor","article_published_time":"2026-03-10T12:00:45+00:00","og_image":[{"width":1200,"height":1500,"url":"https:\/\/balidecor.net\/wp-content\/uploads\/2026\/03\/Bali-Duvar-Aynalari-Genis-Alan-Illuzyonu.jpg","type":"image\/jpeg"}],"author":"Makale Yazar\u0131","twitter_card":"summary_large_image","twitter_misc":{"Written by":"Makale Yazar\u0131","Est. reading time":"4 minutes"},"schema":{"@context":"https:\/\/schema.org","@graph":[{"@type":"Article","@id":"https:\/\/balidecor.net\/ayna-modelleri\/bali-duvar-aynalari-genis-alan-illuzyonu\/#article","isPartOf":{"@id":"https:\/\/balidecor.net\/ayna-modelleri\/bali-duvar-aynalari-genis-alan-illuzyonu\/"},"author":{"name":"Makale Yazar\u0131","@id":"https:\/\/balidecor.net\/#\/schema\/person\/8ab1353c2bf9c58033023788ce17a205"},"headline":"Bali Duvar Aynalar\u0131: Geni\u015f Alan \u0130ll\u00fczyonu","datePublished":"2026-03-10T12:00:45+00:00","mainEntityOfPage":{"@id":"https:\/\/balidecor.net\/ayna-modelleri\/bali-duvar-aynalari-genis-alan-illuzyonu\/"},"wordCount":1257,"commentCount":0,"publisher":{"@id":"https:\/\/balidecor.net\/#organization"},"image":{"@id":"https:\/\/balidecor.net\/ayna-modelleri\/bali-duvar-aynalari-genis-alan-illuzyonu\/#primaryimage"},"thumbnailUrl":"https:\/\/balidecor.net\/wp-content\/uploads\/2026\/03\/Bali-Duvar-Aynalari-Genis-Alan-Illuzyonu.jpg","articleSection":["Ayna"],"inLanguage":"en-US","potentialAction":[{"@type":"CommentAction","name":"Comment","target":["https:\/\/balidecor.net\/ayna-modelleri\/bali-duvar-aynalari-genis-alan-illuzyonu\/#respond"]}]},{"@type":"WebPage","@id":"https:\/\/balidecor.net\/ayna-modelleri\/bali-duvar-aynalari-genis-alan-illuzyonu\/","url":"https:\/\/balidecor.net\/ayna-modelleri\/bali-duvar-aynalari-genis-alan-illuzyonu\/","name":"Bali Duvar Aynalar\u0131: Geni\u015f Alan \u0130ll\u00fczyonu - Bali Decor","isPartOf":{"@id":"https:\/\/balidecor.net\/#website"},"primaryImageOfPage":{"@id":"https:\/\/balidecor.net\/ayna-modelleri\/bali-duvar-aynalari-genis-alan-illuzyonu\/#primaryimage"},"image":{"@id":"https:\/\/balidecor.net\/ayna-modelleri\/bali-duvar-aynalari-genis-alan-illuzyonu\/#primaryimage"},"thumbnailUrl":"https:\/\/balidecor.net\/wp-content\/uploads\/2026\/03\/Bali-Duvar-Aynalari-Genis-Alan-Illuzyonu.jpg","datePublished":"2026-03-10T12:00:45+00:00","description":"Bali Duvar Ayna modelleriyle evinizde derinlik yarat\u0131n! Rattan, bambu ve el oymas\u0131 ah\u015fap aynalarla geni\u015f alan ill\u00fczyonu fikirleri Balidecor.net'te sizi bekliyor.","breadcrumb":{"@id":"https:\/\/balidecor.net\/ayna-modelleri\/bali-duvar-aynalari-genis-alan-illuzyonu\/#breadcrumb"},"inLanguage":"en-US","potentialAction":[{"@type":"ReadAction","target":["https:\/\/balidecor.net\/ayna-modelleri\/bali-duvar-aynalari-genis-alan-illuzyonu\/"]}]},{"@type":"ImageObject","inLanguage":"en-US","@id":"https:\/\/balidecor.net\/ayna-modelleri\/bali-duvar-aynalari-genis-alan-illuzyonu\/#primaryimage","url":"https:\/\/balidecor.net\/wp-content\/uploads\/2026\/03\/Bali-Duvar-Aynalari-Genis-Alan-Illuzyonu.jpg","contentUrl":"https:\/\/balidecor.net\/wp-content\/uploads\/2026\/03\/Bali-Duvar-Aynalari-Genis-Alan-Illuzyonu.jpg","width":1200,"height":1500,"caption":"Bali Duvar Ayna Dekorasyonu Bali Decor."},{"@type":"BreadcrumbList","@id":"https:\/\/balidecor.net\/ayna-modelleri\/bali-duvar-aynalari-genis-alan-illuzyonu\/#breadcrumb","itemListElement":[{"@type":"ListItem","position":1,"name":"Ev","item":"https:\/\/balidecor.net\/"},{"@type":"ListItem","position":2,"name":"Ayna","item":"https:\/\/balidecor.net\/blog\/ayna-modelleri\/"},{"@type":"ListItem","position":3,"name":"Bali Duvar Aynalar\u0131: Geni\u015f Alan \u0130ll\u00fczyonu"}]},{"@type":"WebSite","@id":"https:\/\/balidecor.net\/#website","url":"https:\/\/balidecor.net\/","name":"Bali Decor","description":"","publisher":{"@id":"https:\/\/balidecor.net\/#organization"},"potentialAction":[{"@type":"SearchAction","target":{"@type":"EntryPoint","urlTemplate":"https:\/\/balidecor.net\/?s={search_term_string}"},"query-input":{"@type":"PropertyValueSpecification","valueRequired":true,"valueName":"search_term_string"}}],"inLanguage":"en-US"},{"@type":"Organization","@id":"https:\/\/balidecor.net\/#organization","name":"Bali Decor","url":"https:\/\/balidecor.net\/","logo":{"@type":"ImageObject","inLanguage":"en-US","@id":"https:\/\/balidecor.net\/#\/schema\/logo\/image\/","url":"https:\/\/balidecor.net\/wp-content\/uploads\/2024\/02\/cropped-cropped-cropped-Rectangle-3-1-1-2.png","contentUrl":"https:\/\/balidecor.net\/wp-content\/uploads\/2024\/02\/cropped-cropped-cropped-Rectangle-3-1-1-2.png","width":149,"height":109,"caption":"Bali Decor"},"image":{"@id":"https:\/\/balidecor.net\/#\/schema\/logo\/image\/"},"sameAs":["https:\/\/www.instagram.com\/baliidecor"]},{"@type":"Person","@id":"https:\/\/balidecor.net\/#\/schema\/person\/8ab1353c2bf9c58033023788ce17a205","name":"Makale Yazar\u0131","image":{"@type":"ImageObject","inLanguage":"en-US","@id":"https:\/\/balidecor.net\/#\/schema\/person\/image\/","url":"https:\/\/secure.gravatar.com\/avatar\/5610bfc077a10e3f8ae54912f2c036324c29932b055586c3f2faa7ace096798d?s=96&d=mm&r=g","contentUrl":"https:\/\/secure.gravatar.com\/avatar\/5610bfc077a10e3f8ae54912f2c036324c29932b055586c3f2faa7ace096798d?s=96&d=mm&r=g","caption":"Makale Yazar\u0131"},"sameAs":["https:\/\/balidecor.net\/"],"url":"https:\/\/balidecor.net\/en\/author\/makaleyazari\/"}]}},"_links":{"self":[{"href":"https:\/\/balidecor.net\/en\/wp-json\/wp\/v2\/posts\/3419","targetHints":{"allow":["GET"]}}],"collection":[{"href":"https:\/\/balidecor.net\/en\/wp-json\/wp\/v2\/posts"}],"about":[{"href":"https:\/\/balidecor.net\/en\/wp-json\/wp\/v2\/types\/post"}],"author":[{"embeddable":true,"href":"https:\/\/balidecor.net\/en\/wp-json\/wp\/v2\/users\/7"}],"replies":[{"embeddable":true,"href":"https:\/\/balidecor.net\/en\/wp-json\/wp\/v2\/comments?post=3419"}],"version-history":[{"count":1,"href":"https:\/\/balidecor.net\/en\/wp-json\/wp\/v2\/posts\/3419\/revisions"}],"predecessor-version":[{"id":3421,"href":"https:\/\/balidecor.net\/en\/wp-json\/wp\/v2\/posts\/3419\/revisions\/3421"}],"wp:featuredmedia":[{"embeddable":true,"href":"https:\/\/balidecor.net\/en\/wp-json\/wp\/v2\/media\/3420"}],"wp:attachment":[{"href":"https:\/\/balidecor.net\/en\/wp-json\/wp\/v2\/media?parent=3419"}],"wp:term":[{"taxonomy":"category","embeddable":true,"href":"https:\/\/balidecor.net\/en\/wp-json\/wp\/v2\/categories?post=3419"},{"taxonomy":"post_tag","embeddable":true,"href":"https:\/\/balidecor.net\/en\/wp-json\/wp\/v2\/tags?post=3419"}],"curies":[{"name":"wp","href":"https:\/\/api.w.org\/{rel}","templated":true}]}}