{"id":3452,"date":"2026-03-15T15:15:03","date_gmt":"2026-03-15T12:15:03","guid":{"rendered":"https:\/\/balidecor.net\/?p=3452"},"modified":"2026-03-11T16:35:36","modified_gmt":"2026-03-11T13:35:36","slug":"bali-rattan-lambader-aydinlatma-cozumleri","status":"publish","type":"post","link":"https:\/\/balidecor.net\/en\/rattan-dekorasyon\/bali-rattan-lambader-aydinlatma-cozumleri\/","title":{"rendered":"Bali Rattan Lambader: Ayd\u0131nlatma \u00c7\u00f6z\u00fcmleri"},"content":{"rendered":"<p><span style=\"font-weight: 400;\">Ayd\u0131nlatma, bir mekan\u0131n sadece g\u00f6r\u00fcn\u00fcrl\u00fc\u011f\u00fcn\u00fc de\u011fil, ayn\u0131 zamanda ruhunu ve enerjisini de belirleyen en kritik dekorasyon unsurudur. 2026 i\u00e7 mekan trendlerinde plastik ve metalin yerini alan &#8220;organik l\u00fcks&#8221; ak\u0131m\u0131n\u0131n en g\u00f6zde par\u00e7as\u0131 ise \u015f\u00fcphesiz <\/span><a href=\"https:\/\/balidecor.net\/product-category\/wall-decor\/\"><b>Bali rattan lambader<\/b><\/a><span style=\"font-weight: 400;\"> modelleridir. Endonezya&#8217;n\u0131n s\u00fcrd\u00fcr\u00fclebilir ormanlar\u0131ndan gelen rattan liflerinin, usta ellerde birer sanat eserine d\u00f6n\u00fc\u015fmesiyle ortaya \u00e7\u0131kan bu ayd\u0131nlatma \u00e7\u00f6z\u00fcmleri, evinize sadece \u0131\u015f\u0131k de\u011fil, egzotik bir huzur dalgas\u0131 ta\u015f\u0131r.<\/span><\/p>\n<p><b>&#8220;<a href=\"https:\/\/balidecor.net\/product-category\/wall-decor\/\">Bali Rattan Lambader<\/a>&#8220;<\/b><span style=\"font-weight: 400;\"> tasar\u0131mlar\u0131, \u0131\u015f\u0131\u011f\u0131n do\u011frudan de\u011fil, el i\u015f\u00e7ili\u011fi \u00f6rg\u00fcler aras\u0131ndan s\u00fcz\u00fclerek yay\u0131lmas\u0131n\u0131 sa\u011flar. Bu durum, odan\u0131zda sert g\u00f6lgeler yerine yumu\u015fak, mistik ve dinlendirici bir atmosfer yarat\u0131r. Modern apartman dairelerinden geni\u015f bah\u00e7e katlar\u0131na kadar her t\u00fcrl\u00fc mimari yap\u0131ya uyum sa\u011flayan bu \u00fcr\u00fcnler, s\u00fcrd\u00fcr\u00fclebilir dekorasyonun en estetik halini temsil eder. Bu kapsaml\u0131 rehberde, rattan ayd\u0131nlatman\u0131n mekan \u00fczerindeki etkisini ve dekorasyonda nas\u0131l konumland\u0131r\u0131lmas\u0131 gerekti\u011fini detayl\u0131ca inceleyece\u011fiz.<\/span><\/p>\n<h2><b>Neden Bali Rattan Lambader Tercih Etmelisiniz?<\/b><\/h2>\n<p><span style=\"font-weight: 400;\">Rattan, do\u011fas\u0131 gere\u011fi hem hafif hem de inan\u0131lmaz derecede dayan\u0131kl\u0131 bir malzemedir. Bu \u00f6zellikleri, onu fonksiyonel ayd\u0131nlatma \u00fcr\u00fcnleri i\u00e7in vazge\u00e7ilmez k\u0131lar.<\/span><\/p>\n<h3><b>1. I\u015f\u0131\u011f\u0131n Sanatsal Filtrelenmesi<\/b><\/h3>\n<p><span style=\"font-weight: 400;\">Rattan lambaderlerin en b\u00fcy\u00fcleyici \u00f6zelli\u011fi, \u0131\u015f\u0131\u011f\u0131 &#8220;\u00e7izgisel&#8221; bir formatta odaya da\u011f\u0131tmas\u0131d\u0131r. \u00d6rg\u00fc aral\u0131klar\u0131ndan s\u00fcz\u00fclen \u0131\u015f\u0131k, duvarlarda ve tavanda egzotik g\u00f6lge oyunlar\u0131 yarat\u0131r.<\/span><a href=\"https:\/\/www.thelia.org.uk\/\"> <span style=\"font-weight: 400;\">D\u00fcnya Ayd\u0131nlatma Birli\u011fi (LIA)<\/span><\/a><span style=\"font-weight: 400;\"> verilerine g\u00f6re, bu t\u00fcr dolayl\u0131 ayd\u0131nlatma y\u00f6ntemleri, g\u00f6z yorgunlu\u011funu azalt\u0131rken mekan alg\u0131s\u0131n\u0131 daha geni\u015f ve ferah hale getirir.<\/span><\/p>\n<h3><b>2. S\u00fcrd\u00fcr\u00fclebilir ve Ekolojik Tercih<\/b><\/h3>\n<p><span style=\"font-weight: 400;\">Rattan, \u00e7ok h\u0131zl\u0131 b\u00fcy\u00fcyen ve \u00e7evreye zarar vermeden hasat edilebilen bir palmiye t\u00fcr\u00fcd\u00fcr.<\/span><a href=\"https:\/\/www.unep.org\/\"> <span style=\"font-weight: 400;\">Birle\u015fmi\u015f Milletler \u00c7evre Program\u0131 (UNEP)<\/span><\/a><span style=\"font-weight: 400;\"> taraf\u0131ndan desteklenen s\u00fcrd\u00fcr\u00fclebilir malzeme kullan\u0131m\u0131, ev dekorasyonunda karbon ayak izini azaltman\u0131n en \u015f\u0131k yoludur. <\/span><a href=\"https:\/\/balidecor.net\/product-category\/wall-decor\/\"><b>Bali rattan lambader<\/b><\/a><span style=\"font-weight: 400;\"> kullan\u0131m\u0131, do\u011faya duydu\u011funuz sayg\u0131n\u0131n bir g\u00f6stergesidir.<\/span><\/p>\n<h2><b>\u0130\u00e7 Mekanlarda Rattan Lambader Kullan\u0131m \u00d6nerileri<\/b><\/h2>\n<p><span style=\"font-weight: 400;\">Bir lambaderi do\u011fru yere yerle\u015ftirmek, mekan\u0131n t\u00fcm havas\u0131n\u0131 bir anda de\u011fi\u015ftirebilir:<\/span><\/p>\n<h3><b>Okuma K\u00f6\u015feleri \u0130\u00e7in Zen Atmosferi<\/b><\/h3>\n<p><span style=\"font-weight: 400;\">Okuma koltu\u011funuzun yan\u0131na yerle\u015ftirece\u011finiz kavisli bir rattan lambader, sadece ihtiyac\u0131n\u0131z olan \u0131\u015f\u0131\u011f\u0131 sa\u011flamakla kalmaz, ayn\u0131 zamanda o alan\u0131 evden izole bir huzur k\u00f6\u015fesine d\u00f6n\u00fc\u015ft\u00fcr\u00fcr. Rattan liflerinin s\u0131cak bal rengi, masif ah\u015fap sehpalarla m\u00fckemmel bir g\u00f6rsel uyum yakalar.<\/span><\/p>\n<h3><b>Salon K\u00f6\u015felerinde Katmanl\u0131 Ayd\u0131nlatma<\/b><\/h3>\n<p><span style=\"font-weight: 400;\">B\u00fcy\u00fck salonlarda tavan ayd\u0131nlatmas\u0131 \u00e7o\u011fu zaman tek d\u00fcze kalabilir. Odan\u0131n karanl\u0131k k\u00f6\u015felerine yerle\u015ftirilen uzun formlu <\/span><a href=\"https:\/\/balidecor.net\/product-category\/wall-decor\/\"><b>Bali rattan lambader<\/b><\/a><span style=\"font-weight: 400;\"> \u00fcniteleri, mekana derinlik katar. <\/span><a href=\"https:\/\/balidecor.net\/\"><b>Bali Decor<\/b><\/a><span style=\"font-weight: 400;\"> esteti\u011fi, \u0131\u015f\u0131\u011f\u0131n katmanlar halinde kullan\u0131lmas\u0131yla hayat bulur; bu sayede mekan daha ya\u015fanm\u0131\u015f ve samimi bir his kazan\u0131r.<\/span><\/p>\n<h3><b>Ayd\u0131nlatma ve Bitki Uyumu<\/b><\/h3>\n<p><span style=\"font-weight: 400;\">Rattan lambaderinizi b\u00fcy\u00fck yaprakl\u0131 (Monstera veya Areka palmiyesi gibi) tropikal bitkilerin yan\u0131na yerle\u015ftirin. I\u015f\u0131\u011f\u0131n bitki yapraklar\u0131 aras\u0131ndan s\u00fcz\u00fclmesi, banyonuzda veya salonunuzda ger\u00e7ek bir Bali orman\u0131 etkisi yaratacakt\u0131r.<\/span><\/p>\n<h2><b>Bak\u0131m ve Uzun \u00d6m\u00fcrl\u00fc Kullan\u0131m S\u0131rlar\u0131<\/b><\/h2>\n<p><span style=\"font-weight: 400;\">Do\u011fal liflerden \u00fcretilen ayd\u0131nlatma \u00fcr\u00fcnleriniz, do\u011fru bak\u0131mla y\u0131llarca ilk g\u00fcnk\u00fc zarafetini korur:<\/span><\/p>\n<ul>\n<li style=\"font-weight: 400;\" aria-level=\"1\"><b>Temizlik:<\/b><span style=\"font-weight: 400;\"> \u00d6rg\u00fclerin aras\u0131na giren tozlar\u0131 temizlemek i\u00e7in periyodik olarak yumu\u015fak u\u00e7lu bir f\u0131r\u00e7a veya elektrikli s\u00fcp\u00fcrgenin hassas ba\u015fl\u0131\u011f\u0131n\u0131 kullan\u0131n.<\/span><\/li>\n<li style=\"font-weight: 400;\" aria-level=\"1\"><b>Nem Kontrol\u00fc:<\/b><span style=\"font-weight: 400;\"> Rattan do\u011fal bir malzemedir; a\u015f\u0131r\u0131 kurumas\u0131n\u0131 \u00f6nlemek i\u00e7in \u00e7ok az nemli bir bezle silmek liflerin esnekli\u011fini korur.<\/span><\/li>\n<li style=\"font-weight: 400;\" aria-level=\"1\"><b>Ampul Se\u00e7imi:<\/b><span style=\"font-weight: 400;\"> Lambaderinizin dokusuna zarar vermemek ve yang\u0131n riskini \u00f6nlemek i\u00e7in \u0131s\u0131nma yapmayan d\u00fc\u015f\u00fck voltajl\u0131 LED ampuller tercih edilmelidir. S\u0131cak sar\u0131 \u0131\u015f\u0131k (2700K), rattan dokusunu en iyi g\u00f6steren tondur.<\/span><\/li>\n<\/ul>\n<h2><b>S\u0131k\u00e7a Sorulan Sorular (FAQ)<\/b><\/h2>\n<ol>\n<li><b> Bali rattan lambaderler d\u0131\u015f mekanda kullan\u0131labilir mi?<\/b><\/li>\n<\/ol>\n<p><span style=\"font-weight: 400;\">\u00dcst\u00fc kapal\u0131 teras ve balkonlarda g\u00fcvenle kullan\u0131labilir. Ancak ya\u011fmura ve direkt neme maruz kalmamas\u0131, \u00fcr\u00fcn\u00fcn \u00f6mr\u00fcn\u00fc uzatmak i\u00e7in kritiktir.<\/span><\/p>\n<ol start=\"2\">\n<li><b> Rattan zamanla karar\u0131r m\u0131?<\/b><\/li>\n<\/ol>\n<p><span style=\"font-weight: 400;\">Kaliteli Bali rattanlar\u0131 \u00f6zel bir cila ile korunur. Do\u011frudan g\u00fcne\u015f \u0131\u015f\u0131\u011f\u0131na uzun s\u00fcre maruz kalmazsa, do\u011fal rengini onlarca y\u0131l korur.<\/span><\/p>\n<ol start=\"3\">\n<li><b> Bu lambaderler hangi dekorasyon stillerine uygundur?<\/b><\/li>\n<\/ol>\n<p><span style=\"font-weight: 400;\">Ba\u015fta Bohem ve \u0130skandinav olmak \u00fczere; Modern, Rustik ve K\u0131y\u0131 (Coastal) dekorasyon stilleriyle m\u00fckemmel uyum sa\u011flar.<\/span><\/p>\n<ol start=\"4\">\n<li><b> Rattan lifleri kopma yapar m\u0131?<\/b><\/li>\n<\/ol>\n<p><span style=\"font-weight: 400;\">Usta zanaatkarlar taraf\u0131ndan \u00f6r\u00fclen orijinal \u00fcr\u00fcnlerde lifler birbirine kenetlendi\u011fi i\u00e7in kopma veya s\u00f6k\u00fclme ya\u015fanmaz.<\/span><\/p>\n<ol start=\"5\">\n<li><b> Orijinal el yap\u0131m\u0131 Bali ayd\u0131nlatma \u00fcr\u00fcnlerini nereden sat\u0131n alabilirim?<\/b><\/li>\n<\/ol>\n<p><span style=\"font-weight: 400;\">Endonezya&#8217;n\u0131n zanaat miras\u0131n\u0131 modern tasar\u0131mlarla birle\u015ftiren en \u00f6zel koleksiyonlar i\u00e7in <\/span><a href=\"https:\/\/balidecor.net\/\"><b>Balidecor.net<\/b><\/a><span style=\"font-weight: 400;\"> adresini ziyaret edebilirsiniz.<\/span><\/p>\n<h2><b>Evinize Do\u011fal Bir I\u015f\u0131lt\u0131 Kat\u0131n!<\/b><\/h2>\n<p><span style=\"font-weight: 400;\">Duvarlar\u0131n\u0131z\u0131n rengini de\u011fi\u015ftirebilir, mobilyalar\u0131n\u0131z\u0131 yenileyebilirsiniz; ancak do\u011fru ayd\u0131nlatma olmadan dekorasyonunuz asla tamamlanm\u0131\u015f say\u0131lmaz. <\/span><a href=\"https:\/\/balidecor.net\/product-category\/wall-decor\/\"><b>Bali rattan lambader<\/b><\/a><span style=\"font-weight: 400;\"> koleksiyonumuzla, do\u011fan\u0131n ham g\u00fcc\u00fcn\u00fc ve el i\u015f\u00e7ili\u011finin zarafetini evinize davet edin. I\u015f\u0131\u011f\u0131n en do\u011fal haliyle tan\u0131\u015f\u0131n ve her ak\u015fam evinizde egzotik bir g\u00fcn bat\u0131m\u0131 havas\u0131 ya\u015fay\u0131n.<\/span><\/p>\n<p><b>I\u015f\u0131lt\u0131y\u0131 Ke\u015ffetmeye Ba\u015flay\u0131n!<\/b><\/p>\n<p><span style=\"font-weight: 400;\">Benzersiz el \u00f6rmesi lambaderlerimizi, sark\u0131t lambalar\u0131m\u0131z\u0131 ve masa\u00fcst\u00fc ayd\u0131nlatma \u00fcr\u00fcnlerimizi incelemek i\u00e7in<\/span><a href=\"https:\/\/balidecor.net\/\"> <span style=\"font-weight: 400;\">Balidecor.net<\/span><\/a><span style=\"font-weight: 400;\"> adresini hemen ziyaret edin. Evinize hak etti\u011fi s\u0131cakl\u0131\u011f\u0131 ve Bali esintisini ta\u015f\u0131y\u0131n!<\/span><\/p>","protected":false},"excerpt":{"rendered":"<p>Ayd\u0131nlatma, bir mekan\u0131n sadece g\u00f6r\u00fcn\u00fcrl\u00fc\u011f\u00fcn\u00fc de\u011fil, ayn\u0131 zamanda ruhunu ve enerjisini de belirleyen en kritik dekorasyon unsurudur. 2026 i\u00e7 mekan trendlerinde plastik ve metalin yerini alan &#8220;organik l\u00fcks&#8221; ak\u0131m\u0131n\u0131n en g\u00f6zde par\u00e7as\u0131 ise \u015f\u00fcphesiz Bali rattan lambader modelleridir. Endonezya&#8217;n\u0131n s\u00fcrd\u00fcr\u00fclebilir ormanlar\u0131ndan gelen rattan liflerinin, usta ellerde birer sanat eserine d\u00f6n\u00fc\u015fmesiyle ortaya \u00e7\u0131kan bu ayd\u0131nlatma \u00e7\u00f6z\u00fcmleri, [&hellip;]<\/p>","protected":false},"author":7,"featured_media":3453,"comment_status":"open","ping_status":"open","sticky":false,"template":"","format":"standard","meta":{"_monsterinsights_skip_tracking":false,"_monsterinsights_sitenote_active":false,"_monsterinsights_sitenote_note":"","_monsterinsights_sitenote_category":0,"footnotes":""},"categories":[369],"tags":[],"class_list":["post-3452","post","type-post","status-publish","format-standard","has-post-thumbnail","hentry","category-rattan-dekorasyon"],"yoast_head":"<!-- This site is optimized with the Yoast SEO plugin v26.7 - https:\/\/yoast.com\/wordpress\/plugins\/seo\/ -->\n<title>Bali Rattan Lambader: Ayd\u0131nlatma \u00c7\u00f6z\u00fcmleri - Bali Decor<\/title>\n<meta name=\"description\" content=\"Bali rattan lambader modelleriyle evinize do\u011fal bir \u0131\u015f\u0131k kat\u0131n! El yap\u0131m\u0131, s\u00fcrd\u00fcr\u00fclebilir ve egzotik ayd\u0131nlatma \u00e7\u00f6z\u00fcmleri i\u00e7in hemen Balidecor.net&#039;i ziyaret edin\" \/>\n<meta name=\"robots\" content=\"index, follow, max-snippet:-1, max-image-preview:large, max-video-preview:-1\" \/>\n<link rel=\"canonical\" href=\"https:\/\/balidecor.net\/en\/rattan-dekorasyon\/bali-rattan-lambader-aydinlatma-cozumleri\/\" \/>\n<meta property=\"og:locale\" content=\"en_US\" \/>\n<meta property=\"og:type\" content=\"article\" \/>\n<meta property=\"og:title\" content=\"Bali Rattan Lambader: Ayd\u0131nlatma \u00c7\u00f6z\u00fcmleri - Bali Decor\" \/>\n<meta property=\"og:description\" content=\"Bali rattan lambader modelleriyle evinize do\u011fal bir \u0131\u015f\u0131k kat\u0131n! El yap\u0131m\u0131, s\u00fcrd\u00fcr\u00fclebilir ve egzotik ayd\u0131nlatma \u00e7\u00f6z\u00fcmleri i\u00e7in hemen Balidecor.net&#039;i ziyaret edin\" \/>\n<meta property=\"og:url\" content=\"https:\/\/balidecor.net\/en\/rattan-dekorasyon\/bali-rattan-lambader-aydinlatma-cozumleri\/\" \/>\n<meta property=\"og:site_name\" content=\"Bali Decor\" \/>\n<meta property=\"article:published_time\" content=\"2026-03-15T12:15:03+00:00\" \/>\n<meta property=\"og:image\" content=\"https:\/\/balidecor.net\/wp-content\/uploads\/2026\/03\/pexels-karola-g-6134886.jpg\" \/>\n\t<meta property=\"og:image:width\" content=\"1279\" \/>\n\t<meta property=\"og:image:height\" content=\"853\" \/>\n\t<meta property=\"og:image:type\" content=\"image\/jpeg\" \/>\n<meta name=\"author\" content=\"Makale Yazar\u0131\" \/>\n<meta name=\"twitter:card\" content=\"summary_large_image\" \/>\n<meta name=\"twitter:label1\" content=\"Written by\" \/>\n\t<meta name=\"twitter:data1\" content=\"Makale Yazar\u0131\" \/>\n\t<meta name=\"twitter:label2\" content=\"Est. reading time\" \/>\n\t<meta name=\"twitter:data2\" content=\"4 minutes\" \/>\n<script type=\"application\/ld+json\" class=\"yoast-schema-graph\">{\"@context\":\"https:\/\/schema.org\",\"@graph\":[{\"@type\":\"Article\",\"@id\":\"https:\/\/balidecor.net\/rattan-dekorasyon\/bali-rattan-lambader-aydinlatma-cozumleri\/#article\",\"isPartOf\":{\"@id\":\"https:\/\/balidecor.net\/rattan-dekorasyon\/bali-rattan-lambader-aydinlatma-cozumleri\/\"},\"author\":{\"name\":\"Makale Yazar\u0131\",\"@id\":\"https:\/\/balidecor.net\/#\/schema\/person\/8ab1353c2bf9c58033023788ce17a205\"},\"headline\":\"Bali Rattan Lambader: Ayd\u0131nlatma \u00c7\u00f6z\u00fcmleri\",\"datePublished\":\"2026-03-15T12:15:03+00:00\",\"mainEntityOfPage\":{\"@id\":\"https:\/\/balidecor.net\/rattan-dekorasyon\/bali-rattan-lambader-aydinlatma-cozumleri\/\"},\"wordCount\":945,\"commentCount\":0,\"publisher\":{\"@id\":\"https:\/\/balidecor.net\/#organization\"},\"image\":{\"@id\":\"https:\/\/balidecor.net\/rattan-dekorasyon\/bali-rattan-lambader-aydinlatma-cozumleri\/#primaryimage\"},\"thumbnailUrl\":\"https:\/\/balidecor.net\/wp-content\/uploads\/2026\/03\/pexels-karola-g-6134886.jpg\",\"articleSection\":[\"Rattan\"],\"inLanguage\":\"en-US\",\"potentialAction\":[{\"@type\":\"CommentAction\",\"name\":\"Comment\",\"target\":[\"https:\/\/balidecor.net\/rattan-dekorasyon\/bali-rattan-lambader-aydinlatma-cozumleri\/#respond\"]}]},{\"@type\":\"WebPage\",\"@id\":\"https:\/\/balidecor.net\/rattan-dekorasyon\/bali-rattan-lambader-aydinlatma-cozumleri\/\",\"url\":\"https:\/\/balidecor.net\/rattan-dekorasyon\/bali-rattan-lambader-aydinlatma-cozumleri\/\",\"name\":\"Bali Rattan Lambader: Ayd\u0131nlatma \u00c7\u00f6z\u00fcmleri - Bali Decor\",\"isPartOf\":{\"@id\":\"https:\/\/balidecor.net\/#website\"},\"primaryImageOfPage\":{\"@id\":\"https:\/\/balidecor.net\/rattan-dekorasyon\/bali-rattan-lambader-aydinlatma-cozumleri\/#primaryimage\"},\"image\":{\"@id\":\"https:\/\/balidecor.net\/rattan-dekorasyon\/bali-rattan-lambader-aydinlatma-cozumleri\/#primaryimage\"},\"thumbnailUrl\":\"https:\/\/balidecor.net\/wp-content\/uploads\/2026\/03\/pexels-karola-g-6134886.jpg\",\"datePublished\":\"2026-03-15T12:15:03+00:00\",\"description\":\"Bali rattan lambader modelleriyle evinize do\u011fal bir \u0131\u015f\u0131k kat\u0131n! El yap\u0131m\u0131, s\u00fcrd\u00fcr\u00fclebilir ve egzotik ayd\u0131nlatma \u00e7\u00f6z\u00fcmleri i\u00e7in hemen Balidecor.net'i ziyaret edin\",\"breadcrumb\":{\"@id\":\"https:\/\/balidecor.net\/rattan-dekorasyon\/bali-rattan-lambader-aydinlatma-cozumleri\/#breadcrumb\"},\"inLanguage\":\"en-US\",\"potentialAction\":[{\"@type\":\"ReadAction\",\"target\":[\"https:\/\/balidecor.net\/rattan-dekorasyon\/bali-rattan-lambader-aydinlatma-cozumleri\/\"]}]},{\"@type\":\"ImageObject\",\"inLanguage\":\"en-US\",\"@id\":\"https:\/\/balidecor.net\/rattan-dekorasyon\/bali-rattan-lambader-aydinlatma-cozumleri\/#primaryimage\",\"url\":\"https:\/\/balidecor.net\/wp-content\/uploads\/2026\/03\/pexels-karola-g-6134886.jpg\",\"contentUrl\":\"https:\/\/balidecor.net\/wp-content\/uploads\/2026\/03\/pexels-karola-g-6134886.jpg\",\"width\":1279,\"height\":853,\"caption\":\"Egzotik Bali Rattan Lambader Ayd\u0131nlatma Tasar\u0131m\u0131 Bali Decor.\"},{\"@type\":\"BreadcrumbList\",\"@id\":\"https:\/\/balidecor.net\/rattan-dekorasyon\/bali-rattan-lambader-aydinlatma-cozumleri\/#breadcrumb\",\"itemListElement\":[{\"@type\":\"ListItem\",\"position\":1,\"name\":\"Ev\",\"item\":\"https:\/\/balidecor.net\/\"},{\"@type\":\"ListItem\",\"position\":2,\"name\":\"Rattan\",\"item\":\"https:\/\/balidecor.net\/blog\/rattan-dekorasyon\/\"},{\"@type\":\"ListItem\",\"position\":3,\"name\":\"Bali Rattan Lambader: Ayd\u0131nlatma \u00c7\u00f6z\u00fcmleri\"}]},{\"@type\":\"WebSite\",\"@id\":\"https:\/\/balidecor.net\/#website\",\"url\":\"https:\/\/balidecor.net\/\",\"name\":\"Bali Decor\",\"description\":\"\",\"publisher\":{\"@id\":\"https:\/\/balidecor.net\/#organization\"},\"potentialAction\":[{\"@type\":\"SearchAction\",\"target\":{\"@type\":\"EntryPoint\",\"urlTemplate\":\"https:\/\/balidecor.net\/?s={search_term_string}\"},\"query-input\":{\"@type\":\"PropertyValueSpecification\",\"valueRequired\":true,\"valueName\":\"search_term_string\"}}],\"inLanguage\":\"en-US\"},{\"@type\":\"Organization\",\"@id\":\"https:\/\/balidecor.net\/#organization\",\"name\":\"Bali Decor\",\"url\":\"https:\/\/balidecor.net\/\",\"logo\":{\"@type\":\"ImageObject\",\"inLanguage\":\"en-US\",\"@id\":\"https:\/\/balidecor.net\/#\/schema\/logo\/image\/\",\"url\":\"https:\/\/balidecor.net\/wp-content\/uploads\/2024\/02\/cropped-cropped-cropped-Rectangle-3-1-1-2.png\",\"contentUrl\":\"https:\/\/balidecor.net\/wp-content\/uploads\/2024\/02\/cropped-cropped-cropped-Rectangle-3-1-1-2.png\",\"width\":149,\"height\":109,\"caption\":\"Bali Decor\"},\"image\":{\"@id\":\"https:\/\/balidecor.net\/#\/schema\/logo\/image\/\"},\"sameAs\":[\"https:\/\/www.instagram.com\/baliidecor\"]},{\"@type\":\"Person\",\"@id\":\"https:\/\/balidecor.net\/#\/schema\/person\/8ab1353c2bf9c58033023788ce17a205\",\"name\":\"Makale Yazar\u0131\",\"image\":{\"@type\":\"ImageObject\",\"inLanguage\":\"en-US\",\"@id\":\"https:\/\/balidecor.net\/#\/schema\/person\/image\/\",\"url\":\"https:\/\/secure.gravatar.com\/avatar\/5610bfc077a10e3f8ae54912f2c036324c29932b055586c3f2faa7ace096798d?s=96&d=mm&r=g\",\"contentUrl\":\"https:\/\/secure.gravatar.com\/avatar\/5610bfc077a10e3f8ae54912f2c036324c29932b055586c3f2faa7ace096798d?s=96&d=mm&r=g\",\"caption\":\"Makale Yazar\u0131\"},\"sameAs\":[\"https:\/\/balidecor.net\/\"],\"url\":\"https:\/\/balidecor.net\/en\/author\/makaleyazari\/\"}]}<\/script>\n<!-- \/ Yoast SEO plugin. -->","yoast_head_json":{"title":"Bali Rattan Lambader: Ayd\u0131nlatma \u00c7\u00f6z\u00fcmleri - Bali Decor","description":"Bali rattan lambader modelleriyle evinize do\u011fal bir \u0131\u015f\u0131k kat\u0131n! El yap\u0131m\u0131, s\u00fcrd\u00fcr\u00fclebilir ve egzotik ayd\u0131nlatma \u00e7\u00f6z\u00fcmleri i\u00e7in hemen Balidecor.net'i ziyaret edin","robots":{"index":"index","follow":"follow","max-snippet":"max-snippet:-1","max-image-preview":"max-image-preview:large","max-video-preview":"max-video-preview:-1"},"canonical":"https:\/\/balidecor.net\/en\/rattan-dekorasyon\/bali-rattan-lambader-aydinlatma-cozumleri\/","og_locale":"en_US","og_type":"article","og_title":"Bali Rattan Lambader: Ayd\u0131nlatma \u00c7\u00f6z\u00fcmleri - Bali Decor","og_description":"Bali rattan lambader modelleriyle evinize do\u011fal bir \u0131\u015f\u0131k kat\u0131n! El yap\u0131m\u0131, s\u00fcrd\u00fcr\u00fclebilir ve egzotik ayd\u0131nlatma \u00e7\u00f6z\u00fcmleri i\u00e7in hemen Balidecor.net'i ziyaret edin","og_url":"https:\/\/balidecor.net\/en\/rattan-dekorasyon\/bali-rattan-lambader-aydinlatma-cozumleri\/","og_site_name":"Bali Decor","article_published_time":"2026-03-15T12:15:03+00:00","og_image":[{"width":1279,"height":853,"url":"https:\/\/balidecor.net\/wp-content\/uploads\/2026\/03\/pexels-karola-g-6134886.jpg","type":"image\/jpeg"}],"author":"Makale Yazar\u0131","twitter_card":"summary_large_image","twitter_misc":{"Written by":"Makale Yazar\u0131","Est. reading time":"4 minutes"},"schema":{"@context":"https:\/\/schema.org","@graph":[{"@type":"Article","@id":"https:\/\/balidecor.net\/rattan-dekorasyon\/bali-rattan-lambader-aydinlatma-cozumleri\/#article","isPartOf":{"@id":"https:\/\/balidecor.net\/rattan-dekorasyon\/bali-rattan-lambader-aydinlatma-cozumleri\/"},"author":{"name":"Makale Yazar\u0131","@id":"https:\/\/balidecor.net\/#\/schema\/person\/8ab1353c2bf9c58033023788ce17a205"},"headline":"Bali Rattan Lambader: Ayd\u0131nlatma \u00c7\u00f6z\u00fcmleri","datePublished":"2026-03-15T12:15:03+00:00","mainEntityOfPage":{"@id":"https:\/\/balidecor.net\/rattan-dekorasyon\/bali-rattan-lambader-aydinlatma-cozumleri\/"},"wordCount":945,"commentCount":0,"publisher":{"@id":"https:\/\/balidecor.net\/#organization"},"image":{"@id":"https:\/\/balidecor.net\/rattan-dekorasyon\/bali-rattan-lambader-aydinlatma-cozumleri\/#primaryimage"},"thumbnailUrl":"https:\/\/balidecor.net\/wp-content\/uploads\/2026\/03\/pexels-karola-g-6134886.jpg","articleSection":["Rattan"],"inLanguage":"en-US","potentialAction":[{"@type":"CommentAction","name":"Comment","target":["https:\/\/balidecor.net\/rattan-dekorasyon\/bali-rattan-lambader-aydinlatma-cozumleri\/#respond"]}]},{"@type":"WebPage","@id":"https:\/\/balidecor.net\/rattan-dekorasyon\/bali-rattan-lambader-aydinlatma-cozumleri\/","url":"https:\/\/balidecor.net\/rattan-dekorasyon\/bali-rattan-lambader-aydinlatma-cozumleri\/","name":"Bali Rattan Lambader: Ayd\u0131nlatma \u00c7\u00f6z\u00fcmleri - Bali Decor","isPartOf":{"@id":"https:\/\/balidecor.net\/#website"},"primaryImageOfPage":{"@id":"https:\/\/balidecor.net\/rattan-dekorasyon\/bali-rattan-lambader-aydinlatma-cozumleri\/#primaryimage"},"image":{"@id":"https:\/\/balidecor.net\/rattan-dekorasyon\/bali-rattan-lambader-aydinlatma-cozumleri\/#primaryimage"},"thumbnailUrl":"https:\/\/balidecor.net\/wp-content\/uploads\/2026\/03\/pexels-karola-g-6134886.jpg","datePublished":"2026-03-15T12:15:03+00:00","description":"Bali rattan lambader modelleriyle evinize do\u011fal bir \u0131\u015f\u0131k kat\u0131n! El yap\u0131m\u0131, s\u00fcrd\u00fcr\u00fclebilir ve egzotik ayd\u0131nlatma \u00e7\u00f6z\u00fcmleri i\u00e7in hemen Balidecor.net'i ziyaret edin","breadcrumb":{"@id":"https:\/\/balidecor.net\/rattan-dekorasyon\/bali-rattan-lambader-aydinlatma-cozumleri\/#breadcrumb"},"inLanguage":"en-US","potentialAction":[{"@type":"ReadAction","target":["https:\/\/balidecor.net\/rattan-dekorasyon\/bali-rattan-lambader-aydinlatma-cozumleri\/"]}]},{"@type":"ImageObject","inLanguage":"en-US","@id":"https:\/\/balidecor.net\/rattan-dekorasyon\/bali-rattan-lambader-aydinlatma-cozumleri\/#primaryimage","url":"https:\/\/balidecor.net\/wp-content\/uploads\/2026\/03\/pexels-karola-g-6134886.jpg","contentUrl":"https:\/\/balidecor.net\/wp-content\/uploads\/2026\/03\/pexels-karola-g-6134886.jpg","width":1279,"height":853,"caption":"Egzotik Bali Rattan Lambader Ayd\u0131nlatma Tasar\u0131m\u0131 Bali Decor."},{"@type":"BreadcrumbList","@id":"https:\/\/balidecor.net\/rattan-dekorasyon\/bali-rattan-lambader-aydinlatma-cozumleri\/#breadcrumb","itemListElement":[{"@type":"ListItem","position":1,"name":"Ev","item":"https:\/\/balidecor.net\/"},{"@type":"ListItem","position":2,"name":"Rattan","item":"https:\/\/balidecor.net\/blog\/rattan-dekorasyon\/"},{"@type":"ListItem","position":3,"name":"Bali Rattan Lambader: Ayd\u0131nlatma \u00c7\u00f6z\u00fcmleri"}]},{"@type":"WebSite","@id":"https:\/\/balidecor.net\/#website","url":"https:\/\/balidecor.net\/","name":"Bali Decor","description":"","publisher":{"@id":"https:\/\/balidecor.net\/#organization"},"potentialAction":[{"@type":"SearchAction","target":{"@type":"EntryPoint","urlTemplate":"https:\/\/balidecor.net\/?s={search_term_string}"},"query-input":{"@type":"PropertyValueSpecification","valueRequired":true,"valueName":"search_term_string"}}],"inLanguage":"en-US"},{"@type":"Organization","@id":"https:\/\/balidecor.net\/#organization","name":"Bali Decor","url":"https:\/\/balidecor.net\/","logo":{"@type":"ImageObject","inLanguage":"en-US","@id":"https:\/\/balidecor.net\/#\/schema\/logo\/image\/","url":"https:\/\/balidecor.net\/wp-content\/uploads\/2024\/02\/cropped-cropped-cropped-Rectangle-3-1-1-2.png","contentUrl":"https:\/\/balidecor.net\/wp-content\/uploads\/2024\/02\/cropped-cropped-cropped-Rectangle-3-1-1-2.png","width":149,"height":109,"caption":"Bali Decor"},"image":{"@id":"https:\/\/balidecor.net\/#\/schema\/logo\/image\/"},"sameAs":["https:\/\/www.instagram.com\/baliidecor"]},{"@type":"Person","@id":"https:\/\/balidecor.net\/#\/schema\/person\/8ab1353c2bf9c58033023788ce17a205","name":"Makale Yazar\u0131","image":{"@type":"ImageObject","inLanguage":"en-US","@id":"https:\/\/balidecor.net\/#\/schema\/person\/image\/","url":"https:\/\/secure.gravatar.com\/avatar\/5610bfc077a10e3f8ae54912f2c036324c29932b055586c3f2faa7ace096798d?s=96&d=mm&r=g","contentUrl":"https:\/\/secure.gravatar.com\/avatar\/5610bfc077a10e3f8ae54912f2c036324c29932b055586c3f2faa7ace096798d?s=96&d=mm&r=g","caption":"Makale Yazar\u0131"},"sameAs":["https:\/\/balidecor.net\/"],"url":"https:\/\/balidecor.net\/en\/author\/makaleyazari\/"}]}},"_links":{"self":[{"href":"https:\/\/balidecor.net\/en\/wp-json\/wp\/v2\/posts\/3452","targetHints":{"allow":["GET"]}}],"collection":[{"href":"https:\/\/balidecor.net\/en\/wp-json\/wp\/v2\/posts"}],"about":[{"href":"https:\/\/balidecor.net\/en\/wp-json\/wp\/v2\/types\/post"}],"author":[{"embeddable":true,"href":"https:\/\/balidecor.net\/en\/wp-json\/wp\/v2\/users\/7"}],"replies":[{"embeddable":true,"href":"https:\/\/balidecor.net\/en\/wp-json\/wp\/v2\/comments?post=3452"}],"version-history":[{"count":1,"href":"https:\/\/balidecor.net\/en\/wp-json\/wp\/v2\/posts\/3452\/revisions"}],"predecessor-version":[{"id":3454,"href":"https:\/\/balidecor.net\/en\/wp-json\/wp\/v2\/posts\/3452\/revisions\/3454"}],"wp:featuredmedia":[{"embeddable":true,"href":"https:\/\/balidecor.net\/en\/wp-json\/wp\/v2\/media\/3453"}],"wp:attachment":[{"href":"https:\/\/balidecor.net\/en\/wp-json\/wp\/v2\/media?parent=3452"}],"wp:term":[{"taxonomy":"category","embeddable":true,"href":"https:\/\/balidecor.net\/en\/wp-json\/wp\/v2\/categories?post=3452"},{"taxonomy":"post_tag","embeddable":true,"href":"https:\/\/balidecor.net\/en\/wp-json\/wp\/v2\/tags?post=3452"}],"curies":[{"name":"wp","href":"https:\/\/api.w.org\/{rel}","templated":true}]}}