{"id":3834,"date":"2026-04-26T10:57:30","date_gmt":"2026-04-26T07:57:30","guid":{"rendered":"https:\/\/balidecor.net\/?p=3834"},"modified":"2026-04-23T11:03:33","modified_gmt":"2026-04-23T08:03:33","slug":"rattan-sandalye-bakimi-bali-tarzi-mobilyalarinizi-uzun-omurlu-kilin","status":"publish","type":"post","link":"https:\/\/balidecor.net\/en\/rattan-dekorasyon\/rattan-sandalye-bakimi-bali-tarzi-mobilyalarinizi-uzun-omurlu-kilin\/","title":{"rendered":"Rattan Sandalye Bak\u0131m\u0131: Bali Tarz\u0131 Mobilyalar\u0131n\u0131z\u0131 Uzun \u00d6m\u00fcrl\u00fc K\u0131l\u0131n"},"content":{"rendered":"<p><span style=\"font-weight: 400;\">Rattan mobilyalar, do\u011fall\u0131\u011f\u0131, esteti\u011fi ve tropikal atmosferi ya\u015fam alanlar\u0131na ta\u015f\u0131mas\u0131yla dekorasyon d\u00fcnyas\u0131n\u0131n vazge\u00e7ilmez bir par\u00e7as\u0131d\u0131r. \u00d6zellikle Bali tarz\u0131 tasar\u0131mlar, evlerde huzurlu ve egzotik bir k\u00f6\u015fe olu\u015fturmak isteyenlerin ilk tercihidir. Ancak, do\u011fal bir malzeme olan rattan, uzun \u00f6m\u00fcrl\u00fc olmas\u0131 ve ilk g\u00fcnk\u00fc ihti\u015fam\u0131n\u0131 korumas\u0131 i\u00e7in \u00f6zel bir ilgiye ihtiya\u00e7 duyar. <\/span><a href=\"https:\/\/balidecor.net\/product-category\/sandalyeler\/\"><b>Rattan sandalye bak\u0131m\u0131<\/b><\/a><span style=\"font-weight: 400;\">, do\u011fru y\u00f6ntemlerle yap\u0131ld\u0131\u011f\u0131nda bu \u015f\u0131k par\u00e7alar\u0131 nesiller boyu kullanabilmeniz m\u00fcmk\u00fcnd\u00fcr.<\/span><\/p>\n<p><span style=\"font-weight: 400;\">Bu makalede, rattan mobilyalar\u0131n\u0131z\u0131n bak\u0131m\u0131n\u0131 nas\u0131l yapaca\u011f\u0131n\u0131z\u0131, kar\u015f\u0131la\u015f\u0131labilecek yayg\u0131n sorunlar\u0131 ve Bali tarz\u0131 mobilyalar\u0131n\u0131z\u0131n esteti\u011fini koruman\u0131n profesyonel yollar\u0131n\u0131 detayl\u0131ca inceleyece\u011fiz.<\/span><\/p>\n<h2><b>Rattan Sandalye Bak\u0131m\u0131 Neden \u00d6nemlidir?<\/b><\/h2>\n<p><span style=\"font-weight: 400;\">Rattan, palmiye ailesine ait lifli bir bitkiden elde edilen do\u011fal bir malzemedir. Do\u011fal yap\u0131s\u0131 gere\u011fi nefes alabilir, esnek ve olduk\u00e7a dayan\u0131kl\u0131d\u0131r. Ancak,<\/span><a href=\"https:\/\/www.thespruce.com\/\"> <span style=\"font-weight: 400;\">The Spruce<\/span><\/a><span style=\"font-weight: 400;\"> taraf\u0131ndan da belirtildi\u011fi \u00fczere, do\u011fal lifler \u00e7evresel fakt\u00f6rlere kar\u015f\u0131 hassast\u0131r. Nem, g\u00fcne\u015f \u0131\u015f\u0131\u011f\u0131 ve s\u0131cakl\u0131k de\u011fi\u015fimleri, rattan liflerinin kurumas\u0131na, \u00e7atlamas\u0131na veya renginin solmas\u0131na neden olabilir.<\/span><\/p>\n<p><span style=\"font-weight: 400;\">D\u00fczenli <\/span><a href=\"https:\/\/balidecor.net\/product-category\/sandalyeler\/\"><b>rattan sandalye bak\u0131m\u0131<\/b><\/a><span style=\"font-weight: 400;\">, bu do\u011fal mobilyalar\u0131n esnekli\u011fini korumas\u0131n\u0131 sa\u011flar ve mobilyan\u0131z\u0131n &#8220;ya\u015fayan&#8221; yap\u0131s\u0131n\u0131 destekler. Bali tarz\u0131 el i\u015f\u00e7ili\u011fiyle \u00fcretilen bir mobilyay\u0131 korumak, asl\u0131nda bir sanat eserini korumakla e\u015fde\u011ferdir.<\/span><\/p>\n<h2><b>Ad\u0131m Ad\u0131m Rattan Sandalye Bak\u0131m Rehberi<\/b><\/h2>\n<p><span style=\"font-weight: 400;\">Rattan mobilyalar\u0131n\u0131z\u0131n bak\u0131m\u0131n\u0131 profesyonel bir seviyeye ta\u015f\u0131mak i\u00e7in \u015fu ad\u0131mlar\u0131 takip etmeniz yeterlidir:<\/span><\/p>\n<h3><b>1. D\u00fczenli Toz Alma ve Y\u00fczey Temizli\u011fi<\/b><\/h3>\n<p><span style=\"font-weight: 400;\">Rattan sandalyenizin lif aralar\u0131nda biriken tozlar, zamanla s\u00fcrt\u00fcnmeye ve y\u0131pranmaya neden olabilir. Yumu\u015fak u\u00e7lu bir f\u0131r\u00e7a veya elektrikli s\u00fcp\u00fcrgenizin f\u0131r\u00e7a aparat\u0131n\u0131 kullanarak haftal\u0131k olarak tozlar\u0131 al\u0131n. Hafif kirli y\u00fczeyler i\u00e7in, az miktarda yumu\u015fak sabun ve su kar\u0131\u015f\u0131m\u0131n\u0131 nemli bir bezle uygulayabilirsiniz. Ancak, <\/span><a href=\"https:\/\/balidecor.net\/product-category\/sandalyeler\/\"><b>asla mobilyay\u0131 a\u015f\u0131r\u0131 \u0131slatmay\u0131n.<\/b><\/a><\/p>\n<h3><b>2. Derinlemesine Temizlik ve Bak\u0131m<\/b><\/h3>\n<p><span style=\"font-weight: 400;\">E\u011fer rattan sandalyeniz daha detayl\u0131 bir temizli\u011fe ihtiya\u00e7 duyuyorsa, sirkeli su kar\u0131\u015f\u0131m\u0131 (bir bardak suya bir \u00e7ay ka\u015f\u0131\u011f\u0131 beyaz sirke) harika bir do\u011fal temizleyicidir. Bu kar\u0131\u015f\u0131m, rattan \u00fczerindeki lekeleri \u00e7\u0131karmakla kalmaz, ayn\u0131 zamanda parlakl\u0131\u011f\u0131n\u0131 da korur.<\/span><a href=\"https:\/\/www.architecturaldigest.com\/\"> <span style=\"font-weight: 400;\">Architectural Digest<\/span><\/a><span style=\"font-weight: 400;\"> gibi otoriteler, do\u011fal lifleri temizlemek i\u00e7in kimyasal i\u00e7ermeyen, organik \u00e7\u00f6z\u00fcc\u00fclerin kullan\u0131lmas\u0131n\u0131 \u00f6nermektedir.<\/span><\/p>\n<h3><b>3. Nemlendirme ve Besleme<\/b><\/h3>\n<p><span style=\"font-weight: 400;\">Rattan do\u011fal bir bitki oldu\u011fu i\u00e7in zamanla kuruyabilir ve gevrek hale gelebilir. Sandalyelerinizin \u00e7atlamas\u0131n\u0131 \u00f6nlemek i\u00e7in y\u0131lda en az bir veya iki kez, y\u00fczeylerini hafif bir mobilya ya\u011f\u0131 (keten ya\u011f\u0131 veya \u00f6zel rattan bak\u0131m ya\u011flar\u0131) ile ya\u011flay\u0131n. Bu i\u015flem, liflerin esnek kalmas\u0131n\u0131 sa\u011flar ve <\/span><a href=\"https:\/\/balidecor.net\/\"><b>Bali Decor<\/b><\/a><span style=\"font-weight: 400;\"> koleksiyonundaki \u00fcr\u00fcnlerinizin \u00f6mr\u00fcn\u00fc uzat\u0131r.<\/span><\/p>\n<h2><b>Rattan Mobilyalar \u0130\u00e7in Koruyucu \u0130pu\u00e7lar\u0131<\/b><\/h2>\n<p><span style=\"font-weight: 400;\">Bak\u0131m\u0131n yan\u0131 s\u0131ra, do\u011fru kullan\u0131m da mobilyalar\u0131n\u0131z\u0131n \u00f6mr\u00fcn\u00fc do\u011frudan etkiler.<\/span><\/p>\n<ul>\n<li style=\"font-weight: 400;\" aria-level=\"1\"><b>G\u00fcne\u015f I\u015f\u0131\u011f\u0131ndan Koruyun:<\/b><span style=\"font-weight: 400;\"> Do\u011frudan ve yo\u011fun g\u00fcne\u015f \u0131\u015f\u0131\u011f\u0131, rattan liflerinin rengini soldurur ve kurumas\u0131na neden olur. E\u011fer rattan sandalyenizi balkonda kullan\u0131yorsan\u0131z, g\u00fcne\u015fin en dik geldi\u011fi saatlerde g\u00f6lgeli bir alana almay\u0131 deneyin.<\/span><\/li>\n<li style=\"font-weight: 400;\" aria-level=\"1\"><b>Nem Dengesini Sa\u011flay\u0131n:<\/b><span style=\"font-weight: 400;\"> \u00c7ok kuru ortamlar rattan liflerini k\u0131r\u0131lganla\u015ft\u0131r\u0131r. E\u011fer k\u0131\u015f\u0131n kaloriferli bir evde ya\u015f\u0131yorsan\u0131z, odada bir hava nemlendirici kullanmak rattan sandalyeleriniz i\u00e7in de harika bir koruma sa\u011flar.<\/span><\/li>\n<li style=\"font-weight: 400;\" aria-level=\"1\"><b>A\u011f\u0131rl\u0131k Y\u00f6netimi:<\/b><span style=\"font-weight: 400;\"> Rattan, dayan\u0131kl\u0131 olmas\u0131na ra\u011fmen, mobilyan\u0131n \u00fczerine a\u015f\u0131r\u0131 y\u00fck binmesi \u00f6rg\u00fc yap\u0131s\u0131n\u0131n zamanla esnemesine neden olabilir. Mobilyan\u0131z\u0131 kullan\u0131m amac\u0131na uygun \u015fekilde kullanmaya \u00f6zen g\u00f6sterin.<\/span><\/li>\n<\/ul>\n<h2><b>Bali Tarz\u0131 Rattan Sandalyelerin Esteti\u011fini Korumak<\/b><\/h2>\n<p><a href=\"https:\/\/balidecor.net\/product-category\/sandalyeler\/\"><b>Bali tarz\u0131 rattan sandalye bak\u0131m\u0131<\/b><\/a><span style=\"font-weight: 400;\"><a href=\"https:\/\/balidecor.net\/product-category\/sandalyeler\/\">,<\/a> sadece temizlik de\u011fil, ayn\u0131 zamanda dekoratif dokunu\u015flar\u0131 da i\u00e7erir. Sandalyenizin do\u011fal dokusunu vurgulamak i\u00e7in \u00fczerinde yumu\u015fak keten veya pamuklu minderler kullan\u0131n. Bu minderler, sadece konforu art\u0131rmakla kalmaz, ayn\u0131 zamanda rattan y\u00fczeyinin do\u011frudan s\u00fcrt\u00fcnmesini engelleyerek koruma sa\u011flar.<\/span><\/p>\n<h2><b>S\u0131k\u00e7a Sorulan Sorular (FAQ)<\/b><\/h2>\n<ol>\n<li><b> Rattan sandalyemi d\u0131\u015f mekanda kullanabilir miyim?<\/b><\/li>\n<\/ol>\n<p><span style=\"font-weight: 400;\">Evet, ancak do\u011frudan ya\u011fmur ve sert g\u00fcne\u015f \u0131\u015f\u0131\u011f\u0131ndan koruman\u0131z \u015fart\u0131yla. D\u0131\u015f mekanda kullan\u0131yorsan\u0131z, k\u0131\u015f\u0131n i\u00e7eri alman\u0131z mobilyan\u0131z\u0131n \u00f6mr\u00fcn\u00fc ciddi oranda uzat\u0131r.<\/span><\/p>\n<ol start=\"2\">\n<li><b> Rattan liflerinde \u00e7atlaklar olu\u015ftu, ne yapmal\u0131y\u0131m?<\/b><\/li>\n<\/ol>\n<p><span style=\"font-weight: 400;\">E\u011fer k\u00fc\u00e7\u00fck \u00e7atlaklar olu\u015ftuysa, biraz mobilya ya\u011f\u0131 s\u00fcrerek nemlendirmeyi deneyin. \u00c7ok derin \u00e7atlaklar i\u00e7in profesyonel bir restorasyon gerekebilir.<\/span><\/p>\n<ol start=\"3\">\n<li><b> Rattan sandalyem \u0131slan\u0131rsa ne yapmal\u0131y\u0131m?<\/b><\/li>\n<\/ol>\n<p><span style=\"font-weight: 400;\">Hemen kuru bir bezle suyunu al\u0131n ve havadar bir ortamda tamamen kurumaya b\u0131rak\u0131n. Direkt g\u00fcne\u015f alt\u0131na de\u011fil, g\u00f6lgede kurutmak liflerin dengeli kurumas\u0131n\u0131 sa\u011flar.<\/span><\/p>\n<ol start=\"4\">\n<li><b> Rattan mobilyalar i\u00e7in kimyasal temizleyici kullan\u0131labilir mi?<\/b><\/li>\n<\/ol>\n<p><span style=\"font-weight: 400;\">Hay\u0131r, sert kimyasallar ve a\u011fart\u0131c\u0131lar do\u011fal liflere zarar verir. Her zaman yumu\u015fak sabun veya do\u011fal temizleyiciler tercih edin.<\/span><\/p>\n<ol start=\"5\">\n<li><b> Bali Decor \u00fcr\u00fcnleri \u00f6zel bir bak\u0131m gerektirir mi?<\/b><\/li>\n<\/ol>\n<p><a href=\"https:\/\/balidecor.net\/\"><b>Bali Decor<\/b><\/a><span style=\"font-weight: 400;\">&#8216;un el i\u015f\u00e7ili\u011fiyle \u00fcretilen \u00fcr\u00fcnleri do\u011fal dokulara sahip oldu\u011fu i\u00e7in, yukar\u0131da belirtilen do\u011fal bak\u0131m y\u00f6ntemleri mobilyalar\u0131n\u0131z\u0131n formunu korumas\u0131 i\u00e7in yeterlidir.<\/span><\/p>\n<h2><b>Mobilyalar\u0131n\u0131z\u0131n I\u015f\u0131lt\u0131s\u0131n\u0131 Koruyun!<\/b><\/h2>\n<p><span style=\"font-weight: 400;\">Rattan mobilyalar\u0131n\u0131z, evinizin do\u011fal ruhunu yans\u0131tan en de\u011ferli par\u00e7alard\u0131r. Onlara g\u00f6sterece\u011finiz \u00f6zenli bak\u0131m, size konfor ve estetik olarak geri d\u00f6necektir. Bali\u2019nin mistik dokunu\u015funu evinizde uzun y\u0131llar boyunca taze tutmak i\u00e7in bak\u0131m rutininizi aksatmay\u0131n.<\/span><\/p>\n<p><b>Evinizi Yenilemek \u0130\u00e7in \u015eimdi Ke\u015ffedin!<\/b><\/p>\n<p><span style=\"font-weight: 400;\">Bak\u0131m kolayl\u0131\u011f\u0131 ve y\u00fcksek kaliteli el i\u015f\u00e7ili\u011fiyle tasarlanm\u0131\u015f en \u015f\u0131k rattan sandalye modellerimiz i\u00e7in<\/span><a href=\"https:\/\/balidecor.net\/\"> <span style=\"font-weight: 400;\">Balidecor.net<\/span><\/a><span style=\"font-weight: 400;\"> adresini ziyaret edin. Do\u011fal ya\u015fam\u0131n huzurunu evinize ta\u015f\u0131y\u0131n!<\/span><\/p>","protected":false},"excerpt":{"rendered":"<p>Rattan mobilyalar, do\u011fall\u0131\u011f\u0131, esteti\u011fi ve tropikal atmosferi ya\u015fam alanlar\u0131na ta\u015f\u0131mas\u0131yla dekorasyon d\u00fcnyas\u0131n\u0131n vazge\u00e7ilmez bir par\u00e7as\u0131d\u0131r. \u00d6zellikle Bali tarz\u0131 tasar\u0131mlar, evlerde huzurlu ve egzotik bir k\u00f6\u015fe olu\u015fturmak isteyenlerin ilk tercihidir. Ancak, do\u011fal bir malzeme olan rattan, uzun \u00f6m\u00fcrl\u00fc olmas\u0131 ve ilk g\u00fcnk\u00fc ihti\u015fam\u0131n\u0131 korumas\u0131 i\u00e7in \u00f6zel bir ilgiye ihtiya\u00e7 duyar. Rattan sandalye bak\u0131m\u0131, do\u011fru y\u00f6ntemlerle yap\u0131ld\u0131\u011f\u0131nda [&hellip;]<\/p>","protected":false},"author":7,"featured_media":3835,"comment_status":"open","ping_status":"open","sticky":false,"template":"","format":"standard","meta":{"_monsterinsights_skip_tracking":false,"_monsterinsights_sitenote_active":false,"_monsterinsights_sitenote_note":"","_monsterinsights_sitenote_category":0,"footnotes":""},"categories":[369],"tags":[],"class_list":["post-3834","post","type-post","status-publish","format-standard","has-post-thumbnail","hentry","category-rattan-dekorasyon"],"yoast_head":"<!-- This site is optimized with the Yoast SEO plugin v26.7 - https:\/\/yoast.com\/wordpress\/plugins\/seo\/ -->\n<title>Rattan Sandalye Bak\u0131m\u0131: Bali Tarz\u0131 Mobilyalar\u0131n\u0131z\u0131 Uzun \u00d6m\u00fcrl\u00fc K\u0131l\u0131n - Bali Decor<\/title>\n<meta name=\"description\" content=\"Rattan sandalye bak\u0131m\u0131 nas\u0131l yap\u0131l\u0131r? Bali tarz\u0131 rattan mobilyalar\u0131n\u0131z\u0131n \u00f6mr\u00fcn\u00fc uzatacak profesyonel ipu\u00e7lar\u0131 i\u00e7in Balidecor.net&#039;i ziyaret edin.\" \/>\n<meta name=\"robots\" content=\"index, follow, max-snippet:-1, max-image-preview:large, max-video-preview:-1\" \/>\n<link rel=\"canonical\" href=\"https:\/\/balidecor.net\/en\/rattan-dekorasyon\/rattan-sandalye-bakimi-bali-tarzi-mobilyalarinizi-uzun-omurlu-kilin\/\" \/>\n<meta property=\"og:locale\" content=\"en_US\" \/>\n<meta property=\"og:type\" content=\"article\" \/>\n<meta property=\"og:title\" content=\"Rattan Sandalye Bak\u0131m\u0131: Bali Tarz\u0131 Mobilyalar\u0131n\u0131z\u0131 Uzun \u00d6m\u00fcrl\u00fc K\u0131l\u0131n - Bali Decor\" \/>\n<meta property=\"og:description\" content=\"Rattan sandalye bak\u0131m\u0131 nas\u0131l yap\u0131l\u0131r? Bali tarz\u0131 rattan mobilyalar\u0131n\u0131z\u0131n \u00f6mr\u00fcn\u00fc uzatacak profesyonel ipu\u00e7lar\u0131 i\u00e7in Balidecor.net&#039;i ziyaret edin.\" \/>\n<meta property=\"og:url\" content=\"https:\/\/balidecor.net\/en\/rattan-dekorasyon\/rattan-sandalye-bakimi-bali-tarzi-mobilyalarinizi-uzun-omurlu-kilin\/\" \/>\n<meta property=\"og:site_name\" content=\"Bali Decor\" \/>\n<meta property=\"article:published_time\" content=\"2026-04-26T07:57:30+00:00\" \/>\n<meta property=\"og:image\" content=\"https:\/\/balidecor.net\/wp-content\/uploads\/2026\/04\/Rattan-Sandalye-Bakimi-Bali-Tarzi-Mobilyalarinizi-Uzun-Omurlu-Kilin.jpg\" \/>\n\t<meta property=\"og:image:width\" content=\"1279\" \/>\n\t<meta property=\"og:image:height\" content=\"853\" \/>\n\t<meta property=\"og:image:type\" content=\"image\/jpeg\" \/>\n<meta name=\"author\" content=\"Makale Yazar\u0131\" \/>\n<meta name=\"twitter:card\" content=\"summary_large_image\" \/>\n<meta name=\"twitter:label1\" content=\"Written by\" \/>\n\t<meta name=\"twitter:data1\" content=\"Makale Yazar\u0131\" \/>\n\t<meta name=\"twitter:label2\" content=\"Est. reading time\" \/>\n\t<meta name=\"twitter:data2\" content=\"4 minutes\" \/>\n<script type=\"application\/ld+json\" class=\"yoast-schema-graph\">{\"@context\":\"https:\/\/schema.org\",\"@graph\":[{\"@type\":\"Article\",\"@id\":\"https:\/\/balidecor.net\/rattan-dekorasyon\/rattan-sandalye-bakimi-bali-tarzi-mobilyalarinizi-uzun-omurlu-kilin\/#article\",\"isPartOf\":{\"@id\":\"https:\/\/balidecor.net\/rattan-dekorasyon\/rattan-sandalye-bakimi-bali-tarzi-mobilyalarinizi-uzun-omurlu-kilin\/\"},\"author\":{\"name\":\"Makale Yazar\u0131\",\"@id\":\"https:\/\/balidecor.net\/#\/schema\/person\/8ab1353c2bf9c58033023788ce17a205\"},\"headline\":\"Rattan Sandalye Bak\u0131m\u0131: Bali Tarz\u0131 Mobilyalar\u0131n\u0131z\u0131 Uzun \u00d6m\u00fcrl\u00fc K\u0131l\u0131n\",\"datePublished\":\"2026-04-26T07:57:30+00:00\",\"mainEntityOfPage\":{\"@id\":\"https:\/\/balidecor.net\/rattan-dekorasyon\/rattan-sandalye-bakimi-bali-tarzi-mobilyalarinizi-uzun-omurlu-kilin\/\"},\"wordCount\":1024,\"commentCount\":0,\"publisher\":{\"@id\":\"https:\/\/balidecor.net\/#organization\"},\"image\":{\"@id\":\"https:\/\/balidecor.net\/rattan-dekorasyon\/rattan-sandalye-bakimi-bali-tarzi-mobilyalarinizi-uzun-omurlu-kilin\/#primaryimage\"},\"thumbnailUrl\":\"https:\/\/balidecor.net\/wp-content\/uploads\/2026\/04\/Rattan-Sandalye-Bakimi-Bali-Tarzi-Mobilyalarinizi-Uzun-Omurlu-Kilin.jpg\",\"articleSection\":[\"Rattan\"],\"inLanguage\":\"en-US\",\"potentialAction\":[{\"@type\":\"CommentAction\",\"name\":\"Comment\",\"target\":[\"https:\/\/balidecor.net\/rattan-dekorasyon\/rattan-sandalye-bakimi-bali-tarzi-mobilyalarinizi-uzun-omurlu-kilin\/#respond\"]}]},{\"@type\":\"WebPage\",\"@id\":\"https:\/\/balidecor.net\/rattan-dekorasyon\/rattan-sandalye-bakimi-bali-tarzi-mobilyalarinizi-uzun-omurlu-kilin\/\",\"url\":\"https:\/\/balidecor.net\/rattan-dekorasyon\/rattan-sandalye-bakimi-bali-tarzi-mobilyalarinizi-uzun-omurlu-kilin\/\",\"name\":\"Rattan Sandalye Bak\u0131m\u0131: Bali Tarz\u0131 Mobilyalar\u0131n\u0131z\u0131 Uzun \u00d6m\u00fcrl\u00fc K\u0131l\u0131n - Bali Decor\",\"isPartOf\":{\"@id\":\"https:\/\/balidecor.net\/#website\"},\"primaryImageOfPage\":{\"@id\":\"https:\/\/balidecor.net\/rattan-dekorasyon\/rattan-sandalye-bakimi-bali-tarzi-mobilyalarinizi-uzun-omurlu-kilin\/#primaryimage\"},\"image\":{\"@id\":\"https:\/\/balidecor.net\/rattan-dekorasyon\/rattan-sandalye-bakimi-bali-tarzi-mobilyalarinizi-uzun-omurlu-kilin\/#primaryimage\"},\"thumbnailUrl\":\"https:\/\/balidecor.net\/wp-content\/uploads\/2026\/04\/Rattan-Sandalye-Bakimi-Bali-Tarzi-Mobilyalarinizi-Uzun-Omurlu-Kilin.jpg\",\"datePublished\":\"2026-04-26T07:57:30+00:00\",\"description\":\"Rattan sandalye bak\u0131m\u0131 nas\u0131l yap\u0131l\u0131r? Bali tarz\u0131 rattan mobilyalar\u0131n\u0131z\u0131n \u00f6mr\u00fcn\u00fc uzatacak profesyonel ipu\u00e7lar\u0131 i\u00e7in Balidecor.net'i ziyaret edin.\",\"breadcrumb\":{\"@id\":\"https:\/\/balidecor.net\/rattan-dekorasyon\/rattan-sandalye-bakimi-bali-tarzi-mobilyalarinizi-uzun-omurlu-kilin\/#breadcrumb\"},\"inLanguage\":\"en-US\",\"potentialAction\":[{\"@type\":\"ReadAction\",\"target\":[\"https:\/\/balidecor.net\/rattan-dekorasyon\/rattan-sandalye-bakimi-bali-tarzi-mobilyalarinizi-uzun-omurlu-kilin\/\"]}]},{\"@type\":\"ImageObject\",\"inLanguage\":\"en-US\",\"@id\":\"https:\/\/balidecor.net\/rattan-dekorasyon\/rattan-sandalye-bakimi-bali-tarzi-mobilyalarinizi-uzun-omurlu-kilin\/#primaryimage\",\"url\":\"https:\/\/balidecor.net\/wp-content\/uploads\/2026\/04\/Rattan-Sandalye-Bakimi-Bali-Tarzi-Mobilyalarinizi-Uzun-Omurlu-Kilin.jpg\",\"contentUrl\":\"https:\/\/balidecor.net\/wp-content\/uploads\/2026\/04\/Rattan-Sandalye-Bakimi-Bali-Tarzi-Mobilyalarinizi-Uzun-Omurlu-Kilin.jpg\",\"width\":1279,\"height\":853,\"caption\":\"Rattan Sandalye Bak\u0131m\u0131: Rattan Sandalye Bak\u0131m\u0131 Bali Decor\"},{\"@type\":\"BreadcrumbList\",\"@id\":\"https:\/\/balidecor.net\/rattan-dekorasyon\/rattan-sandalye-bakimi-bali-tarzi-mobilyalarinizi-uzun-omurlu-kilin\/#breadcrumb\",\"itemListElement\":[{\"@type\":\"ListItem\",\"position\":1,\"name\":\"Ev\",\"item\":\"https:\/\/balidecor.net\/\"},{\"@type\":\"ListItem\",\"position\":2,\"name\":\"Rattan\",\"item\":\"https:\/\/balidecor.net\/blog\/rattan-dekorasyon\/\"},{\"@type\":\"ListItem\",\"position\":3,\"name\":\"Rattan Sandalye Bak\u0131m\u0131: Bali Tarz\u0131 Mobilyalar\u0131n\u0131z\u0131 Uzun \u00d6m\u00fcrl\u00fc K\u0131l\u0131n\"}]},{\"@type\":\"WebSite\",\"@id\":\"https:\/\/balidecor.net\/#website\",\"url\":\"https:\/\/balidecor.net\/\",\"name\":\"Bali Decor\",\"description\":\"\",\"publisher\":{\"@id\":\"https:\/\/balidecor.net\/#organization\"},\"potentialAction\":[{\"@type\":\"SearchAction\",\"target\":{\"@type\":\"EntryPoint\",\"urlTemplate\":\"https:\/\/balidecor.net\/?s={search_term_string}\"},\"query-input\":{\"@type\":\"PropertyValueSpecification\",\"valueRequired\":true,\"valueName\":\"search_term_string\"}}],\"inLanguage\":\"en-US\"},{\"@type\":\"Organization\",\"@id\":\"https:\/\/balidecor.net\/#organization\",\"name\":\"Bali Decor\",\"url\":\"https:\/\/balidecor.net\/\",\"logo\":{\"@type\":\"ImageObject\",\"inLanguage\":\"en-US\",\"@id\":\"https:\/\/balidecor.net\/#\/schema\/logo\/image\/\",\"url\":\"https:\/\/balidecor.net\/wp-content\/uploads\/2024\/02\/cropped-cropped-cropped-Rectangle-3-1-1-2.png\",\"contentUrl\":\"https:\/\/balidecor.net\/wp-content\/uploads\/2024\/02\/cropped-cropped-cropped-Rectangle-3-1-1-2.png\",\"width\":149,\"height\":109,\"caption\":\"Bali Decor\"},\"image\":{\"@id\":\"https:\/\/balidecor.net\/#\/schema\/logo\/image\/\"},\"sameAs\":[\"https:\/\/www.instagram.com\/baliidecor\"]},{\"@type\":\"Person\",\"@id\":\"https:\/\/balidecor.net\/#\/schema\/person\/8ab1353c2bf9c58033023788ce17a205\",\"name\":\"Makale Yazar\u0131\",\"image\":{\"@type\":\"ImageObject\",\"inLanguage\":\"en-US\",\"@id\":\"https:\/\/balidecor.net\/#\/schema\/person\/image\/\",\"url\":\"https:\/\/secure.gravatar.com\/avatar\/5610bfc077a10e3f8ae54912f2c036324c29932b055586c3f2faa7ace096798d?s=96&d=mm&r=g\",\"contentUrl\":\"https:\/\/secure.gravatar.com\/avatar\/5610bfc077a10e3f8ae54912f2c036324c29932b055586c3f2faa7ace096798d?s=96&d=mm&r=g\",\"caption\":\"Makale Yazar\u0131\"},\"sameAs\":[\"https:\/\/balidecor.net\/\"],\"url\":\"https:\/\/balidecor.net\/en\/author\/makaleyazari\/\"}]}<\/script>\n<!-- \/ Yoast SEO plugin. -->","yoast_head_json":{"title":"Rattan Sandalye Bak\u0131m\u0131: Bali Tarz\u0131 Mobilyalar\u0131n\u0131z\u0131 Uzun \u00d6m\u00fcrl\u00fc K\u0131l\u0131n - Bali Decor","description":"Rattan sandalye bak\u0131m\u0131 nas\u0131l yap\u0131l\u0131r? Bali tarz\u0131 rattan mobilyalar\u0131n\u0131z\u0131n \u00f6mr\u00fcn\u00fc uzatacak profesyonel ipu\u00e7lar\u0131 i\u00e7in Balidecor.net'i ziyaret edin.","robots":{"index":"index","follow":"follow","max-snippet":"max-snippet:-1","max-image-preview":"max-image-preview:large","max-video-preview":"max-video-preview:-1"},"canonical":"https:\/\/balidecor.net\/en\/rattan-dekorasyon\/rattan-sandalye-bakimi-bali-tarzi-mobilyalarinizi-uzun-omurlu-kilin\/","og_locale":"en_US","og_type":"article","og_title":"Rattan Sandalye Bak\u0131m\u0131: Bali Tarz\u0131 Mobilyalar\u0131n\u0131z\u0131 Uzun \u00d6m\u00fcrl\u00fc K\u0131l\u0131n - Bali Decor","og_description":"Rattan sandalye bak\u0131m\u0131 nas\u0131l yap\u0131l\u0131r? Bali tarz\u0131 rattan mobilyalar\u0131n\u0131z\u0131n \u00f6mr\u00fcn\u00fc uzatacak profesyonel ipu\u00e7lar\u0131 i\u00e7in Balidecor.net'i ziyaret edin.","og_url":"https:\/\/balidecor.net\/en\/rattan-dekorasyon\/rattan-sandalye-bakimi-bali-tarzi-mobilyalarinizi-uzun-omurlu-kilin\/","og_site_name":"Bali Decor","article_published_time":"2026-04-26T07:57:30+00:00","og_image":[{"width":1279,"height":853,"url":"https:\/\/balidecor.net\/wp-content\/uploads\/2026\/04\/Rattan-Sandalye-Bakimi-Bali-Tarzi-Mobilyalarinizi-Uzun-Omurlu-Kilin.jpg","type":"image\/jpeg"}],"author":"Makale Yazar\u0131","twitter_card":"summary_large_image","twitter_misc":{"Written by":"Makale Yazar\u0131","Est. reading time":"4 minutes"},"schema":{"@context":"https:\/\/schema.org","@graph":[{"@type":"Article","@id":"https:\/\/balidecor.net\/rattan-dekorasyon\/rattan-sandalye-bakimi-bali-tarzi-mobilyalarinizi-uzun-omurlu-kilin\/#article","isPartOf":{"@id":"https:\/\/balidecor.net\/rattan-dekorasyon\/rattan-sandalye-bakimi-bali-tarzi-mobilyalarinizi-uzun-omurlu-kilin\/"},"author":{"name":"Makale Yazar\u0131","@id":"https:\/\/balidecor.net\/#\/schema\/person\/8ab1353c2bf9c58033023788ce17a205"},"headline":"Rattan Sandalye Bak\u0131m\u0131: Bali Tarz\u0131 Mobilyalar\u0131n\u0131z\u0131 Uzun \u00d6m\u00fcrl\u00fc K\u0131l\u0131n","datePublished":"2026-04-26T07:57:30+00:00","mainEntityOfPage":{"@id":"https:\/\/balidecor.net\/rattan-dekorasyon\/rattan-sandalye-bakimi-bali-tarzi-mobilyalarinizi-uzun-omurlu-kilin\/"},"wordCount":1024,"commentCount":0,"publisher":{"@id":"https:\/\/balidecor.net\/#organization"},"image":{"@id":"https:\/\/balidecor.net\/rattan-dekorasyon\/rattan-sandalye-bakimi-bali-tarzi-mobilyalarinizi-uzun-omurlu-kilin\/#primaryimage"},"thumbnailUrl":"https:\/\/balidecor.net\/wp-content\/uploads\/2026\/04\/Rattan-Sandalye-Bakimi-Bali-Tarzi-Mobilyalarinizi-Uzun-Omurlu-Kilin.jpg","articleSection":["Rattan"],"inLanguage":"en-US","potentialAction":[{"@type":"CommentAction","name":"Comment","target":["https:\/\/balidecor.net\/rattan-dekorasyon\/rattan-sandalye-bakimi-bali-tarzi-mobilyalarinizi-uzun-omurlu-kilin\/#respond"]}]},{"@type":"WebPage","@id":"https:\/\/balidecor.net\/rattan-dekorasyon\/rattan-sandalye-bakimi-bali-tarzi-mobilyalarinizi-uzun-omurlu-kilin\/","url":"https:\/\/balidecor.net\/rattan-dekorasyon\/rattan-sandalye-bakimi-bali-tarzi-mobilyalarinizi-uzun-omurlu-kilin\/","name":"Rattan Sandalye Bak\u0131m\u0131: Bali Tarz\u0131 Mobilyalar\u0131n\u0131z\u0131 Uzun \u00d6m\u00fcrl\u00fc K\u0131l\u0131n - Bali Decor","isPartOf":{"@id":"https:\/\/balidecor.net\/#website"},"primaryImageOfPage":{"@id":"https:\/\/balidecor.net\/rattan-dekorasyon\/rattan-sandalye-bakimi-bali-tarzi-mobilyalarinizi-uzun-omurlu-kilin\/#primaryimage"},"image":{"@id":"https:\/\/balidecor.net\/rattan-dekorasyon\/rattan-sandalye-bakimi-bali-tarzi-mobilyalarinizi-uzun-omurlu-kilin\/#primaryimage"},"thumbnailUrl":"https:\/\/balidecor.net\/wp-content\/uploads\/2026\/04\/Rattan-Sandalye-Bakimi-Bali-Tarzi-Mobilyalarinizi-Uzun-Omurlu-Kilin.jpg","datePublished":"2026-04-26T07:57:30+00:00","description":"Rattan sandalye bak\u0131m\u0131 nas\u0131l yap\u0131l\u0131r? Bali tarz\u0131 rattan mobilyalar\u0131n\u0131z\u0131n \u00f6mr\u00fcn\u00fc uzatacak profesyonel ipu\u00e7lar\u0131 i\u00e7in Balidecor.net'i ziyaret edin.","breadcrumb":{"@id":"https:\/\/balidecor.net\/rattan-dekorasyon\/rattan-sandalye-bakimi-bali-tarzi-mobilyalarinizi-uzun-omurlu-kilin\/#breadcrumb"},"inLanguage":"en-US","potentialAction":[{"@type":"ReadAction","target":["https:\/\/balidecor.net\/rattan-dekorasyon\/rattan-sandalye-bakimi-bali-tarzi-mobilyalarinizi-uzun-omurlu-kilin\/"]}]},{"@type":"ImageObject","inLanguage":"en-US","@id":"https:\/\/balidecor.net\/rattan-dekorasyon\/rattan-sandalye-bakimi-bali-tarzi-mobilyalarinizi-uzun-omurlu-kilin\/#primaryimage","url":"https:\/\/balidecor.net\/wp-content\/uploads\/2026\/04\/Rattan-Sandalye-Bakimi-Bali-Tarzi-Mobilyalarinizi-Uzun-Omurlu-Kilin.jpg","contentUrl":"https:\/\/balidecor.net\/wp-content\/uploads\/2026\/04\/Rattan-Sandalye-Bakimi-Bali-Tarzi-Mobilyalarinizi-Uzun-Omurlu-Kilin.jpg","width":1279,"height":853,"caption":"Rattan Sandalye Bak\u0131m\u0131: Rattan Sandalye Bak\u0131m\u0131 Bali Decor"},{"@type":"BreadcrumbList","@id":"https:\/\/balidecor.net\/rattan-dekorasyon\/rattan-sandalye-bakimi-bali-tarzi-mobilyalarinizi-uzun-omurlu-kilin\/#breadcrumb","itemListElement":[{"@type":"ListItem","position":1,"name":"Ev","item":"https:\/\/balidecor.net\/"},{"@type":"ListItem","position":2,"name":"Rattan","item":"https:\/\/balidecor.net\/blog\/rattan-dekorasyon\/"},{"@type":"ListItem","position":3,"name":"Rattan Sandalye Bak\u0131m\u0131: Bali Tarz\u0131 Mobilyalar\u0131n\u0131z\u0131 Uzun \u00d6m\u00fcrl\u00fc K\u0131l\u0131n"}]},{"@type":"WebSite","@id":"https:\/\/balidecor.net\/#website","url":"https:\/\/balidecor.net\/","name":"Bali Decor","description":"","publisher":{"@id":"https:\/\/balidecor.net\/#organization"},"potentialAction":[{"@type":"SearchAction","target":{"@type":"EntryPoint","urlTemplate":"https:\/\/balidecor.net\/?s={search_term_string}"},"query-input":{"@type":"PropertyValueSpecification","valueRequired":true,"valueName":"search_term_string"}}],"inLanguage":"en-US"},{"@type":"Organization","@id":"https:\/\/balidecor.net\/#organization","name":"Bali Decor","url":"https:\/\/balidecor.net\/","logo":{"@type":"ImageObject","inLanguage":"en-US","@id":"https:\/\/balidecor.net\/#\/schema\/logo\/image\/","url":"https:\/\/balidecor.net\/wp-content\/uploads\/2024\/02\/cropped-cropped-cropped-Rectangle-3-1-1-2.png","contentUrl":"https:\/\/balidecor.net\/wp-content\/uploads\/2024\/02\/cropped-cropped-cropped-Rectangle-3-1-1-2.png","width":149,"height":109,"caption":"Bali Decor"},"image":{"@id":"https:\/\/balidecor.net\/#\/schema\/logo\/image\/"},"sameAs":["https:\/\/www.instagram.com\/baliidecor"]},{"@type":"Person","@id":"https:\/\/balidecor.net\/#\/schema\/person\/8ab1353c2bf9c58033023788ce17a205","name":"Makale Yazar\u0131","image":{"@type":"ImageObject","inLanguage":"en-US","@id":"https:\/\/balidecor.net\/#\/schema\/person\/image\/","url":"https:\/\/secure.gravatar.com\/avatar\/5610bfc077a10e3f8ae54912f2c036324c29932b055586c3f2faa7ace096798d?s=96&d=mm&r=g","contentUrl":"https:\/\/secure.gravatar.com\/avatar\/5610bfc077a10e3f8ae54912f2c036324c29932b055586c3f2faa7ace096798d?s=96&d=mm&r=g","caption":"Makale Yazar\u0131"},"sameAs":["https:\/\/balidecor.net\/"],"url":"https:\/\/balidecor.net\/en\/author\/makaleyazari\/"}]}},"_links":{"self":[{"href":"https:\/\/balidecor.net\/en\/wp-json\/wp\/v2\/posts\/3834","targetHints":{"allow":["GET"]}}],"collection":[{"href":"https:\/\/balidecor.net\/en\/wp-json\/wp\/v2\/posts"}],"about":[{"href":"https:\/\/balidecor.net\/en\/wp-json\/wp\/v2\/types\/post"}],"author":[{"embeddable":true,"href":"https:\/\/balidecor.net\/en\/wp-json\/wp\/v2\/users\/7"}],"replies":[{"embeddable":true,"href":"https:\/\/balidecor.net\/en\/wp-json\/wp\/v2\/comments?post=3834"}],"version-history":[{"count":1,"href":"https:\/\/balidecor.net\/en\/wp-json\/wp\/v2\/posts\/3834\/revisions"}],"predecessor-version":[{"id":3836,"href":"https:\/\/balidecor.net\/en\/wp-json\/wp\/v2\/posts\/3834\/revisions\/3836"}],"wp:featuredmedia":[{"embeddable":true,"href":"https:\/\/balidecor.net\/en\/wp-json\/wp\/v2\/media\/3835"}],"wp:attachment":[{"href":"https:\/\/balidecor.net\/en\/wp-json\/wp\/v2\/media?parent=3834"}],"wp:term":[{"taxonomy":"category","embeddable":true,"href":"https:\/\/balidecor.net\/en\/wp-json\/wp\/v2\/categories?post=3834"},{"taxonomy":"post_tag","embeddable":true,"href":"https:\/\/balidecor.net\/en\/wp-json\/wp\/v2\/tags?post=3834"}],"curies":[{"name":"wp","href":"https:\/\/api.w.org\/{rel}","templated":true}]}}